{"id":564987,"date":"2025-11-28T18:00:24","date_gmt":"2025-11-28T18:00:24","guid":{"rendered":"https:\/\/www.europesays.com\/fr\/564987\/"},"modified":"2025-11-28T18:00:24","modified_gmt":"2025-11-28T18:00:24","slug":"cadeaux-de-noel-black-friday-voici-les-magasins-ouverts-dimanche-30-novembre-dans-la-metropole-de-lille","status":"publish","type":"post","link":"https:\/\/www.europesays.com\/fr\/564987\/","title":{"rendered":"Cadeaux de No\u00ebl, Black Friday&#8230; Voici les magasins ouverts dimanche 30 novembre dans la m\u00e9tropole de Lille"},"content":{"rendered":"<p>                    Par<br \/>\n        <strong><br \/>\n            <a href=\"https:\/\/actu.fr\/auteur\/hervine-mahaud\" title=\"Consulter tous les articles de Hervine Mahaud\" target=\"_blank\" rel=\"noopener\">Hervine Mahaud<\/a><br \/>\n                    <\/strong><\/p>\n<p>        Publi\u00e9 le<\/p>\n<p>            28 nov. 2025 \u00e0 18h28        <\/p>\n<p>Vous \u00eates en train de faire vos <b>cadeaux <\/b>de <a href=\"https:\/\/actu.fr\/tag\/noel\" target=\"_blank\" rel=\"noopener\">No\u00ebl<\/a> ? Bonne nouvelle : ce <b>dimanche 30 novembre 2025<\/b>, <b>de nombreux commerces seront ouverts<\/b> dans la m\u00e9tropole de <a href=\"https:\/\/actu.fr\/lille\/\" target=\"_blank\" rel=\"noopener\">Lille<\/a>. La r\u00e9dac\u2019 vous dresse une liste (non exhaustive) des<b> magasins et boutiques<\/b> pr\u00eats \u00e0 vous accueillir.<\/p>\n<p>Les magasins ouverts \u00e0 Lille<\/p>\n<p class=\" wall-content\">Une chose est s\u00fbre : il devrait y avoir du monde dans les rues de Lille ce dimanche. Car beaucoup de magasins, qui proposent les <b>promos du Black Friday<\/b>, seront ouverts. De quoi vous permettre de remplir votre liste de No\u00ebl tout en faisant des bonnes affaires.<\/p>\n<p class=\" wall-content\">Sans pouvoir tous les citer, voici les magasins pr\u00eats \u00e0 vous accueillir, ainsi que leurs horaires :\u00a0<\/p>\n<ul class=\" wall-content\">\n<li><a href=\"https:\/\/actu.fr\/hauts-de-france\/lille_59350\/lille-6-nouvelles-boutiques-et-3-demenagements-au-centre-commercial-westfield-euralille_63335547.html\" target=\"_blank\" rel=\"noopener\">Westfield Euralille<\/a> : les boutiques de 10h \u00e0 19h, Carrefour 9h \u00e0 19h ;<\/li>\n<li><a href=\"https:\/\/actu.fr\/hauts-de-france\/lille_59350\/lille-reine-des-neiges-stitch-et-piste-de-luge-le-centre-lillenium-fait-le-plein-danimations-pour-noel_63497458.html\" target=\"_blank\" rel=\"noopener\">Lillenium<\/a> : les boutiques de 10h \u00e0 19h, Leclerc de 8h30 \u00e0 19h ;<\/li>\n<li><b>Fnac<\/b> : de 10h \u00e0 19h ;<\/li>\n<li><b>Printemps<\/b>\u00a0: de 10h30 \u00e0 19h30 ;<\/li>\n<li><b>Furet du Nord<\/b> : de 10h \u00e0 19h.<\/li>\n<\/ul>\n<p class=\" wall-content\">Dans le centre-ville (<b>rue de B\u00e9thune, rue Faidherbe, rue Pierre Mauroy, rue du Molinel<\/b>\u2026) et dans le\u00a0<b>Vieux-Lille<\/b>, plusieurs boutiques seront aussi ouvertes toute la journ\u00e9e.\u00a0<\/p>\n<p>Ailleurs dans la m\u00e9tropole lilloise<\/p>\n<p class=\" wall-content\">\u00c0 la recherche de bonnes affaires ? Alors direction\u00a0<a href=\"https:\/\/actu.fr\/hauts-de-france\/roubaix_59512\" target=\"_blank\" rel=\"noopener\">Roubaix<\/a>\u00a0et ses <b>magasins d\u2019usine<\/b>. Les deux <b>centres outlet<\/b> seront ouverts. <a href=\"https:\/\/actu.fr\/hauts-de-france\/roubaix_59512\/roubaix-deux-nouvelles-boutiques-surprenantes-ouvrent-a-mcarthurglen-pile-a-temps-pour-les-cadeaux-de-noel_63382508.html\" target=\"_blank\" rel=\"noopener\">McArthurGlen<\/a> sera ouvert de 10h \u00e0 19h, tout comme <b>L\u2019Usine<\/b>.<\/p>\n<p>Votre r\u00e9gion, votre actu !<\/p>\n<p>Recevez chaque jour les infos qui comptent pour vous.<\/p>\n<p>\t<a href=\"https:\/\/actu.fr\/newsletter\" class=\"ac-btn ac-btn--corner ac-btn--medium ac-btn--blue800\" target=\"_blank\" rel=\"noopener\">S&rsquo;incrire<\/a><\/p>\n<p class=\" wall-content\">Voici les horaires des autres centres commerciaux de la m\u00e9tropole lilloise :<\/p>\n<ul class=\" wall-content\">\n<li><a href=\"https:\/\/actu.fr\/hauts-de-france\/villeneuve-d-ascq_59009\/villeneuve-dascq-voici-les-cinq-nouvelles-boutiques-qui-ont-ouvert-chez-aushopping-v2_63264567.html\" target=\"_blank\" rel=\"noopener\">Centre commercial V2\u00a0Villeneuve-d\u2019Ascq<\/a> : Auchan ouvert de 8h30 \u00e0 13h. Les boutiques seront ouvertes de 10h \u00e0 19h ;<\/li>\n<li><a href=\"https:\/\/actu.fr\/hauts-de-france\/englos_59195\/englos-une-nouvelle-enseigne-ultra-gourmande-sinstalle-dans-le-centre-commercial-aushopping_63480591.html\" target=\"_blank\" rel=\"noopener\">Centre commercial Englos Les G\u00e9ants<\/a>\u00a0: Auchan ouvert de 8h30 \u00e0 20h. La galerie sera ouverte de 9h30 \u00e0 19h ;<\/li>\n<li><b>Centre commercial Faches-Thumesnil<\/b> : Auchan ouvert de 8h30 \u00e0 12h30. Les commerces de la galerie seront ferm\u00e9s ;<\/li>\n<li><b>Centre commercial Leers<\/b> : Auchan ouvert de 8h30 \u00e0 12h30. Les commerces de la galerie seront ferm\u00e9s ;<\/li>\n<li><b>Centre commercial Promenade de Flandre<\/b> : Auchan Roncq ouvert de 8h30 \u00e0 12h30. Les commerces de la galerie seront ferm\u00e9s, ceux de la promenade seront ouverts de 10h \u00e0 19h ;<\/li>\n<li><b>Centre commercial Carrefour Wasquehal<\/b>\u00a0: hypermarch\u00e9 ouvert de 8h30 \u00e0 20h. Les boutiques seront ouvertes.<\/li>\n<\/ul>\n<p class=\" wall-content\">Bon shopping !<\/p>\n<p class=\" wall-content\">Personnalisez votre actualit\u00e9 en ajoutant vos villes et m\u00e9dias en favori avec <a href=\"https:\/\/moncompte.actu.fr\" title=\"D\u00e9couvez Mon Actu\" rel=\"nofollow noopener\" data-trk=\"{&quot;cta&quot;:{&quot;action&quot;:&quot;https:\\\/\\\/moncompte.actu.fr&quot;,&quot;category&quot;:&quot;mon compte&quot;,&quot;from&quot;:&quot;article footer&quot;,&quot;name&quot;:&quot;Mon actu&quot;,&quot;type&quot;:&quot;cta&quot;}}\" target=\"_blank\">Mon Actu<\/a>.<\/p>\n","protected":false},"excerpt":{"rendered":"Par Hervine Mahaud Publi\u00e9 le 28 nov. 2025 \u00e0 18h28 Vous \u00eates en train de faire vos cadeaux&hellip;\n","protected":false},"author":2,"featured_media":564988,"comment_status":"","ping_status":"","sticky":false,"template":"","format":"standard","meta":{"footnotes":""},"categories":[2815],"tags":[1111,11,215,33,1777,674,1011,27,811,1307,12,15830,25],"class_list":{"0":"post-564987","1":"post","2":"type-post","3":"status-publish","4":"format-standard","5":"has-post-thumbnail","7":"category-lille","8":"tag-actu","9":"tag-actualites","10":"tag-commerce","11":"tag-economie","12":"tag-eu","13":"tag-europe","14":"tag-fr","15":"tag-france","16":"tag-hauts-de-france","17":"tag-lille","18":"tag-news","19":"tag-noel","20":"tag-republique-francaise"},"share_on_mastodon":{"url":"https:\/\/pubeurope.com\/@fr\/115628633168211928","error":""},"_links":{"self":[{"href":"https:\/\/www.europesays.com\/fr\/wp-json\/wp\/v2\/posts\/564987","targetHints":{"allow":["GET"]}}],"collection":[{"href":"https:\/\/www.europesays.com\/fr\/wp-json\/wp\/v2\/posts"}],"about":[{"href":"https:\/\/www.europesays.com\/fr\/wp-json\/wp\/v2\/types\/post"}],"author":[{"embeddable":true,"href":"https:\/\/www.europesays.com\/fr\/wp-json\/wp\/v2\/users\/2"}],"replies":[{"embeddable":true,"href":"https:\/\/www.europesays.com\/fr\/wp-json\/wp\/v2\/comments?post=564987"}],"version-history":[{"count":0,"href":"https:\/\/www.europesays.com\/fr\/wp-json\/wp\/v2\/posts\/564987\/revisions"}],"wp:featuredmedia":[{"embeddable":true,"href":"https:\/\/www.europesays.com\/fr\/wp-json\/wp\/v2\/media\/564988"}],"wp:attachment":[{"href":"https:\/\/www.europesays.com\/fr\/wp-json\/wp\/v2\/media?parent=564987"}],"wp:term":[{"taxonomy":"category","embeddable":true,"href":"https:\/\/www.europesays.com\/fr\/wp-json\/wp\/v2\/categories?post=564987"},{"taxonomy":"post_tag","embeddable":true,"href":"https:\/\/www.europesays.com\/fr\/wp-json\/wp\/v2\/tags?post=564987"}],"curies":[{"name":"wp","href":"https:\/\/api.w.org\/{rel}","templated":true}]}}