{"id":564989,"date":"2025-11-28T18:02:23","date_gmt":"2025-11-28T18:02:23","guid":{"rendered":"https:\/\/www.europesays.com\/fr\/564989\/"},"modified":"2025-11-28T18:02:23","modified_gmt":"2025-11-28T18:02:23","slug":"zemmour-a-lille-election-au-honduras-les-4-infos-dont-vous-allez-entendre-parler-ce-week-end","status":"publish","type":"post","link":"https:\/\/www.europesays.com\/fr\/564989\/","title":{"rendered":"Zemmour \u00e0 Lille, \u00e9lection au Honduras&#8230; Les 4 infos dont vous allez entendre parler ce week-end"},"content":{"rendered":"<p><a href=\"https:\/\/www.lejdd.fr\/eric-zemmour\" target=\"_blank\" rel=\"noopener\">\u00c9ric Zemmour<\/a> sera en d\u00e9placement \u00e0 Lille ce samedi\u00a029\u00a0novembre apr\u00e8s une \u00e9tape \u00e0 Orl\u00e9ans aujourd\u2019hui, afin de pr\u00e9senter son nouveau livre <a href=\"https:\/\/www.lejdd.fr\/politique\/la-messe-nest-pas-dite-eric-zemmour-appelle-au-rearmement-spirituel-de-la-france-162969\" target=\"_blank\" rel=\"noopener\">La messe n\u2019est pas dite (Fayard)<\/a>. Le pr\u00e9sident de Reconqu\u00eate d\u00e9dicacera son ouvrage \u00e0 partir de 14\u00a0heures. Dans cet essai, il lance un appel \u00e0 un \u00ab\u00a0sursaut jud\u00e9o-chr\u00e9tien\u00a0\u00bb face \u00e0 ce qu\u2019il consid\u00e8re comme une double menace\u00a0: la d\u00e9christianisation acc\u00e9l\u00e9r\u00e9e de la France et son islamisation. Pour lui, le christianisme a fa\u00e7onn\u00e9 l\u2019identit\u00e9 fran\u00e7aise et demeure le socle de la nation. \u00ab\u00a0La France sans christianisme n\u2019est plus la France\u00a0\u00bb, insiste-t-il, reprochant \u00e0 la classe politique de n\u00e9gliger le r\u00f4le central de la religion dans l\u2019avenir du pays en se r\u00e9fugiant derri\u00e8re des discours sociaux ou la\u00efcs.<\/p>\n<p>Zemmour estime que la R\u00e9publique se trouve \u00e0 la crois\u00e9e des chemins\u00a0: se reconnecter \u00e0 ses racines chr\u00e9tiennes pour prot\u00e9ger la civilisation fran\u00e7aise, ou persister dans une rupture id\u00e9ologique qui ouvrirait la voie, selon lui, au triomphe de l\u2019islam. Il d\u00e9nonce \u00e9galement le progressisme et le wokisme, qu\u2019il d\u00e9crit comme une \u00ab\u00a0religion s\u00e9culi\u00e8re\u00a0\u00bb culpabilisatrice, d\u00e9tournant les vertus chr\u00e9tiennes contre l\u2019Occident. Malgr\u00e9 cela, il croit \u00e0 un r\u00e9veil identitaire, notamment chez la jeunesse, et invite \u00e0 rassembler tous ceux qui veulent pr\u00e9server l\u2019h\u00e9ritage chr\u00e9tien de la France.<\/p>\n<p>2 &#8211; \u00c9lection pr\u00e9sidentielle au Honduras<\/p>\n<p>L\u2019\u00e9lection pr\u00e9sidentielle se tient ce dimanche\u00a030\u00a0novembre au Honduras. Un scrutin d\u00e9cisif \u00e0 l\u2019occasion duquel les \u00e9lecteurs devront choisir entre la continuit\u00e9 d\u2019un gouvernement de gauche et un retour de la droite. La campagne a pris une tournure internationale apr\u00e8s l\u2019intervention de <a href=\"https:\/\/www.lejdd.fr\/Donald-Trump\" target=\"_blank\" rel=\"noopener\">Donald Trump<\/a>, qui a appel\u00e9 publiquement \u00e0 voter pour le candidat conservateur Nasry Asfura, pr\u00e9sent\u00e9 comme \u00ab\u00a0le seul vrai ami de la libert\u00e9\u00a0\u00bb. Sur son r\u00e9seau Truth Social, l\u2019ancien pr\u00e9sident am\u00e9ricain a assur\u00e9 qu\u2019il pourrait \u00ab\u00a0travailler\u00a0\u00bb avec Asfura, mais pas avec la candidate de gauche Rixi Moncada, et dit ne pas faire confiance au troisi\u00e8me pr\u00e9tendant, le pr\u00e9sentateur Salvador Nasralla.<\/p>\n<p>Asfura, 67\u00a0ans, ancien maire de Tegucigalpa et d\u00e9j\u00e0 candidat en 2021, a remerci\u00e9 Trump en promettant de \u00ab\u00a0d\u00e9fendre la d\u00e9mocratie et la libert\u00e9\u00a0\u00bb. Dans un contexte de criminalit\u00e9 end\u00e9mique li\u00e9e aux gangs et au trafic de drogue, Trump associe l\u2019avenir du Honduras \u00e0 la lutte contre les \u00ab\u00a0narcocommunistes\u00a0\u00bb et agite la menace d\u2019une intervention r\u00e9gionale, faisant un parall\u00e8le avec la situation du Venezuela. Le scrutin, qui s\u2019annonce tr\u00e8s serr\u00e9, se d\u00e9roule dans un pays marqu\u00e9 par l\u2019instabilit\u00e9 politique et plusieurs \u00e9lections contest\u00e9es. L\u2019enjeu d\u00e9passe les fronti\u00e8res du Honduras\u00a0: son r\u00e9sultat pourrait red\u00e9finir l\u2019\u00e9quilibre politique en Am\u00e9rique centrale.<\/p>\n<p>3 &#8211; Vente aux ench\u00e8res du \u00ab\u00a0Christ en croix\u00a0\u00bb, chef-d\u2019\u0153uvre de Rubens<\/p>\n<p>Un chef-d\u2019\u0153uvre de Rubens, Christ en croix, sera vendu aux ench\u00e8res ce dimanche\u00a030\u00a0novembre \u00e0 Versailles. La maison Osenat mettra en vente cette toile estim\u00e9e entre 1 et 2\u00a0millions d\u2019euros, red\u00e9couverte en 2024 dans un h\u00f4tel particulier parisien apr\u00e8s plus de quatre si\u00e8cles de disparition. L\u2019\u0153uvre, dat\u00e9e du d\u00e9but du XVII\u1d49 si\u00e8cle, repr\u00e9sente un Christ crucifi\u00e9 se d\u00e9tachant sur un ciel sombre, dans un format de 1,05\u00a0m x 72\u00a0cm. Sa r\u00e9apparition a imm\u00e9diatement suscit\u00e9 l\u2019enthousiasme du monde de l\u2019art et donn\u00e9 lieu \u00e0 des analyses scientifiques approfondies, confirmant l\u2019authenticit\u00e9 du tableau par le professeur Nils B\u00fcttner, r\u00e9f\u00e9rence internationale sur Rubens.<\/p>\n<p>    La suite apr\u00e8s cette publicit\u00e9<\/p>\n<p>Cette vente constitue l\u2019un des \u00e9v\u00e9nements majeurs du march\u00e9 de l\u2019art en 2025. Jean-Pierre Osenat, commissaire-priseur, parle d\u2019un moment \u00ab\u00a0inoubliable\u00a0\u00bb dans sa carri\u00e8re. Perdue depuis 1613, l\u2019\u0153uvre avait notamment appartenu au peintre William-Adolphe Bouguereau au XIXe\u00a0si\u00e8cle. Avant son passage aux ench\u00e8res, le public pourra admirer le tableau \u00e0 l\u2019H\u00f4tel des ventes du Ch\u00e2teau lors des expositions pr\u00e9vues samedi\u00a029\u00a0novembre et la matin\u00e9e du dimanche. Une vente qui pourrait permettre \u00e0 une grande institution ou \u00e0 un collectionneur d\u2019assurer la sauvegarde de ce tr\u00e9sor europ\u00e9en.<\/p>\n<p>4 &#8211; Rugby\u00a0: le match Pays de Galles-Afrique du Sud<\/p>\n<p>Le match de rugby Pays de Galles-Afrique du Sud se d\u00e9roule ce samedi\u00a029\u00a0novembre \u00e0 16h10 \u00e0 Cardiff. Pour cette derni\u00e8re rencontre de la tourn\u00e9e d\u2019automne, le s\u00e9lectionneur gallois Steve Tandy aligne une \u00e9quipe largement remani\u00e9e avec pas moins de 14 changements. Treize joueurs ont d\u00fb retourner dans leurs clubs, la rencontre se jouant hors de la fen\u00eatre internationale, ce qui prive le XV du Poireau de nombreux cadres, \u00e0 l\u2019image d\u2019Adam Beard parti \u00e0 Montpellier et de plusieurs internationaux \u00e9voluant en Angleterre.<\/p>\n<p>Le troisi\u00e8me ligne Aaron Wainwright effectue son retour apr\u00e8s blessure et formera la troisi\u00e8me ligne avec Taine Plumtree et Alex Mann. Ben Carter et Rhys Davies r\u00e9int\u00e8grent eux aussi la s\u00e9lection, une premi\u00e8re lors de cette tourn\u00e9e. Malgr\u00e9 le contexte difficile et une \u00e9quipe en crise (seulement deux victoires lors des 22 derniers matchs), Tandy esp\u00e8re reproduire l\u2019engagement montr\u00e9 face aux All Blacks, malgr\u00e9 la lourde d\u00e9faite 52-26. Les Springboks seront \u00e9galement diminu\u00e9s par des retours en club, mais restent en pleine confiance apr\u00e8s trois succ\u00e8s cet automne contre la France, l\u2019Italie et l\u2019Irlande. Le choc de Cardiff s\u2019annonce donc exigeant pour des Gallois en qu\u00eate de rebond.<\/p>\n<p>5 &#8211; La bonne nouvelle du jour<\/p>\n<p>Le groupe am\u00e9ricain Maroon 5 sera en concert au ch\u00e2teau de Chambord le samedi\u00a027\u00a0juin\u00a02026, pour sa seule et unique date en France. Le festival Chambord Live, qui signe en 2026 sa cinqui\u00e8me \u00e9dition, ajoute ainsi un troisi\u00e8me nom d\u2019envergure internationale \u00e0 son programme, aux c\u00f4t\u00e9s d\u2019Orelsan et de DJ Snake. Adam Levine et ses musiciens promettent un show exclusif dans le cadre spectaculaire du Domaine national de Chambord, avec leurs titres embl\u00e9matiques comme Sugar, Memories ou Girls Like You.<\/p>\n<p>La billetterie a ouvert en pr\u00e9vente ce jeudi\u00a027\u00a0novembre sur le site Chambordlive, avant une mise en vente g\u00e9n\u00e9rale aujourd\u2019hui dans tous les points de distribution habituels. \u00c9tendu sur trois jours au pied du monument historique, le festival accueillera Orelsan la veille du concert de Maroon 5 et DJ Snake le lendemain. Fid\u00e8le \u00e0 sa r\u00e9putation, Chambord Live confirme sa capacit\u00e9 \u00e0 attirer de grandes stars internationales, apr\u00e8s notamment Sting, Imagine Dragons, David Guetta et les Black Eyed Peas lors des pr\u00e9c\u00e9dentes \u00e9ditions.<br \/>\u00a0<\/p>\n","protected":false},"excerpt":{"rendered":"\u00c9ric Zemmour sera en d\u00e9placement \u00e0 Lille ce samedi\u00a029\u00a0novembre apr\u00e8s une \u00e9tape \u00e0 Orl\u00e9ans aujourd\u2019hui, afin de pr\u00e9senter&hellip;\n","protected":false},"author":2,"featured_media":564990,"comment_status":"","ping_status":"","sticky":false,"template":"","format":"standard","meta":{"footnotes":""},"categories":[2815],"tags":[1111,11,1777,674,1011,27,811,1307,12,25],"class_list":{"0":"post-564989","1":"post","2":"type-post","3":"status-publish","4":"format-standard","5":"has-post-thumbnail","7":"category-lille","8":"tag-actu","9":"tag-actualites","10":"tag-eu","11":"tag-europe","12":"tag-fr","13":"tag-france","14":"tag-hauts-de-france","15":"tag-lille","16":"tag-news","17":"tag-republique-francaise"},"share_on_mastodon":{"url":"https:\/\/pubeurope.com\/@fr\/115628642274502877","error":""},"_links":{"self":[{"href":"https:\/\/www.europesays.com\/fr\/wp-json\/wp\/v2\/posts\/564989","targetHints":{"allow":["GET"]}}],"collection":[{"href":"https:\/\/www.europesays.com\/fr\/wp-json\/wp\/v2\/posts"}],"about":[{"href":"https:\/\/www.europesays.com\/fr\/wp-json\/wp\/v2\/types\/post"}],"author":[{"embeddable":true,"href":"https:\/\/www.europesays.com\/fr\/wp-json\/wp\/v2\/users\/2"}],"replies":[{"embeddable":true,"href":"https:\/\/www.europesays.com\/fr\/wp-json\/wp\/v2\/comments?post=564989"}],"version-history":[{"count":0,"href":"https:\/\/www.europesays.com\/fr\/wp-json\/wp\/v2\/posts\/564989\/revisions"}],"wp:featuredmedia":[{"embeddable":true,"href":"https:\/\/www.europesays.com\/fr\/wp-json\/wp\/v2\/media\/564990"}],"wp:attachment":[{"href":"https:\/\/www.europesays.com\/fr\/wp-json\/wp\/v2\/media?parent=564989"}],"wp:term":[{"taxonomy":"category","embeddable":true,"href":"https:\/\/www.europesays.com\/fr\/wp-json\/wp\/v2\/categories?post=564989"},{"taxonomy":"post_tag","embeddable":true,"href":"https:\/\/www.europesays.com\/fr\/wp-json\/wp\/v2\/tags?post=564989"}],"curies":[{"name":"wp","href":"https:\/\/api.w.org\/{rel}","templated":true}]}}