{"id":564991,"date":"2025-11-28T18:03:19","date_gmt":"2025-11-28T18:03:19","guid":{"rendered":"https:\/\/www.europesays.com\/fr\/564991\/"},"modified":"2025-11-28T18:03:19","modified_gmt":"2025-11-28T18:03:19","slug":"marcelle-a-celebre-son-guide-du-marseille-desirable","status":"publish","type":"post","link":"https:\/\/www.europesays.com\/fr\/564991\/","title":{"rendered":"Marcelle a c\u00e9l\u00e9br\u00e9 son guide du Marseille d\u00e9sirable"},"content":{"rendered":"<p>                <strong>Les vendredi 21 et samedi 22 novembre, la r\u00e9daction de Marcelle a organis\u00e9 un \u201clive\u201d, une version grandeur nature de son guide du Marseille d\u00e9sirable. Avec une d\u00e9clinaison de ses chapitres en plusieurs temps : un march\u00e9 engag\u00e9, des associations en qu\u00eate de b\u00e9n\u00e9voles, des collectes solidaires, des tables rondes, des BA, des promenades urbaines.<\/strong><\/p>\n<p>C\u2019est \u00e0 la C\u00f4merie, nouvelle place forte de Yes We Camp \u00e0 Marseille qui nous a ouvert grand ses portes, que la plupart de ces temps forts se sont tenus. Un fort mistral nous a amen\u00e9s \u00e0 abandonner l\u2019option march\u00e9 de plein air, r\u00e9organiser les espaces et nous serrer davantage. Le moment a gagn\u00e9 en chaleur et en pittoresque !<\/p>\n<p><strong>Chapitre Consommer<\/strong><\/p>\n<p>Gai et diversifi\u00e9,<strong> le March\u00e9 d\u00e9sirable de l\u2019Avent <\/strong>a rassembl\u00e9 une douzaine d\u2019\u00e9tals dans le r\u00e9fectoire l\u2019ancien couvent. \u00c0 leur t\u00eate, des artisans et cr\u00e9ateurs qui int\u00e8grent recyclage, upcyclage, inclusion ou bio dans leur travail. Vous pouvez les retrouver via leurs sites respectifs : <a href=\"https:\/\/www.atelierpoupe.com\/\" target=\"_blank\" rel=\"noopener\">Atelier Poupe<\/a> (bijoux et d\u00e9co \u00e0 partir de pare-battages recycl\u00e9s), <a href=\"https:\/\/atelierregain.com\/\" target=\"_blank\" rel=\"noopener\">Atelier Regain<\/a> (pr\u00eat-\u00e0-porter et linge de maison), <a href=\"https:\/\/www.aucontrairepatisserie.com\/\" target=\"_blank\" rel=\"noopener\">Au Contraire<\/a> (p\u00e2tisseries et biscuits), <a href=\"https:\/\/www.delphineviellard.com\/\" target=\"_blank\" rel=\"noopener\">Delphine Viellard<\/a> (bonnets et cagoules), <a href=\"https:\/\/espigas-store.com\/fr\/\" target=\"_blank\" rel=\"noopener\">Espigas<\/a> (sneakers, sacs et accessoires), <a href=\"https:\/\/www.instagram.com\/fleursdemarseille\/\" target=\"_blank\" rel=\"noopener\">Fleurs de Marseille<\/a> (compositions s\u00e9ch\u00e9es et graines), <a href=\"https:\/\/www.ipsago.fr\/\" target=\"_blank\" rel=\"noopener\">Ipsago<\/a> (biscuits \u00e9labor\u00e9s \u00e0 partir de \u00ab\u00a0d\u00e9laiss\u00e9s\u00a0\u00bb), <a href=\"https:\/\/www.ferroni.com\/\" target=\"_blank\" rel=\"noopener\">Maison Ferroni<\/a> (spiritueux), <a href=\"https:\/\/ba13.banquealimentaire.org\/les-marmites-solidaires-2221\" target=\"_blank\" rel=\"noopener\">les Marmites solidaires<\/a> (confitures et bocaux), <a href=\"https:\/\/www.microcosmos.fr\/\" target=\"_blank\" rel=\"noopener\">Microcosmos<\/a> (vins nature) et <a href=\"https:\/\/www.terrakoa.fr\/\" target=\"_blank\" rel=\"noopener\">Terrakoa<\/a> (chocolats).<\/p>\n<p>\u2666 Pour trouver notre guide ! La version chic se trouve encore <a style=\"color: #ff6600;\" href=\"https:\/\/www.placedeslibraires.fr\/listeliv.php?base=allbooks&amp;mots_recherche=marseille+desirable\" target=\"_blank\" rel=\"noopener\">dans quelques librairies<\/a> \u2013 La version \u201clive\u201d sera sur le stand Marcelle des march\u00e9s de No\u00ebl de la Villa Gaby (dimanche 7 d\u00e9cembre \u00e0 partir de 9h30, 7e) et du <a style=\"color: #ff6600;\" href=\"https:\/\/www.lica-europe.org\/\" target=\"_blank\" rel=\"noopener\">LICA<\/a> (vendredi 12 d\u00e9cembre \u00e0 partir de 17h, 4e).<br \/>\n<strong>Chapitre donner<\/strong><\/p>\n<p>Passe \u00e0 ton voisin. Nous vous avions propos\u00e9 d\u2019apporter un certain nombre d\u2019articles dont vous n\u2019avez plus l\u2019utilit\u00e9, pour les remettre \u00e0 des associations qui en font bon usage. \u00c9taient pr\u00e9sents <a href=\"https:\/\/www.atd-quartmonde.fr\/groupe_local\/groupe-regional-paca-2\/\" target=\"_blank\" rel=\"noopener\">ATD Quart Monde<\/a> (livres jeunesse en tr\u00e8s bon \u00e9tat), <a href=\"https:\/\/emmaus-connect.org\/marseille\/\" target=\"_blank\" rel=\"noopener\">Emma\u00fcs Connect<\/a> (smartphones, tablettes, ordinateurs portables), <a href=\"https:\/\/lacravatesolidaire.org\/marseille\" target=\"_blank\" rel=\"noopener\">la Cravate Solidaire<\/a> (v\u00eatements de ville adapt\u00e9s hors sportswear), <a href=\"https:\/\/www.leetchi.com\/fr\/c\/association-on-se-gele-dehors-sos-sans-abris\" target=\"_blank\" rel=\"noopener\">On se g\u00e8le dehors<\/a> (v\u00eatements chauds et duvets) et la<a href=\"https:\/\/recyclerie-sportive.org\/ma-recyclerie-sportive\/ma-rs-la-plus-proche\/marseille-bougainville\/\" target=\"_blank\" rel=\"noopener\"> Recyclerie Sportive<\/a> (v\u00eatements et articles de sport). Vous pouvez toujours vous rapprocher d\u2019eux pour de nouveaux dons.<\/p>\n<p><img fetchpriority=\"high\" decoding=\"async\" class=\"size-medium wp-image-59484 aligncenter\" src=\"https:\/\/www.europesays.com\/fr\/wp-content\/uploads\/2025\/11\/donner-825x464.jpg\" alt=\"\" width=\"825\" height=\"464\"  \/><\/p>\n<p><strong>Chapitre se retrouver<\/strong><\/p>\n<p><strong>La roue des <\/strong><a href=\"https:\/\/lesphilosophespublics.webador.fr\/\" target=\"_blank\" rel=\"noopener\"><strong>Philosophes Publics<\/strong><\/a> a tourn\u00e9\u00a0pour une quinzaine de participants. Une question a \u00e9t\u00e9 tir\u00e9e au sort : \u201cQue chacun.e se sente chez soi partout dans la ville, est-ce un id\u00e9al inaccessible ?\u201d Marc Rosmini, un des professeurs de philo pr\u00e9sents, raconte\u00a0: \u00ab\u00a0Nous avons r\u00e9fl\u00e9chi sur ce qui fait qu\u2019on peut se sentir \u00e0 sa place, ou pas, dans tel ou tel quartier, \u00e0 telle ou telle heure, selon notre \u00e2ge, notre genre, notre couleur de peau, nos peurs, nos traumas, etc. Il a \u00e9t\u00e9 question de politique de la ville, d\u2019espace public, d\u2019urbanisme, de m\u0153urs, mais aussi de pr\u00e9jug\u00e9s, de ressentis, de repr\u00e9sentations. Les exemples ont \u00e9t\u00e9 vari\u00e9s : il a notamment \u00e9t\u00e9 question de Bruxelles, mais bien s\u00fbr nous avons surtout parl\u00e9 de Marseille, ses clivages, ses fronti\u00e8res internes, et la mani\u00e8re par laquelle s\u2019y cultive, de mani\u00e8re plus ou moins factice, un sentiment commun d\u2019appartenance.\u00a0\u00bb<\/p>\n<p><strong>Une table ronde<\/strong> a permis d\u2019y voir plus clair sur ce qu\u2019est la ville d\u00e9sirable, et en l\u2019occurrence, le Marseille d\u00e9sirable. Forts de leur expertise, Brigitte Bertoncello (urbaniste et membre du <strong>Laboratoire Population Environnement D\u00e9veloppement<\/strong> IRD-Aix Marseille Universit\u00e9), Nathalie Gatellier\u00a0(cofondatrice de <strong>la Fabrique du Nous<\/strong>), Julie Rosenfeld\u00a0(d\u00e9l\u00e9gu\u00e9e g\u00e9n\u00e9rale du <strong>Fonds de dotation Entreprendre pour toi<\/strong>) et Nicolas Detrie (fondateur et directeur de <strong>Yes We Camp<\/strong>) ont expos\u00e9 ce qui nourrit la question dans leurs champs respectifs.<\/p>\n<p><img loading=\"lazy\" decoding=\"async\" class=\"size-medium wp-image-59486\" src=\"https:\/\/www.europesays.com\/fr\/wp-content\/uploads\/2025\/11\/Table-ronde-capture_1.3.1-825x464.jpeg\" alt=\"\" width=\"825\" height=\"464\"  \/>\u00a9 Didier Illouz<\/p>\n<p>Nous reviendrons plus en d\u00e9tail sur ce moment et sa mati\u00e8re. Mais sachez qu\u2019on y a parl\u00e9 adjectifs\u00a0: humaniste, fraternelle, praticable, solidaire, apais\u00e9e, durable, inclusive, harmonieuse, accueillante, plant\u00e9e, verte\u2026 quelques-unes des qualit\u00e9s attendues pour une ville d\u00e9sirable. Surtout pas Bisounours, ni utopique. On y a explicit\u00e9 des concepts\u00a0: ville du quart d\u2019heure, espaces d\u2019hospitalit\u00e9 cr\u00e9ative, 1% fraternit\u00e9, engagement entrepreneurial, ville \u00e0 hauteur d\u2019enfant, cr\u00e9ation de richesse\u2026<\/p>\n<p><strong>Chapitre s\u2019engager\u2026<\/strong><\/p>\n<p>Une petite causerie sans chichis avec les deux grands partenaires de cet \u00e9v\u00e9nement\u00a0: Sandrine Motte (directrice g\u00e9n\u00e9rale de la <strong>Soci\u00e9t\u00e9 des Eaux de Marseille<\/strong>) et Auguste Marques (charg\u00e9 des partenariats \u00e0 la <strong>Maif<\/strong>). Un \u00e9change men\u00e9 par la journaliste Ma\u00ebva Gardet-Pizzo, qui a port\u00e9 sur la notion d\u2019engagement. Un terme que partagent les 230 adresses de notre guide, que ce soit dans le domaine de la culture, de la sant\u00e9 ou de l\u2019alimentation. Mais c\u2019est quoi exactement, l\u2019engagement ? Et comment transmet-on l\u2019envie de s\u2019engager autour de soi ? Nos invit\u00e9s ont r\u00e9pondu de bonne gr\u00e2ce, agr\u00e9mentant le propos de quelques anecdotes personnelles sur les racines de leur sens de l\u2019engagement.<\/p>\n<p><img loading=\"lazy\" decoding=\"async\" class=\"size-medium wp-image-59488\" src=\"https:\/\/www.europesays.com\/fr\/wp-content\/uploads\/2025\/11\/partenaires-825x464.jpeg\" alt=\"\" width=\"825\" height=\"464\"  \/>\u00a9 Didier Illouz<\/p>\n<p>\u00c0 l\u2019autre bout de la C\u00f4merie, une dizaine d\u2019associations engagent la conversation avec nos visiteurs et lecteurs. Elles ont \u00e9t\u00e9 s\u00e9lectionn\u00e9es parce qu\u2019elles sont en recherche de b\u00e9n\u00e9voles pour leurs actions. Il s\u2019agit de\u00a0: <strong><a href=\"https:\/\/www.1dechetparjour.com\/\" target=\"_blank\" rel=\"noopener\">1 D\u00e9chet par Jour<\/a><\/strong>, <a href=\"https:\/\/wearesinga.org\/\" target=\"_blank\" rel=\"noopener\"><strong>Singa Marseille<\/strong><\/a> qui cr\u00e9e du lien entre r\u00e9fugi\u00e9s ou demandeurs d\u2019asile et Marseillais\u00a0; <a href=\"https:\/\/ramina.fr\/\" target=\"_blank\" rel=\"noopener\">Ramina<\/a> \u2013 <strong>R\u00e9seau d\u2019Accueil des Minots Non Accompagn\u00e9s<\/strong> en qu\u00eate d\u2019h\u00e9bergements courts chez les particuliers ; l<strong>e Relais Enfants-Parents des Baumettes<\/strong>\u00a0(b\u00e9n\u00e9voles pour accompagner les enfants lors des visites \u2013 <a href=\"https:\/\/www.marcelle.media\/marcelle-a-celebre-son-guide-du-marseille-desirable\/mailto:rep.marseille@free.fr\" target=\"_blank\" rel=\"noopener\">rep.marseille@free.fr<\/a>)\u00a0; <a href=\"https:\/\/supercafoutch.fr\/\" target=\"_blank\" rel=\"noopener\"><strong>le Super Cafoutch<\/strong><\/a>, supermarch\u00e9 coop\u00e9ratif et participatif qui cherche des coop\u00e9rateurs\u00a0; la<strong> <a href=\"https:\/\/www.marcelle.media\/une-securite-sociale-de-lalimentation-a-marseille\/\" target=\"_blank\" rel=\"noopener\">COMAC<\/a><\/strong> (Collective marseillaise pour l\u2019alimentation et les communs) \u00e9labore la S\u00e9curit\u00e9 sociale de l\u2019alimentation \u00e0 Marseille avec qui s\u2019y int\u00e9resse.<\/p>\n<p>Ainsi que les cinq structures mentionn\u00e9es au chapitre \u00ab\u00a0donner\u00a0\u00bb.<\/p>\n<p><strong>\u2026 et passer \u00e0 l\u2019acte\u00a0!<\/strong><\/p>\n<p>Une dizaine de b\u00e9n\u00e9voles se sont donn\u00e9 rendez-vous pour la maraude <a href=\"https:\/\/www.facebook.com\/groups\/1301044896624863\/?fref=nf\" target=\"_blank\" rel=\"noopener\">On Se G\u00e8le Dehors<\/a> (OSGD) fix\u00e9e tous les samedis de 9 h \u00e0 11 heures sur la Canebi\u00e8re (Monoprix). Une centaine de b\u00e9n\u00e9ficiaires ont ainsi pu b\u00e9n\u00e9ficier de caf\u00e9, plats chauds concoct\u00e9s par \u2018\u2019Monsieur Gilbert\u2019\u2019, v\u00eatements d\u2019hiver, couvertures et sacs de couchage.Cette association, fond\u00e9e par Dany Jacquin en 2015, cherche en permanence des b\u00e9n\u00e9voles et des dons. \u00c0 d\u00e9poser le samedi matin \u00e0 la maraude ou dans leur local, 374 rue de Lyon, Marseille 15e, tous les matins (sauf dimanche). Pensez aux \u00ab\u00a0bo\u00eetes de No\u00ebl\u00a0\u00bb (une gourmandise, un loisir, un mot doux, un accessoire chaud, un produit d\u2019hygi\u00e8ne).<\/p>\n<p><img loading=\"lazy\" decoding=\"async\" class=\" wp-image-59489\" src=\"https:\/\/www.europesays.com\/fr\/wp-content\/uploads\/2025\/11\/PHOTO-2025-11-25-18-39-42-825x556.jpg\" alt=\"\" width=\"544\" height=\"367\"  \/>Maraude On Se G\u00e8le Dehors \u00a9DR<\/p>\n<p>Toujours samedi matin, le rituel d\u2019engagement <a href=\"https:\/\/samedibien.fr\/\" target=\"_blank\" rel=\"noopener\">Samedi Bien<\/a>, organis\u00e9 par <a href=\"https:\/\/www.benenova.fr\/\" target=\"_blank\" rel=\"noopener\">Benenova<\/a>, s\u2019\u00e9tait plac\u00e9 sous le signe de l\u2019interg\u00e9n\u00e9ration. Une centaine de b\u00e9n\u00e9voles ont particip\u00e9 \u00e0 huit actions collectives : cours de danse, atelier cuisine, atelier tricot et belote\u2026 avec les seniors de <a href=\"https:\/\/www.linkedin.com\/company\/ma-maison-petites-soeurs-des-pauvres-marseille\/\" target=\"_blank\" rel=\"noopener\">Ma Maison Petites Soeurs des Pauvres Marseille<\/a>, la <a href=\"https:\/\/www.linkedin.com\/company\/r%C3%A9sidence-notre-dame\/\" target=\"_blank\" rel=\"noopener\">R\u00e9sidence Notre-Dame<\/a>, <a href=\"https:\/\/www.linkedin.com\/company\/les-jardins-d-ha%C3%AFti\/\" target=\"_blank\" rel=\"noopener\">Les Jardins d\u2019Ha\u00efti<\/a>, un club seniors, etc.). \u00c0 midi, un buffet partag\u00e9 a \u00e9t\u00e9 offert dans la maison de retraite des Petites S\u0153urs des Pauvres, suivi d\u2019un grand loto interg\u00e9n\u00e9rationnel anim\u00e9 par les humoristes\u00a0Gabrielle Giraud et <a href=\"https:\/\/www.linkedin.com\/in\/fabiengaudioso1986\/\" target=\"_blank\" rel=\"noopener\">Fabien Gaudioso<\/a>.<\/p>\n<p>Le <a href=\"https:\/\/www.benenova.fr\/missions\/?antenne=Marseille&amp;debut=2025-12-06&amp;fin=2025-12-06\" target=\"_blank\" rel=\"noopener\">prochain Samedi Bien<\/a> ax\u00e9 \u2018\u2019handicap et lutte contre la pr\u00e9carit\u00e9\u2019\u2019 aura lieu le 6 d\u00e9cembre \u00e0 Marseille entre 9 et 14 h 30\u00a0: 13 actions b\u00e9n\u00e9voles dans toute la ville et un repas au Cabanon de Simon.<\/p>\n<p><strong>Chapitre se cultiver<\/strong><\/p>\n<p>Deux moments comme deux parenth\u00e8ses pour \u00e9couter, les yeux ferm\u00e9s si on le souhaitait. D\u2019abord un joli voyage musical emmen\u00e9 par Jo\u00ebl Versavaud, saxophoniste et joueur de doudouk\u00a0qui fait partie de la formation <strong>Piano and Co<\/strong>.<\/p>\n<p>Puis un final en forme de lecture, avec l\u2019amicale participation de Robin Renucci, directeur du th\u00e9\u00e2tre national de La Cri\u00e9e. On avait \u00e9voqu\u00e9 Blaise Cendrars, Hadrien Bels, Albert Londres\u2026 Circonstances et empathie obligent, le choix s\u2019est finalement port\u00e9 sur <a href=\"https:\/\/www.lemonde.fr\/idees\/article\/2025\/11\/19\/amine-kessaci-militant-ecologiste-non-je-ne-me-tairai-pas-je-dirai-et-repeterai-que-mon-frere-mehdi-est-mort-pour-rien-je-dirai-la-violence-du-narcotrafic_6653945_3232.html\" target=\"_blank\" rel=\"noopener\">la tribune \u00e9crite par Amine Kessaci<\/a> et publi\u00e9e dans le quotidien Le Monde.<\/p>\n<p><strong>Chapitre (re)d\u00e9couvrir la ville<\/strong><br \/>\n<img loading=\"lazy\" decoding=\"async\" class=\"wp-image-59505\" src=\"https:\/\/www.europesays.com\/fr\/wp-content\/uploads\/2025\/11\/Mauma-773x825.jpg\" alt=\"\" width=\"325\" height=\"347\"  \/>\u00c0 la d\u00e9couverte des fresques de Marseille avec M\u00e9ta 2 @ MauMA<\/p>\n<p>D\u00e8s 10 heures, malgr\u00e9 une m\u00e9t\u00e9o qui pin\u00e7ait, la m\u00e9diatrice d\u2019Atelier M\u00e9ta 2 a entra\u00een\u00e9 un petit groupe d\u2019amateurs de street art \u00e0 la d\u00e9couverte du <strong>MauMA<\/strong>. Le <a href=\"https:\/\/meta2.fr\/le-mauma\/\" target=\"_blank\" rel=\"noopener\">Mus\u00e9e des arts urbains de Marseille<\/a> est un parcours \u00e0 ciel ouvert cr\u00e9\u00e9 en 2022, qui traverse quatre arrondissements de l\u2019arri\u00e8re-port, entre Mucem, march\u00e9 aux puces et Friche Belle de Mai. Il se d\u00e9roule au gr\u00e9 d\u2019une petite quarantaine d\u2019\u0153uvres urbaines sign\u00e9es par des artistes du monde entier. On y d\u00e9couvre surtout des fresques murales, monumentales parfois, mais aussi sculptures et mosa\u00efques. Deux heures de marche qui ont conquis et r\u00e9chauff\u00e9 les participants. Pour r\u00e9server une balade\u00a0: mediation@meta2.fr<\/p>\n<p>De son c\u00f4t\u00e9, l\u2019artiste-baladrice <a href=\"https:\/\/baladesurbaines.fr\/\" target=\"_blank\" rel=\"noopener\">B\u00e9n\u00e9dicte Sire<\/a> a embarqu\u00e9 gracieusement quinze participants pour sa balade urbaine <a href=\"https:\/\/baladesurbaines.fr\/balades\/belsunce-baroque-et-populaire\/\" target=\"_blank\" rel=\"noopener\">\u2018\u2019Belsunce, Baroque et Populaire\u2019\u2019<\/a>. Durant trois heures, ils ont explor\u00e9 un quartier baroque et m\u00e9connu, investi au 17\u00e8me si\u00e8cle par la bourgeoisie marseillaise. Voyag\u00e9 avec un mar\u00e9chal d\u2019Empire, une marquise et de valeureux habitants incarn\u00e9s par <strong>B\u00e9n\u00e9dicte Sire<\/strong>. Rencontr\u00e9 des artistes et des habitants qui ont r\u00e9v\u00e9l\u00e9 leurs parcours de vie et d\u2019exp\u00e9riences hors de l\u2019ordinaire. D\u2019autres balades les 13 d\u00e9cembre et 10 janvier 2026. Contact : imagesonetcompagnie@gmail.com<\/p>\n<p>C\u2019\u00e9tait notre premier live, nous esp\u00e9rons que vous l\u2019avez trouv\u00e9 d\u00e9sirable, et restons \u00e0 l\u2019\u00e9coute de vos suggestions pour la suite des aventures de notre guide. \u2666<\/p>\n<p><img loading=\"lazy\" decoding=\"async\" class=\"wp-image-59507 size-medium\" src=\"https:\/\/www.europesays.com\/fr\/wp-content\/uploads\/2025\/11\/bene-sire-825x464.jpg\" alt=\"\" width=\"825\" height=\"464\"  \/>Arpenter le Belsunce baroque \u00a9 Marcelle<\/p>\n<p>\u00a0<\/p>\n<p>\u00a0<\/p>\n<p>            <script async src=\"\/\/www.instagram.com\/embed.js\"><\/script><\/p>\n","protected":false},"excerpt":{"rendered":"Les vendredi 21 et samedi 22 novembre, la r\u00e9daction de Marcelle a organis\u00e9 un \u201clive\u201d, une version grandeur&hellip;\n","protected":false},"author":2,"featured_media":564992,"comment_status":"","ping_status":"","sticky":false,"template":"","format":"standard","meta":{"footnotes":""},"categories":[2814],"tags":[1111,11,1777,674,1011,27,884,12,882,25],"class_list":{"0":"post-564991","1":"post","2":"type-post","3":"status-publish","4":"format-standard","5":"has-post-thumbnail","7":"category-marseille","8":"tag-actu","9":"tag-actualites","10":"tag-eu","11":"tag-europe","12":"tag-fr","13":"tag-france","14":"tag-marseille","15":"tag-news","16":"tag-provence-alpes-cote-dazur","17":"tag-republique-francaise"},"share_on_mastodon":{"url":"https:\/\/pubeurope.com\/@fr\/115628646472783950","error":""},"_links":{"self":[{"href":"https:\/\/www.europesays.com\/fr\/wp-json\/wp\/v2\/posts\/564991","targetHints":{"allow":["GET"]}}],"collection":[{"href":"https:\/\/www.europesays.com\/fr\/wp-json\/wp\/v2\/posts"}],"about":[{"href":"https:\/\/www.europesays.com\/fr\/wp-json\/wp\/v2\/types\/post"}],"author":[{"embeddable":true,"href":"https:\/\/www.europesays.com\/fr\/wp-json\/wp\/v2\/users\/2"}],"replies":[{"embeddable":true,"href":"https:\/\/www.europesays.com\/fr\/wp-json\/wp\/v2\/comments?post=564991"}],"version-history":[{"count":0,"href":"https:\/\/www.europesays.com\/fr\/wp-json\/wp\/v2\/posts\/564991\/revisions"}],"wp:featuredmedia":[{"embeddable":true,"href":"https:\/\/www.europesays.com\/fr\/wp-json\/wp\/v2\/media\/564992"}],"wp:attachment":[{"href":"https:\/\/www.europesays.com\/fr\/wp-json\/wp\/v2\/media?parent=564991"}],"wp:term":[{"taxonomy":"category","embeddable":true,"href":"https:\/\/www.europesays.com\/fr\/wp-json\/wp\/v2\/categories?post=564991"},{"taxonomy":"post_tag","embeddable":true,"href":"https:\/\/www.europesays.com\/fr\/wp-json\/wp\/v2\/tags?post=564991"}],"curies":[{"name":"wp","href":"https:\/\/api.w.org\/{rel}","templated":true}]}}