{"id":564993,"date":"2025-11-28T18:04:14","date_gmt":"2025-11-28T18:04:14","guid":{"rendered":"https:\/\/www.europesays.com\/fr\/564993\/"},"modified":"2025-11-28T18:04:14","modified_gmt":"2025-11-28T18:04:14","slug":"a-marseille-des-salaries-dorange-en-insecurite-et-en-teletravail-force-liberation","status":"publish","type":"post","link":"https:\/\/www.europesays.com\/fr\/564993\/","title":{"rendered":"\u00e0 Marseille, des salari\u00e9s d\u2019Orange en ins\u00e9curit\u00e9 et en t\u00e9l\u00e9travail forc\u00e9 \u2013 Lib\u00e9ration"},"content":{"rendered":"<p class=\"sc-cPiKLX AiZTS text-element\">Des fl\u00e8ches blanches sont peintes sur les grilles qui entourent le site Orange, dans le quartier Saint-Mauront \u00e0 Marseille, et dirigent vers le point de deal historique de la cit\u00e9 voisine. Elles ont fait leur apparition \u00abr\u00e9cemment\u00bb, tout comme l\u2019inscription \u00abBienvenue Felix Pyat [le nom de la cit\u00e9 en question, ndlr] &#8211; vingt-quatre heures sur vingt-quatre\u00bb, sur le muret de la sortie du m\u00e9tro Nationale, qui d\u00e9bouche face \u00e0 l\u2019entr\u00e9e principale de l\u2019entreprise, raconte Luc Bresson, d\u00e9l\u00e9gu\u00e9 syndical CFDT de l\u2019entreprise de t\u00e9l\u00e9communications. Et lui font penser \u00abqu\u2019une bande concurrente essaie de s\u2019implanter\u00bb. Ce vendredi 28 novembre au matin, les salari\u00e9s \u00e9taient invit\u00e9s \u00e0 venir \u00abr\u00e9cup\u00e9rer\u00bb, s\u2019ils le voulaient, mat\u00e9riel et effets personnels. Apr\u00e8s les \u00ab\u00e9v\u00e9nements survenus sur la voie publique ces trois derniers jours\u00bb, la direction r\u00e9gionale de l\u2019entreprise a d\u00e9cid\u00e9 de fermer le site jusqu\u2019au 14 d\u00e9cembre 2025, a-t-elle \u00e9crit la veille aux 1 200 salari\u00e9s, assurant que \u00abla s\u00e9curit\u00e9 et le bien-\u00eatre des salari\u00e9s restent la priorit\u00e9 d\u2019Orange\u00bb. Dans un communiqu\u00e9, <a href=\"https:\/\/www.liberation.fr\/societe\/confronte-au-narcotrafic-marseille-en-deuil-se-recueille-20251122_E46TKXO5PVABTEVNAVWSZ7FHHM\/\" target=\"_blank\" rel=\"noreferrer noopener\" title=\"https:\/\/www.liberation.fr\/societe\/confronte-au-narcotrafic-marseille-en-deuil-se-recueille-20251122_E46TKXO5PVABTEVNAVWSZ7FHHM\/\">le groupe \u00e9voque \u00abune mont\u00e9e des tensions dans le quartier\u00bb.<\/a><\/p>\n","protected":false},"excerpt":{"rendered":"Des fl\u00e8ches blanches sont peintes sur les grilles qui entourent le site Orange, dans le quartier Saint-Mauront \u00e0&hellip;\n","protected":false},"author":2,"featured_media":564994,"comment_status":"","ping_status":"","sticky":false,"template":"","format":"standard","meta":{"footnotes":""},"categories":[2814],"tags":[1111,11,66600,1777,674,1011,27,964,884,8721,12,882,25],"class_list":{"0":"post-564993","1":"post","2":"type-post","3":"status-publish","4":"format-standard","5":"has-post-thumbnail","7":"category-marseille","8":"tag-actu","9":"tag-actualites","10":"tag-amine-kessaci","11":"tag-eu","12":"tag-europe","13":"tag-fr","14":"tag-france","15":"tag-france-telecom","16":"tag-marseille","17":"tag-narcotrafic","18":"tag-news","19":"tag-provence-alpes-cote-dazur","20":"tag-republique-francaise"},"share_on_mastodon":{"url":"","error":""},"_links":{"self":[{"href":"https:\/\/www.europesays.com\/fr\/wp-json\/wp\/v2\/posts\/564993","targetHints":{"allow":["GET"]}}],"collection":[{"href":"https:\/\/www.europesays.com\/fr\/wp-json\/wp\/v2\/posts"}],"about":[{"href":"https:\/\/www.europesays.com\/fr\/wp-json\/wp\/v2\/types\/post"}],"author":[{"embeddable":true,"href":"https:\/\/www.europesays.com\/fr\/wp-json\/wp\/v2\/users\/2"}],"replies":[{"embeddable":true,"href":"https:\/\/www.europesays.com\/fr\/wp-json\/wp\/v2\/comments?post=564993"}],"version-history":[{"count":0,"href":"https:\/\/www.europesays.com\/fr\/wp-json\/wp\/v2\/posts\/564993\/revisions"}],"wp:featuredmedia":[{"embeddable":true,"href":"https:\/\/www.europesays.com\/fr\/wp-json\/wp\/v2\/media\/564994"}],"wp:attachment":[{"href":"https:\/\/www.europesays.com\/fr\/wp-json\/wp\/v2\/media?parent=564993"}],"wp:term":[{"taxonomy":"category","embeddable":true,"href":"https:\/\/www.europesays.com\/fr\/wp-json\/wp\/v2\/categories?post=564993"},{"taxonomy":"post_tag","embeddable":true,"href":"https:\/\/www.europesays.com\/fr\/wp-json\/wp\/v2\/tags?post=564993"}],"curies":[{"name":"wp","href":"https:\/\/api.w.org\/{rel}","templated":true}]}}