{"id":564997,"date":"2025-11-28T18:06:21","date_gmt":"2025-11-28T18:06:21","guid":{"rendered":"https:\/\/www.europesays.com\/fr\/564997\/"},"modified":"2025-11-28T18:06:21","modified_gmt":"2025-11-28T18:06:21","slug":"endrick-18-mois-a-lyon-la-bombe-du-mercato","status":"publish","type":"post","link":"https:\/\/www.europesays.com\/fr\/564997\/","title":{"rendered":"Endrick 18 mois \u00e0 Lyon, la bombe du mercato"},"content":{"rendered":"<p><b>L\u2019OL et le Real Madrid ont trouv\u00e9 un accord verbal pour le pr\u00eat d\u2019Endrick en janvier. Mais \u00e0 la surprise g\u00e9n\u00e9rale, l\u2019attaquant br\u00e9silien aimerait que son s\u00e9jour en Ligue 1 dure plus de six mois.<\/b><\/p>\n<p>A la recherche d\u2019un avant-centre pour \u00e9toffer son secteur offensif lors du <a href=\"https:\/\/www.foot01.com\/mercato\" title=\"Mercato\" target=\"_blank\" rel=\"noopener\">mercato<\/a> hivernal, <a href=\"https:\/\/www.foot01.com\/ol\/ol-le-cas-endrick-fait-exploser-madrid\" target=\"_self\" rel=\"noopener\">l\u2019Olympique Lyonnais a jet\u00e9 son d\u00e9volu sur Endrick<\/a>. En manque de temps de jeu, l\u2019international br\u00e9silien de 19 ans souhaite quitter le Real Madrid. Tous les feux sont au vert pour que ce deal aboutisse. L\u2019OL et le club merengue ont d\u00e9j\u00e0 \u00e9chang\u00e9 \u00e0 plusieurs reprises et sont tomb\u00e9s d\u2019accord verbalement pour un pr\u00eat de l\u2019ex-buteur de Palmeiras au mois de janvier.Un pr\u00eat de six mois, sans option d\u2019achat et \u00e0 certaines conditions, est dans les tuyaux. Mais contre toute attente, le m\u00e9dia <a href=\"https:\/\/www.elnacional.cat\/es\/deportes\/ya-se-ha-despedido-sus-companeros-real-madrid-porque-no-quiere-volver_1519363_102.html\" target=\"_blank\" rel=\"noopener\">El Nacional<\/a> nous apprend que de son c\u00f4t\u00e9, Endrick souhaite modifier quelques d\u00e9tails avant que son pr\u00eat soit act\u00e9. Alors que tout le monde \u00e9tait d\u2019accord pour un pr\u00eat de six mois, l\u2019attaquant br\u00e9silien souhaiterait finalement \u00eatre pr\u00eat\u00e9 \u00e0 l\u2019OL pour une dur\u00e9e plus longue.<\/p>\n<p>\u00ab Endrick ne consid\u00e8re pas ce pr\u00eat \u00e0 Lyon comme une \u00e9tape temporaire. Son objectif est de rester \u00e0 l\u2019OL \u00e0 moyen terme et de s\u2019imposer comme une star en Europe avant de franchir une nouvelle \u00e9tape. Il n\u2019exclut pas un retour au Real Madrid un jour mais il consid\u00e8re que son premier passage \u00e0 Madrid est termin\u00e9 et que son avenir imm\u00e9diat se situe en France\u00a0\u00bb \u00e9crivent nos confr\u00e8res du m\u00e9dia espagnol. Un coup de th\u00e9\u00e2tre que personne n\u2019avait vu venir\u2026 et qui risque de ne pas faire les affaires de l\u2019Olympique Lyonnais. Car s\u2019il est flatteur pour le club rhodanien de savoir qu\u2019Endrick aimerait venir pour du moyen voire du long terme, le Real Madrid ne devrait pas l\u2019entendre de cette oreille.<\/p>\n<p>En effet, Florentino P\u00e9rez a \u00e9t\u00e9 tr\u00e8s clair avec l\u2019OL d\u00e8s le d\u00e9but des n\u00e9gociations, affirmant que le Real envisageait un pr\u00eat sec de six mois sans option d\u2019achat et rien de plus pour Endrick. Malgr\u00e9 son tr\u00e8s faible temps de jeu dans la capitale espagnole, l\u2019ancienne p\u00e9pite de Palmeiras est tr\u00e8s appr\u00e9ci\u00e9e par le board du Real Madrid, convaincu par le talent et le potentiel du joueur. Reste maintenant \u00e0 voir si l&rsquo;OL parviendra \u00e0 n\u00e9gocier un pr\u00eat plus long, d&rsquo;un an et demi par exemple, sachant qu&rsquo;un transfert d\u00e9finitif est bien s\u00fbr en dehors des cordes de Lyon financi\u00e8rement.<\/p>\n","protected":false},"excerpt":{"rendered":"L\u2019OL et le Real Madrid ont trouv\u00e9 un accord verbal pour le pr\u00eat d\u2019Endrick en janvier. Mais \u00e0&hellip;\n","protected":false},"author":2,"featured_media":564998,"comment_status":"","ping_status":"","sticky":false,"template":"","format":"standard","meta":{"footnotes":""},"categories":[1889],"tags":[1111,11,2430,1777,674,1011,27,453,2428,1434,12,241,25],"class_list":{"0":"post-564997","1":"post","2":"type-post","3":"status-publish","4":"format-standard","5":"has-post-thumbnail","7":"category-lyon","8":"tag-actu","9":"tag-actualites","10":"tag-auvergne-rhone-alpes","11":"tag-eu","12":"tag-europe","13":"tag-fr","14":"tag-france","15":"tag-liga","16":"tag-lyon","17":"tag-mercato","18":"tag-news","19":"tag-ol","20":"tag-republique-francaise"},"share_on_mastodon":{"url":"https:\/\/pubeurope.com\/@fr\/115628656783500020","error":""},"_links":{"self":[{"href":"https:\/\/www.europesays.com\/fr\/wp-json\/wp\/v2\/posts\/564997","targetHints":{"allow":["GET"]}}],"collection":[{"href":"https:\/\/www.europesays.com\/fr\/wp-json\/wp\/v2\/posts"}],"about":[{"href":"https:\/\/www.europesays.com\/fr\/wp-json\/wp\/v2\/types\/post"}],"author":[{"embeddable":true,"href":"https:\/\/www.europesays.com\/fr\/wp-json\/wp\/v2\/users\/2"}],"replies":[{"embeddable":true,"href":"https:\/\/www.europesays.com\/fr\/wp-json\/wp\/v2\/comments?post=564997"}],"version-history":[{"count":0,"href":"https:\/\/www.europesays.com\/fr\/wp-json\/wp\/v2\/posts\/564997\/revisions"}],"wp:featuredmedia":[{"embeddable":true,"href":"https:\/\/www.europesays.com\/fr\/wp-json\/wp\/v2\/media\/564998"}],"wp:attachment":[{"href":"https:\/\/www.europesays.com\/fr\/wp-json\/wp\/v2\/media?parent=564997"}],"wp:term":[{"taxonomy":"category","embeddable":true,"href":"https:\/\/www.europesays.com\/fr\/wp-json\/wp\/v2\/categories?post=564997"},{"taxonomy":"post_tag","embeddable":true,"href":"https:\/\/www.europesays.com\/fr\/wp-json\/wp\/v2\/tags?post=564997"}],"curies":[{"name":"wp","href":"https:\/\/api.w.org\/{rel}","templated":true}]}}