{"id":564999,"date":"2025-11-28T18:08:37","date_gmt":"2025-11-28T18:08:37","guid":{"rendered":"https:\/\/www.europesays.com\/fr\/564999\/"},"modified":"2025-11-28T18:08:37","modified_gmt":"2025-11-28T18:08:37","slug":"meteo-ile-de-france-decembre-2025-quelles-tendances-pour-la-region","status":"publish","type":"post","link":"https:\/\/www.europesays.com\/fr\/564999\/","title":{"rendered":"M\u00e9t\u00e9o \u00cele-de-France d\u00e9cembre 2025 : quelles tendances pour la r\u00e9gion\u2009?"},"content":{"rendered":"<p>La m\u00e9t\u00e9o en \u00cele-de-France pour d\u00e9cembre 2025 s\u2019annonce typiquement hivernale, plut\u00f4t douce pour la saison, avec une alternance de nuages bas, de pluies faibles et de rares \u00e9claircies. Les risques de froid intense et de neige semblent limit\u00e9s \u00e0 ce stade, m\u00eame si quelques nuits plus fra\u00eeches restent possibles.<\/p>\n<p>                                            M\u00e9t\u00e9o \u00cele-de-France d\u00e9cembre 2025 : un d\u00e9but de mois doux et tr\u00e8s nuageux<\/p>\n<p>Pour la premi\u00e8re quinzaine de d\u00e9cembre 2025, la <strong>m\u00e9t\u00e9o en <\/strong><a href=\"https:\/\/www.meteocity.com\/france\/ile-de-france-r3012874\" target=\"_blank\" rel=\"noopener\"><strong>\u00cele-de-France<\/strong><\/a> s\u2019inscrit dans un r\u00e9gime oc\u00e9anique perturb\u00e9. Ce type de situation correspond \u00e0 une succession de perturbations venues de l\u2019Atlantique, apportant nuages, pluies \u00e9parses et temp\u00e9ratures relativement douces.<\/p>\n<p>Sur <a href=\"https:\/\/www.meteocity.com\/france\/paris-v2988507\" target=\"_blank\" rel=\"noopener\">Paris<\/a> et la petite couronne, les maximales devraient souvent se situer entre 8 et 11 \u00b0C en journ\u00e9e, avec des minimales autour de 4 \u00e0 7 \u00b0C. Ces temp\u00e9ratures se situent l\u00e9g\u00e8rement au-dessus des moyennes climatologiques de d\u00e9cembre, qui tournent habituellement autour de 7 \u00b0C pour les maximales et 3 \u00b0C pour les minimales.<\/p>\n<p>Les pr\u00e9visions indiquent une dominante de <strong>nuages bas<\/strong> et de brouillards matinaux, notamment en grande couronne (Seine-et-Marne, Essonne, Yvelines, Val-d\u2019Oise). Les brouillards sont des condensations de vapeur d\u2019eau au niveau du sol, qui r\u00e9duisent la visibilit\u00e9 \u00e0 moins de 1 km. Ils pourront parfois se montrer tenaces, limitant la hausse des temp\u00e9ratures en journ\u00e9e.<\/p>\n<p>    Alternance de pluies faibles et d\u2019\u00e9claircies<\/p>\n<p>La m\u00e9t\u00e9o en \u00cele-de-France en d\u00e9cembre 2025 s\u2019annonce plut\u00f4t humide, sans \u00e9pisode pluvieux majeur attendu pour l\u2019instant. On attend surtout des <strong>pluies faibles \u00e0 mod\u00e9r\u00e9es<\/strong>, parfois continues, li\u00e9es au passage de fronts oc\u00e9aniques.<\/p>\n<p>Ces fronts sont des zones de contact entre masses d\u2019air de temp\u00e9ratures diff\u00e9rentes. Ils s\u2019accompagnent g\u00e9n\u00e9ralement de nuages \u00e9pais (stratus et nimbostratus) et de pr\u00e9cipitations r\u00e9guli\u00e8res. Sur la r\u00e9gion francilienne, ces passages pluvieux devraient se succ\u00e9der tous les 2 \u00e0 3 jours en moyenne.<\/p>\n<p>Entre deux perturbations, des p\u00e9riodes plus calmes apporteront quelques <strong>\u00e9claircies<\/strong>, surtout l\u2019apr\u00e8s-midi. On peut s\u2019attendre \u00e0 des moments plus lumineux, mais de courte dur\u00e9e, avec un ciel souvent partag\u00e9 entre cumulus et voiles nuageux.<\/p>\n<p>    Des temp\u00e9ratures souvent au-dessus des normales de saison<\/p>\n<p>La tendance dominante de cette <strong>m\u00e9t\u00e9o \u00cele-de-France d\u00e9cembre 2025<\/strong> reste la douceur. Les masses d\u2019air, d\u2019origine oc\u00e9anique, emp\u00eachent pour l\u2019instant l\u2019installation d\u2019un froid continental durable sur la r\u00e9gion.<\/p>\n<p>En d\u00e9but et milieu de mois, les temp\u00e9ratures maximales devraient r\u00e9guli\u00e8rement afficher 8 \u00e0 11 \u00b0C, localement 12 \u00b0C lors des journ\u00e9es les plus douces en centre-ville de Paris, gr\u00e2ce \u00e0 l\u2019\u00eelot de chaleur urbain. Ce ph\u00e9nom\u00e8ne correspond \u00e0 un r\u00e9chauffement local li\u00e9 aux b\u00e2timents, aux routes et \u00e0 l\u2019activit\u00e9 humaine, qui retiennent et restituent la chaleur.<\/p>\n<p>Les minimales oscilleraient autour de 3 \u00e0 6 \u00b0C en banlieue, un peu plus en c\u0153ur d\u2019agglom\u00e9ration. Le risque de gel\u00e9es g\u00e9n\u00e9ralis\u00e9es appara\u00eet limit\u00e9. On pourrait tout de m\u00eame observer quelques nuits proches de 0 \u00b0C dans les zones les plus rurales de Seine-et-Marne ou du Vexin, notamment en cas de ciel d\u00e9gag\u00e9 et de vent faible.<\/p>\n<p>    Risques de neige et de verglas : une probabilit\u00e9 faible mais non nulle<\/p>\n<p>Pour l\u2019instant, la <strong>m\u00e9t\u00e9o en \u00cele-de-France pour d\u00e9cembre 2025<\/strong> n\u2019indique pas de tendance nette \u00e0 des chutes de neige significatives en plaine. La douceur oc\u00e9anique limite le refroidissement n\u00e9cessaire pour transformer la pluie en neige \u00e0 basse altitude.<\/p>\n<p>On ne peut toutefois pas exclure un <strong>\u00e9pisode ponctuel de pluie et neige m\u00eal\u00e9es<\/strong>, voire quelques flocons isol\u00e9s, notamment en fin de nuit ou au petit matin, lorsque les temp\u00e9ratures se rapprochent de 0 \u00b0C \u00e0 1 \u00b0C. Ce type de situation se produit souvent lors du passage d\u2019averses plus intenses, capables de refroidir temporairement la masse d\u2019air.<\/p>\n<p>Le <strong>verglas<\/strong>, qui correspond \u00e0 une fine couche de glace se formant sur les surfaces froides apr\u00e8s des pluies par temp\u00e9ratures proches ou inf\u00e9rieures \u00e0 0 \u00b0C, appara\u00eet peu probable \u00e0 grande \u00e9chelle pour le moment. Il pourrait toutefois survenir localement en cas de brouillards givrants ou de petites gel\u00e9es nocturnes.<\/p>\n<p>    M\u00e9t\u00e9o \u00cele-de-France : quelles tendances pour la seconde partie de d\u00e9cembre 2025\u2009?<\/p>\n<p>\u00c0 plus longue \u00e9ch\u00e9ance, la deuxi\u00e8me partie de d\u00e9cembre 2025 en \u00cele-de-France devrait rester domin\u00e9e par un <strong>flux oc\u00e9anique<\/strong>, m\u00eame si de possibles incursions d\u2019air un peu plus froid venu du nord-ouest ne sont pas exclues.<\/p>\n<p>On conserverait donc une alternance de perturbations pluvieuses et de courtes p\u00e9riodes plus calmes. Les temp\u00e9ratures resteraient proches ou l\u00e9g\u00e8rement au-dessus des normales, avec des maximales autour de 6 \u00e0 9 \u00b0C en moyenne, et des minimales proches de 2 \u00e0 4 \u00b0C.<\/p>\n<p>Un changement de r\u00e9gime vers un temps plus froid et plus sec, de type anticyclonique continental, reste possible mais n\u2019appara\u00eet pas comme le sc\u00e9nario dominant pour l\u2019instant. Dans ce cas, on verrait davantage de gel\u00e9es matinales, un ciel plus d\u00e9gag\u00e9, mais aussi un air plus froid malgr\u00e9 un vent faible.<\/p>\n","protected":false},"excerpt":{"rendered":"La m\u00e9t\u00e9o en \u00cele-de-France pour d\u00e9cembre 2025 s\u2019annonce typiquement hivernale, plut\u00f4t douce pour la saison, avec une alternance&hellip;\n","protected":false},"author":2,"featured_media":565000,"comment_status":"","ping_status":"","sticky":false,"template":"","format":"standard","meta":{"footnotes":""},"categories":[1592],"tags":[1111,11,1777,674,1011,27,662,12,626,25],"class_list":{"0":"post-564999","1":"post","2":"type-post","3":"status-publish","4":"format-standard","5":"has-post-thumbnail","7":"category-ile-de-france","8":"tag-actu","9":"tag-actualites","10":"tag-eu","11":"tag-europe","12":"tag-fr","13":"tag-france","14":"tag-ile-de-france","15":"tag-news","16":"tag-paris","17":"tag-republique-francaise"},"share_on_mastodon":{"url":"https:\/\/pubeurope.com\/@fr\/115628664642814988","error":""},"_links":{"self":[{"href":"https:\/\/www.europesays.com\/fr\/wp-json\/wp\/v2\/posts\/564999","targetHints":{"allow":["GET"]}}],"collection":[{"href":"https:\/\/www.europesays.com\/fr\/wp-json\/wp\/v2\/posts"}],"about":[{"href":"https:\/\/www.europesays.com\/fr\/wp-json\/wp\/v2\/types\/post"}],"author":[{"embeddable":true,"href":"https:\/\/www.europesays.com\/fr\/wp-json\/wp\/v2\/users\/2"}],"replies":[{"embeddable":true,"href":"https:\/\/www.europesays.com\/fr\/wp-json\/wp\/v2\/comments?post=564999"}],"version-history":[{"count":0,"href":"https:\/\/www.europesays.com\/fr\/wp-json\/wp\/v2\/posts\/564999\/revisions"}],"wp:featuredmedia":[{"embeddable":true,"href":"https:\/\/www.europesays.com\/fr\/wp-json\/wp\/v2\/media\/565000"}],"wp:attachment":[{"href":"https:\/\/www.europesays.com\/fr\/wp-json\/wp\/v2\/media?parent=564999"}],"wp:term":[{"taxonomy":"category","embeddable":true,"href":"https:\/\/www.europesays.com\/fr\/wp-json\/wp\/v2\/categories?post=564999"},{"taxonomy":"post_tag","embeddable":true,"href":"https:\/\/www.europesays.com\/fr\/wp-json\/wp\/v2\/tags?post=564999"}],"curies":[{"name":"wp","href":"https:\/\/api.w.org\/{rel}","templated":true}]}}