{"id":565001,"date":"2025-11-28T18:14:28","date_gmt":"2025-11-28T18:14:28","guid":{"rendered":"https:\/\/www.europesays.com\/fr\/565001\/"},"modified":"2025-11-28T18:14:28","modified_gmt":"2025-11-28T18:14:28","slug":"visiter-ces-monuments-celebres-de-paris-va-couter-plus-cher-mais-pas-pour-tout-le-monde","status":"publish","type":"post","link":"https:\/\/www.europesays.com\/fr\/565001\/","title":{"rendered":"Visiter ces monuments c\u00e9l\u00e8bres de Paris va co\u00fbter plus cher, mais pas pour tout le monde"},"content":{"rendered":"<p>                    Par<br \/>\n        <strong><br \/>\n            <a href=\"https:\/\/actu.fr\/auteur\/thomas-rideau\" title=\"Consulter tous les articles de Thomas Rideau\" target=\"_blank\" rel=\"noopener\">Thomas Rideau<\/a><br \/>\n                    <\/strong><\/p>\n<p>        Publi\u00e9 le<\/p>\n<p>            28 nov. 2025 \u00e0 18h59        <\/p>\n<p>Mauvaise nouvelle \u2013 surtout pour les touristes. <strong>Le prix<\/strong> pour acc\u00e9der aux monuments les plus iconiques du patrimoine de France et de <a href=\"https:\/\/actu.fr\/ile-de-france\/paris_75056\" target=\"_blank\" rel=\"noopener\">Paris<\/a> va augmenter. \u00ab\u2009<strong>Une tarification diff\u00e9renci\u00e9e<\/strong>\u2009\u00bb, va \u00eatre mise en place par le minist\u00e8re de la Culture d\u00e8s la rentr\u00e9e de 2026. \u00e0 Paris, <a href=\"https:\/\/actu.fr\/tag\/musee-du-louvre\" target=\"_blank\" rel=\"noopener\">le Louvre<\/a>, Versailles (dans les Yvelines), <strong>l\u2019Op\u00e9ra national de Paris<\/strong> et la Sainte Chapelle sont concern\u00e9s.<\/p>\n<p>Une augmentation autour de 10 euros<\/p>\n<p class=\" wall-content\">Cette tarification est mise en place pour \u00ab\u2009financer les grands investissements <a href=\"https:\/\/actu.fr\/tag\/patrimoine\" target=\"_blank\" rel=\"noopener\">des \u00e9tablissements culturels<\/a> les plus fr\u00e9quent\u00e9s\u2009\u00bb. Cette nouvelle tarification qui va faire grimper <strong>le prix d\u2019un billet d\u2019environ 10\u00a0euros<\/strong> va concerner uniquement les visiteurs non-r\u00e9sident de l\u2019Union europ\u00e9enne.<\/p>\n<p class=\" wall-content\">\u00ab\u2009Cette nouvelle tarification g\u00e9n\u00e9rera, au total, <strong>environ 20 \u00e0 30 millions d\u2019euros<\/strong> de recettes pour l\u2019ensemble des \u00e9tablissements concern\u00e9s par cette mesure\u2009\u00bb, assure le minist\u00e8re.<\/p>\n<p class=\" wall-content\">\u00ab\u2009La mise en place de cette tarification diff\u00e9renci\u00e9e s\u2019inscrit dans la strat\u00e9gie de d\u00e9veloppement <strong>de nouvelles ressources de financement<\/strong> innovantes pour r\u00e9pondre aux besoins d\u2019investissement du patrimoine des Fran\u00e7ais, notamment en mati\u00e8re de restauration de monuments historiques.\u2009\u00bb<\/p>\n<p class=\" wall-content\">Personnalisez votre actualit\u00e9 en ajoutant vos villes et m\u00e9dias en favori avec <a href=\"https:\/\/moncompte.actu.fr\" title=\"D\u00e9couvez Mon Actu\" rel=\"nofollow noopener\" data-trk=\"{&quot;cta&quot;:{&quot;action&quot;:&quot;https:\\\/\\\/moncompte.actu.fr&quot;,&quot;category&quot;:&quot;mon compte&quot;,&quot;from&quot;:&quot;article footer&quot;,&quot;name&quot;:&quot;Mon actu&quot;,&quot;type&quot;:&quot;cta&quot;}}\" target=\"_blank\">Mon Actu<\/a>.<\/p>\n","protected":false},"excerpt":{"rendered":"Par Thomas Rideau Publi\u00e9 le 28 nov. 2025 \u00e0 18h59 Mauvaise nouvelle \u2013 surtout pour les touristes. Le&hellip;\n","protected":false},"author":2,"featured_media":565002,"comment_status":"","ping_status":"","sticky":false,"template":"","format":"standard","meta":{"footnotes":""},"categories":[1888],"tags":[1111,1928,11,1927,1777,674,1011,27,937,12,1926,626,1925,2551,25,104],"class_list":{"0":"post-565001","1":"post","2":"type-post","3":"status-publish","4":"format-standard","5":"has-post-thumbnail","7":"category-paris","8":"tag-actu","9":"tag-actu-paris","10":"tag-actualites","11":"tag-actualites-paris","12":"tag-eu","13":"tag-europe","14":"tag-fr","15":"tag-france","16":"tag-histoire","17":"tag-news","18":"tag-news-paris","19":"tag-paris","20":"tag-paris-news","21":"tag-patrimoine","22":"tag-republique-francaise","23":"tag-societe"},"share_on_mastodon":{"url":"https:\/\/pubeurope.com\/@fr\/115628688223260518","error":""},"_links":{"self":[{"href":"https:\/\/www.europesays.com\/fr\/wp-json\/wp\/v2\/posts\/565001","targetHints":{"allow":["GET"]}}],"collection":[{"href":"https:\/\/www.europesays.com\/fr\/wp-json\/wp\/v2\/posts"}],"about":[{"href":"https:\/\/www.europesays.com\/fr\/wp-json\/wp\/v2\/types\/post"}],"author":[{"embeddable":true,"href":"https:\/\/www.europesays.com\/fr\/wp-json\/wp\/v2\/users\/2"}],"replies":[{"embeddable":true,"href":"https:\/\/www.europesays.com\/fr\/wp-json\/wp\/v2\/comments?post=565001"}],"version-history":[{"count":0,"href":"https:\/\/www.europesays.com\/fr\/wp-json\/wp\/v2\/posts\/565001\/revisions"}],"wp:featuredmedia":[{"embeddable":true,"href":"https:\/\/www.europesays.com\/fr\/wp-json\/wp\/v2\/media\/565002"}],"wp:attachment":[{"href":"https:\/\/www.europesays.com\/fr\/wp-json\/wp\/v2\/media?parent=565001"}],"wp:term":[{"taxonomy":"category","embeddable":true,"href":"https:\/\/www.europesays.com\/fr\/wp-json\/wp\/v2\/categories?post=565001"},{"taxonomy":"post_tag","embeddable":true,"href":"https:\/\/www.europesays.com\/fr\/wp-json\/wp\/v2\/tags?post=565001"}],"curies":[{"name":"wp","href":"https:\/\/api.w.org\/{rel}","templated":true}]}}