{"id":565021,"date":"2025-11-28T18:26:22","date_gmt":"2025-11-28T18:26:22","guid":{"rendered":"https:\/\/www.europesays.com\/fr\/565021\/"},"modified":"2025-11-28T18:26:22","modified_gmt":"2025-11-28T18:26:22","slug":"orban-defie-lue-a-moscou-et-promet-a-poutine-de-continuer-a-importer-les-hydrocarbures-russes","status":"publish","type":"post","link":"https:\/\/www.europesays.com\/fr\/565021\/","title":{"rendered":"Orban d\u00e9fie l\u2019UE \u00e0 Moscou et promet \u00e0 Poutine de continuer \u00e0 importer les hydrocarbures russes"},"content":{"rendered":"<p class=\"paragraph text_align_left lp-f-body-02\">Le Premier ministre hongrois <a href=\"https:\/\/www.leparisien.fr\/international\/viktor-orban\/\" target=\"_blank\" rel=\"noreferrer noopener\">Viktor Orban<\/a> a promis vendredi, lors d\u2019une rencontre avec le pr\u00e9sident <a href=\"https:\/\/www.leparisien.fr\/international\/vladimir-poutine\/\" target=\"_blank\" rel=\"noreferrer noopener\">Vladimir Poutine<\/a> au Kremlin, de poursuivre les <a href=\"https:\/\/www.leparisien.fr\/international\/nous-navons-aucune-autre-option-la-hongrie-refuse-de-cesser-dimporter-du-petrole-russe-malgre-la-pression-de-lue-01-10-2025-C2RTOE3CBRF7VMOY6JZ6SIFISE.php\" target=\"_blank\" rel=\"noreferrer noopener\">importations d\u2019hydrocarbures russes dont la Hongrie continue de d\u00e9pendre<\/a>, d\u00e9fiant une nouvelle fois l\u2019Union europ\u00e9enne sur le sujet.<\/p>\n<p class=\"paragraph text_align_left lp-f-body-02\">\u00ab Je tiens \u00e0 r\u00e9affirmer que les approvisionnements \u00e9nerg\u00e9tiques en provenance de Russie constituent actuellement la base de l\u2019approvisionnement \u00e9nerg\u00e9tique de la Hongrie et qu\u2019ils le resteront \u00e0 l\u2019avenir \u00bb, a d\u00e9clar\u00e9 Viktor Orban selon des propos retransmis \u00e0 la t\u00e9l\u00e9vision.<\/p>\n<p>Poutine se dit \u00ab tr\u00e8s heureux \u00bb<\/p>\n<p class=\"paragraph text_align_left lp-f-body-02\">Rare dirigeant europ\u00e9en proche \u00e0 la fois du pr\u00e9sident am\u00e9ricain et du pr\u00e9sident russe, Viktor Orban n\u2019a pas cherch\u00e9 \u00e0 diversifier r\u00e9ellement les importations de son pays depuis le d\u00e9clenchement de l\u2019offensive russe en Ukraine en f\u00e9vrier 2022, \u00e0 rebours de nombre de ses voisins europ\u00e9ens.<\/p>\n<p class=\"paragraph text_align_left lp-f-body-02\">\u00ab Nous n\u2019avons renonc\u00e9 \u00e0 la coop\u00e9ration dans aucun domaine, en d\u00e9pit de toutes les pressions ext\u00e9rieures \u00bb, a affirm\u00e9 Viktor Orban. Le pr\u00e9sident russe, de son c\u00f4t\u00e9, s\u2019est dit \u00ab tr\u00e8s heureux \u00bb de la poursuite des relations entre les deux pays bas\u00e9es selon lui sur le \u00ab pragmatisme \u00bb.<\/p>\n<p class=\"paragraph text_align_left lp-f-body-02\">Cette rencontre va, \u00e0 coup s\u00fbr, provoquer la col\u00e8re \u00e0 Bruxelles alors que le bloc europ\u00e9en tente de s\u2019affranchir de la d\u00e9pendance aux hydrocarbures russes et continue d\u2019adopter des sanctions pour faire pression sur Moscou et tenter de mettre fin au pire conflit sur le sol europ\u00e9en depuis la Seconde guerre mondiale.<\/p>\n<p>La position \u00ab \u00e9quilibr\u00e9e \u00bb du dirigeant hongrois sur \u00ab la question ukrainienne \u00bb<\/p>\n<p class=\"paragraph text_align_left lp-f-body-02\">Viktor Orban a annonc\u00e9 plus t\u00f4t ce mois-ci avoir saisi la Cour de justice de l\u2019Union europ\u00e9enne (CJUE) pour s\u2019opposer \u00e0 la d\u00e9cision par la majorit\u00e9 des Etats membres d\u2019approuver en octobre le principe d\u2019une interdiction, d\u2019ici fin 2027, des importations de gaz naturel russe.<\/p>\n<p class=\"paragraph text_align_left lp-f-body-02\">Le pr\u00e9sident russe a salu\u00e9 de son c\u00f4t\u00e9 le maintien des relations entre Moscou et Budapest \u00ab malgr\u00e9 toutes les difficult\u00e9s d\u2019aujourd\u2019hui \u00bb, ainsi que la position \u00ab \u00e9quilibr\u00e9e \u00bb du dirigeant hongrois sur \u00ab la question ukrainienne \u00bb.<\/p>\n<p class=\"paragraph text_align_left lp-f-body-02\">Viktor Orban a refus\u00e9 d\u2019envoyer une aide militaire \u00e0 l\u2019Ukraine et il s\u2019est oppos\u00e9, au sein de l\u2019Otan et de l\u2019Union europ\u00e9enne, \u00e0 une action plus ferme contre la Russie.<\/p>\n<p class=\"paragraph text_align_left lp-f-body-02\">\u00c0 quelques mois d\u2019\u00e9lections l\u00e9gislatives qu\u2019il n\u2019est pas s\u00fbr de remporter, Viktor Orban a d\u00e9clar\u00e9 sur Facebook en amont de la rencontre vouloir s\u00e9curiser l\u2019approvisionnement \u00e9nerg\u00e9tique \u00ab \u00e0 un prix abordable \u00bb, vantant les prix bas de l\u2019\u00e9nergie dans son pays gr\u00e2ce \u00e0 son acc\u00e8s au gaz et au p\u00e9trole russes.<\/p>\n<p class=\"paragraph text_align_left lp-f-body-02\">Il a rappel\u00e9 s\u2019\u00eatre rendu aux \u00c9tats-Unis d\u00e9but novembre, o\u00f9 il a obtenu du pr\u00e9sident am\u00e9ricain <a href=\"https:\/\/www.leparisien.fr\/international\/etats-unis\/donald-trump\/\" target=\"_blank\" rel=\"noreferrer noopener\">Donald Trump<\/a> une d\u00e9rogation aux sanctions am\u00e9ricaines li\u00e9es au p\u00e9trole russe, valable un an.<\/p>\n<p>La Hongrie pr\u00eate \u00ab servir de lieu pour des n\u00e9gociations de paix \u00bb<\/p>\n<p class=\"paragraph text_align_left lp-f-body-02\">\u00ab Nous avons r\u00e9ussi, ce qui est excellent \u00bb, a-t-il dit avant de se rendre au Kremlin, ajoutant que \u00ab maintenant, tout ce dont nous avons besoin, c\u2019est de gaz et de p\u00e9trole, que nous pouvons acheter aux Russes \u00bb.<\/p>\n<p class=\"paragraph text_align_left lp-f-body-02\">\u00ab Nous esp\u00e9rons vivement que les propositions de paix sur la table conduiront \u00e0 un cessez-le-feu et \u00e0 la paix, \u00bb a d\u00e9clar\u00e9 Viktor Orban au Kremlin, en r\u00e9f\u00e9rence au plan de sortie du conflit pr\u00e9sent\u00e9 la semaine derni\u00e8re par les Etats-Unis et amend\u00e9 depuis apr\u00e8s des consultations avec l\u2019Ukraine.<\/p>\n<p class=\"paragraph text_align_left lp-f-body-02\">Affirmant que la Hongrie \u00ab subit des pertes \u00e9conomiques importantes \u00bb \u00e0 cause de la guerre, Viktor Orban a r\u00e9it\u00e9r\u00e9 que la Hongrie \u00e9tait pr\u00eate \u00e0 \u00ab servir de lieu pour des n\u00e9gociations de paix \u00bb. Une rencontre un temps annonc\u00e9e entre Donald Trump et Vladimir Poutine en octobre \u00e0 Budapest n\u2019a finalement pas eu lieu.<\/p>\n<p class=\"paragraph text_align_left lp-f-body-02\">Jeudi, Vladimir Poutine a r\u00e9p\u00e9t\u00e9 que le conflit ne prendrait fin que si l\u2019Ukraine acceptait de renoncer aux territoires dont Moscou revendique l\u2019annexion, faute de quoi l\u2019arm\u00e9e russe les prendra \u00ab par la force \u00bb.<\/p>\n","protected":false},"excerpt":{"rendered":"Le Premier ministre hongrois Viktor Orban a promis vendredi, lors d\u2019une rencontre avec le pr\u00e9sident Vladimir Poutine au&hellip;\n","protected":false},"author":2,"featured_media":565022,"comment_status":"","ping_status":"","sticky":false,"template":"","format":"standard","meta":{"footnotes":""},"categories":[1586],"tags":[11,1777,674,1779,1011,27,14,12,25,1778,364],"class_list":{"0":"post-565021","1":"post","2":"type-post","3":"status-publish","4":"format-standard","5":"has-post-thumbnail","7":"category-europe","8":"tag-actualites","9":"tag-eu","10":"tag-europe","11":"tag-european-union","12":"tag-fr","13":"tag-france","14":"tag-international","15":"tag-news","16":"tag-republique-francaise","17":"tag-ue","18":"tag-union-europeenne"},"share_on_mastodon":{"url":"https:\/\/pubeurope.com\/@fr\/115628735383730013","error":""},"_links":{"self":[{"href":"https:\/\/www.europesays.com\/fr\/wp-json\/wp\/v2\/posts\/565021","targetHints":{"allow":["GET"]}}],"collection":[{"href":"https:\/\/www.europesays.com\/fr\/wp-json\/wp\/v2\/posts"}],"about":[{"href":"https:\/\/www.europesays.com\/fr\/wp-json\/wp\/v2\/types\/post"}],"author":[{"embeddable":true,"href":"https:\/\/www.europesays.com\/fr\/wp-json\/wp\/v2\/users\/2"}],"replies":[{"embeddable":true,"href":"https:\/\/www.europesays.com\/fr\/wp-json\/wp\/v2\/comments?post=565021"}],"version-history":[{"count":0,"href":"https:\/\/www.europesays.com\/fr\/wp-json\/wp\/v2\/posts\/565021\/revisions"}],"wp:featuredmedia":[{"embeddable":true,"href":"https:\/\/www.europesays.com\/fr\/wp-json\/wp\/v2\/media\/565022"}],"wp:attachment":[{"href":"https:\/\/www.europesays.com\/fr\/wp-json\/wp\/v2\/media?parent=565021"}],"wp:term":[{"taxonomy":"category","embeddable":true,"href":"https:\/\/www.europesays.com\/fr\/wp-json\/wp\/v2\/categories?post=565021"},{"taxonomy":"post_tag","embeddable":true,"href":"https:\/\/www.europesays.com\/fr\/wp-json\/wp\/v2\/tags?post=565021"}],"curies":[{"name":"wp","href":"https:\/\/api.w.org\/{rel}","templated":true}]}}