{"id":565028,"date":"2025-11-28T18:32:12","date_gmt":"2025-11-28T18:32:12","guid":{"rendered":"https:\/\/www.europesays.com\/fr\/565028\/"},"modified":"2025-11-28T18:32:12","modified_gmt":"2025-11-28T18:32:12","slug":"voici-pourquoi-thomas-detry-sera-encore-plus-fort-en-2026-avoir-des-gros-bras-ne-sert-a-rien-en-golf","status":"publish","type":"post","link":"https:\/\/www.europesays.com\/fr\/565028\/","title":{"rendered":"Voici pourquoi Thomas Detry sera encore plus fort en 2026 : \u00ab\u00a0Avoir des gros bras ne sert \u00e0 rien en golf\u00a0\u00bb"},"content":{"rendered":"<p class=\"ap-StoryElement ap-StoryElement--mb ap-StoryText\">En cette fin d&rsquo;ann\u00e9e, ses priorit\u00e9s sont ailleurs. L&rsquo;ancien hockeyeur du Royal L\u00e9opold Club sis \u00e0 Uccle travaille comme un beau diable dans l&rsquo;ombre pour se b\u00e2tir un outil de travail qui lui permette de r\u00e9aliser ses plus grands r\u00eaves en 2026. Depuis des semaines, il sue en salle de sport pour travailler le foncier. Pr\u00e9sent \u00e0 Duba\u00ef avec sa famille, il s&rsquo;est confi\u00e9 sur les enjeux de cette p\u00e9riode de fin.<\/p>\n<p class=\"ap-StoryElement ap-StoryElement--mb ap-StoryText\"><b>Thomas Detry, quelle place occupera la saison 2025 dans votre carri\u00e8re ?<\/b><\/p>\n<p class=\"ap-StoryElement ap-StoryElement--mb ap-StoryText\">Le souvenir reste bon. J&rsquo;ai v\u00e9cu quelques feux d&rsquo;artifice. Mon US Open a \u00e9t\u00e9 bon. J&rsquo;ai remport\u00e9 mon premier titre sur le PGA (Phoenix). J&rsquo;ai achev\u00e9 la saison dans le top 50. J&rsquo;ai atteint mes deux objectifs principaux. Gr\u00e2ce \u00e0 mon top 50, j&rsquo;ai ma carte compl\u00e8te pour 2026. J&rsquo;ai accompli une belle ann\u00e9e. Si je regarde en arri\u00e8re, je prends quelques pourcents chaque ann\u00e9e. Je suis certain d&rsquo;\u00eatre un joueur plus complet qu&rsquo;il y a deux ans.<\/p>\n<p class=\"ap-StoryElement ap-StoryElement--mb ap-StoryText\"><b>L&rsquo;ann\u00e9e 2025 vous a r\u00e9serv\u00e9 quelques infortunes aussi\u2026<\/b><\/p>\n<p class=\"ap-StoryElement ap-StoryElement--mb ap-StoryText\">Je garde toujours un souvenir amer par rapport \u00e0 la Ryder Cup. J&rsquo;aurais \u00e9galement aim\u00e9 achever l&rsquo;ann\u00e9e dans le top 30 afin de disputer le Tour Championship. Mais, je le r\u00e9p\u00e8te, globalement, la saison a \u00e9t\u00e9 bonne. Je peux construire mon ann\u00e9e 2026 sur les bases de 2025. Je sens que je continue \u00e0 progresser chaque ann\u00e9e. Je ne traverse pas de grands creux. Je n&rsquo;ai jamais eu une grosse saison vide.<\/p>\n<p class=\"ap-StoryElement ap-StoryElement--mb ap-StoryText\"><b>Du septembre \u00e0 janvier, votre agenda s&rsquo;est all\u00e9g\u00e9. Comment avez-vous d\u00e9coup\u00e9 les blocs de travail afin d&rsquo;arriver sur votre premier tournoi PGA en 2026 dans les meilleures conditions ?<\/b><\/p>\n<p class=\"ap-StoryElement ap-StoryElement--mb ap-StoryText\">Ma saison s&rsquo;est achev\u00e9e aux \u00c9tats-Unis fin ao\u00fbt. Ensuite, j&rsquo;ai disput\u00e9 quelques tournois en Europe. Mon calendrier \u00e9tait vraiment plus l\u00e9ger. Je ne ressens pas du tout le besoin de ranger mes clubs au garage.<\/p>\n<p class=\"ap-StoryElement ap-StoryElement--mb ap-StoryText\"><b>Quand avez-vous d\u00e9marr\u00e9 votre travail foncier ?<\/b><\/p>\n<p class=\"ap-StoryElement ap-StoryElement--mb ap-StoryText\">Comme la saison est longue et intense entre janvier et ao\u00fbt, je dois profiter des derniers mois de l&rsquo;ann\u00e9e pour travailler le foncier. Durant la saison, je dois me contenter d&rsquo;un peu d&rsquo;entretien sur un plan physique. Durant deux mois et demi, je bosse mon physique tous les jours. Je vis \u00e0 Duba\u00ef \u00e0 45 minutes de la maison de mon coach J\u00e9r\u00f4me Theunis. Nous nous voyons tous les jours ou presque.<\/p>\n<p class=\"ap-StoryElement ap-StoryElement--mb ap-StoryText\"><b>Que signifie le travail physique pour un golfeur professionnel ?<\/b><\/p>\n<p class=\"ap-StoryElement ap-StoryElement--mb ap-StoryText\">Le bas du corps est essentiel. Je travaille d&rsquo;abord sur la force avec des squats, des bonds\u2026 Ensuite, je bosse sur la vitesse avec des exercices d&rsquo;explosivit\u00e9 (sauts lat\u00e9raux\u2026). Je dois cr\u00e9er de la vitesse. Tout se fait \u00e0 100 % en salle. Moi, j&rsquo;adore cette p\u00e9riode. Je me sens un autre homme quand j&rsquo;ai les jambes fortes. Je le sens dans mon swing qui est nettement meilleur. Avoir des gros bras ne sert \u00e0 rien en golf. J&rsquo;ai des amis muscl\u00e9s qui n&rsquo;ont aucune vitesse. Je travaille aussi au niveau du dos et du gainage des abdos. Je ne bosse pas sp\u00e9cifiquement au niveau du cou \u00e0 l&rsquo;image d&rsquo;un pilote de Formule Un.<\/p>\n<p><a href=\"https:\/\/www.lalibre.be\/sports\/golf\/2025\/08\/21\/je-me-sens-a-bout-confie-thomas-detry-prive-de-tour-championship-et-de-ryder-cup-YFE3WBFXANAGVFP5524FSNEO7Y\/\" target=\"_self\" rel=\"noopener noreferrer\" class=\"ap-StoryInterstitialLink ap-StoryElement ap-StoryElement--mb\">Detry sur sa fin de saison: \u00ab\u00a0Je me sens \u00e0 bout\u00a0\u00bb<\/a><\/p>\n<p class=\"ap-StoryElement ap-StoryElement--mb ap-StoryText\"><b>Quel est le programme d&rsquo;une journ\u00e9e-type ?<\/b><\/p>\n<p class=\"ap-StoryElement ap-StoryElement--mb ap-StoryText\">Je me rends \u00e0 la salle \u00e0 sept heures. Je suis une session d&rsquo;une heure et demie du lundi au vendredi. Les exercices sont costauds. \u00c0 midi, je rejoins mon coach. Nous travaillons \u00e0 deux sur le terrain. Je partage une partie avec lui. Les jeudis et vendredis, je joue avec des amis pros ou de tr\u00e8s bons amateurs. Nous nous fixons des enjeux. Je vous garantis que le niveau est tr\u00e8s comp\u00e9titif.<\/p>\n<p class=\"ap-StoryElement ap-StoryElement--mb ap-StoryText\"><b>Quel est le r\u00f4le de J\u00e9r\u00f4me Theunis durant cette p\u00e9riode ?<\/b><\/p>\n<p class=\"ap-StoryElement ap-StoryElement--mb ap-StoryText\">Il est l\u00e0 pour moi. Je le vois un maximum. Nous avons l&rsquo;occasion de travailler de mani\u00e8re pr\u00e9cise et compl\u00e8te. Durant l&rsquo;ann\u00e9e, il me rejoint aux \u00c9tats-Unis une semaine par mois. Nous avons pr\u00e9vu de jouer un tournoi en Afrique du Sud d\u00e9but d\u00e9cembre. Ensuite, je travaillerai \u00e0 Duba\u00ef jusqu&rsquo;\u00e0 la mi-d\u00e9cembre.<\/p>\n<p class=\"ap-StoryElement ap-StoryElement--mb ap-StoryText\"><b>Et ensuite ?<\/b><\/p>\n<p class=\"ap-StoryElement ap-StoryElement--mb ap-StoryText\">L&rsquo;an pass\u00e9, nous avons pass\u00e9 les f\u00eates de fin d&rsquo;ann\u00e9e \u00e0 Duba\u00ef sous 25 degr\u00e9s. Je m&rsquo;entra\u00eenais au golf tous les jours. Cette ann\u00e9e, nous revenons \u00e0 Londres dans ma belle-famille le 15 d\u00e9cembre. Je jouerai forc\u00e9ment moins en raison du climat en Europe.<\/p>\n<p class=\"ap-StoryElement ap-StoryElement--mb ap-StoryText\"><b>\u00cates-vous un adepte de la f\u00eate de No\u00ebl ?<\/b><\/p>\n<p class=\"ap-StoryElement ap-StoryElement--mb ap-StoryText\">Bien s\u00fbr. Mes plus beaux souvenirs sont li\u00e9s \u00e0 mes enfants. Avec eux, No\u00ebl est magique depuis deux ans. Je me souviens aussi, il y a longtemps, avoir v\u00e9cu un No\u00ebl blanc \u00e0 Bruxelles.<\/p>\n<p class=\"ap-StoryElement ap-StoryElement--mb ap-StoryText\"><b>Quel sera votre premier tournoi aux \u00c9tats-Unis en 2026 ?<\/b><\/p>\n<p class=\"ap-StoryElement ap-StoryElement--mb ap-StoryText\">Je me rendrai \u00e0 Hawa\u00ef \u00e0 la mi-janvier. Ensuite, c&rsquo;est parti pour huit mois sans interruption.<\/p>\n<p><a href=\"https:\/\/www.lalibre.be\/sports\/golf\/2025\/02\/09\/pga-phoenix-thomas-detry-signe-le-plus-grand-exploit-de-lhistoire-du-golf-belge-EQ6SS5RZPFDILP7RD5HQJBLUPE\/\" target=\"_self\" rel=\"noopener noreferrer\" class=\"ap-StoryInterstitialLink ap-StoryElement ap-StoryElement--mb\">Thomas Detry signe le plus grand exploit de l&rsquo;histoire du golf belge<\/a><\/p>\n<p class=\"ap-StoryElement ap-StoryElement--mb ap-StoryText\"><b>Adrien Dumont de Chassart a valid\u00e9 sa carte sur le PGA Tour pour 2026. Quel sera l&rsquo;impact de sa pr\u00e9sence \u00e0 vos c\u00f4t\u00e9s ?<\/b><\/p>\n<p class=\"ap-StoryElement ap-StoryElement--mb ap-StoryText\">C&rsquo;est g\u00e9nial. Il a le m\u00eame coach que moi. J\u00e9r\u00f4me pourra se partager entre nous. Nous jouerons de nombreux tournois ensemble. Nous pourrons ainsi faire nos reconnaissances \u00e0 deux. Quand tu vis toute l&rsquo;ann\u00e9e loin de la Belgique, tu es toujours heureux de croiser un Belge. Je pourrai parler fran\u00e7ais avec lui. Adrien a d\u00e9j\u00e0 v\u00e9cu une saison sur le PGA. Il est revenu un an plus tard encore plus fort. Je nous souhaite \u00e0 tous les deux d&rsquo;achever la campagne dans le top 30.<\/p>\n<p class=\"ap-StoryElement ap-StoryElement--mb ap-StoryText\"><b>Dans quel \u00e9tat d&rsquo;esprit aborderez-vous l&rsquo;ann\u00e9e 2026 ?<\/b><\/p>\n<p class=\"ap-StoryElement ap-StoryElement--mb ap-StoryText\">Je garde le m\u00eame \u00e9tat d&rsquo;esprit. Certains joueurs aiment tout changer d&rsquo;une ann\u00e9e \u00e0 l&rsquo;autre. Moi, j&rsquo;aime travailler dans la continuit\u00e9. Telle est ma philosophie. J&rsquo;aime voir sur le long terme. Depuis que je travaille avec mon \u00e9quipe, je progresse chaque ann\u00e9e. Je d\u00e9marrerai 2026 avec la volont\u00e9 de grandir un peu plus encore.<\/p>\n<p class=\"ap-StoryElement ap-StoryElement--mb ap-StoryText\"><b>Qui sont les membres de votre staff ?<\/b><\/p>\n<p class=\"ap-StoryElement ap-StoryElement--mb ap-StoryText\">Je travaille \u00e9videmment avec mon coach J\u00e9r\u00f4me Theunis. J&rsquo;ai un coach pour le putting, Mike Kanski. Je dispose de deux pr\u00e9parateurs physiques, un \u00c9cossais et un Anglais. Je r\u00e9fl\u00e9chis aussi sur l&rsquo;identit\u00e9 de mon coach mental.<\/p>\n<blockquote class=\"ap-StoryQuote ap-StoryQuote--pullquote\"><p>guillement<\/p>\n<p class=\"ap-StoryQuote-text\">Je ne suis pas s\u00fbr qu&rsquo;il cherche un r\u00f4le de coach. Il est plus int\u00e9ress\u00e9 par une carri\u00e8re de commentateur \u00e0 la t\u00e9l\u00e9vision. Donc, je ne vais pas lui demander d&rsquo;\u00eatre consultant.\u00a0\u00bb<\/p>\n<\/blockquote>\n<p class=\"ap-StoryElement ap-StoryElement--mb ap-StoryText\"><b>Avez-vous demand\u00e9 au jeune retrait\u00e9 Nicolas Colsaerts d&rsquo;int\u00e9grer votre staff en tant que consultant ?<\/b><\/p>\n<p class=\"ap-StoryElement ap-StoryElement--mb ap-StoryText\">Pour un retrait\u00e9, Nicolas est un homme encore tr\u00e8s actif qui joue \u00e0 gauche et \u00e0 droite. Je le vois souvent. Il vit aussi pr\u00e8s de Duba\u00ef. Je ne suis pas s\u00fbr qu&rsquo;il cherche un r\u00f4le de coach. Il est plus int\u00e9ress\u00e9 par une carri\u00e8re de commentateur \u00e0 la t\u00e9l\u00e9vision. Donc, je ne vais pas lui demander d&rsquo;\u00eatre consultant. Nicolas a aussi beaucoup d&rsquo;enseignements \u00e0 transmettre aux jeunes Belges. Pour nous qui vivons loin du pays, c&rsquo;est plus compliqu\u00e9 de jouer un r\u00f4le au quotidien pour la f\u00e9d\u00e9ration. Je songe \u00e0 un Tom Boon. Le jour o\u00f9 le Red Lion arr\u00eatera de jouer, il pourra facilement \u00eatre au service du hockey belge car il habite \u00e0 Uccle.<\/p>\n<p class=\"ap-StoryElement ap-StoryElement--mb ap-StoryText\"><b>Et vous, avez-vous une source d&rsquo;inspiration sur le circuit PGA ?<\/b><\/p>\n<p class=\"ap-StoryElement ap-StoryElement--mb ap-StoryText\">Je suis toujours impressionn\u00e9 par Rory McIlroy. L&rsquo;Irlandais a ce truc en plus qu&rsquo;on appelle le talent. Personne d&rsquo;autre n&rsquo;a ce truc comme lui. Je suis \u00e9galement fascin\u00e9 par Justin Rose. \u00c0 45 ans, il sort de la meilleure saison de sa vie. Il g\u00e8re sa carri\u00e8re \u00e0 la perfection. Il s&rsquo;investit sans compter. Il a mis toutes les chances de son c\u00f4t\u00e9. Il met toujours une grande rigueur dans tout ce qu&rsquo;il fait.<\/p>\n<p class=\"ap-StoryElement ap-StoryElement--mb ap-StoryText\"><b>Gardez-vous un regard sur le sport belge ?<\/b><\/p>\n<p class=\"ap-StoryElement ap-StoryElement--mb ap-StoryText\">J&rsquo;avoue que je n&rsquo;ai pas trop suivi le parcours de l&rsquo;\u00e9quipe nationale de rugby. Pourtant, je passe beaucoup de temps en Angleterre qui a \u00e9rig\u00e9 le ballon ovale au rang de religion. J&rsquo;adore le tennis depuis toujours. Le football ? \u00c9videmment. Je reconnais que je regarde plus facilement la Premier League. Le football belge m&rsquo;attire moins. Sinon, je regarde beaucoup le cyclisme et le hockey. Je n&rsquo;oublie pas que j&rsquo;ai jou\u00e9 au L\u00e9opold durant ma jeunesse. Le hockey fut mon premier sport.<\/p>\n","protected":false},"excerpt":{"rendered":"En cette fin d&rsquo;ann\u00e9e, ses priorit\u00e9s sont ailleurs. L&rsquo;ancien hockeyeur du Royal L\u00e9opold Club sis \u00e0 Uccle travaille&hellip;\n","protected":false},"author":2,"featured_media":565029,"comment_status":"","ping_status":"","sticky":false,"template":"","format":"standard","meta":{"footnotes":""},"categories":[1418],"tags":[6051,1011,27,1472,60,68075,45665],"class_list":{"0":"post-565028","1":"post","2":"type-post","3":"status-publish","4":"format-standard","5":"has-post-thumbnail","7":"category-golf","8":"tag-bruxelles-villes","9":"tag-fr","10":"tag-france","11":"tag-golf","12":"tag-sports","13":"tag-uccle","14":"tag-us-open-de-tennis"},"share_on_mastodon":{"url":"https:\/\/pubeurope.com\/@fr\/115628758982934552","error":""},"_links":{"self":[{"href":"https:\/\/www.europesays.com\/fr\/wp-json\/wp\/v2\/posts\/565028","targetHints":{"allow":["GET"]}}],"collection":[{"href":"https:\/\/www.europesays.com\/fr\/wp-json\/wp\/v2\/posts"}],"about":[{"href":"https:\/\/www.europesays.com\/fr\/wp-json\/wp\/v2\/types\/post"}],"author":[{"embeddable":true,"href":"https:\/\/www.europesays.com\/fr\/wp-json\/wp\/v2\/users\/2"}],"replies":[{"embeddable":true,"href":"https:\/\/www.europesays.com\/fr\/wp-json\/wp\/v2\/comments?post=565028"}],"version-history":[{"count":0,"href":"https:\/\/www.europesays.com\/fr\/wp-json\/wp\/v2\/posts\/565028\/revisions"}],"wp:featuredmedia":[{"embeddable":true,"href":"https:\/\/www.europesays.com\/fr\/wp-json\/wp\/v2\/media\/565029"}],"wp:attachment":[{"href":"https:\/\/www.europesays.com\/fr\/wp-json\/wp\/v2\/media?parent=565028"}],"wp:term":[{"taxonomy":"category","embeddable":true,"href":"https:\/\/www.europesays.com\/fr\/wp-json\/wp\/v2\/categories?post=565028"},{"taxonomy":"post_tag","embeddable":true,"href":"https:\/\/www.europesays.com\/fr\/wp-json\/wp\/v2\/tags?post=565028"}],"curies":[{"name":"wp","href":"https:\/\/api.w.org\/{rel}","templated":true}]}}