{"id":565034,"date":"2025-11-28T18:39:23","date_gmt":"2025-11-28T18:39:23","guid":{"rendered":"https:\/\/www.europesays.com\/fr\/565034\/"},"modified":"2025-11-28T18:39:23","modified_gmt":"2025-11-28T18:39:23","slug":"lidee-maline-de-pogacar-qui-veut-inverser-les-dates-du-giro-et-de-la-vuelta","status":"publish","type":"post","link":"https:\/\/www.europesays.com\/fr\/565034\/","title":{"rendered":"l&rsquo;id\u00e9e maline de Pogacar, qui veut inverser les dates du Giro et de la Vuelta"},"content":{"rendered":"<p>Interrog\u00e9 ce vendredi par les journalistes espagnols sur une potentielle pr\u00e9sence sur le Tour d&rsquo;Espagne l&rsquo;an prochain, Tadej Pogacar a insist\u00e9 sur la difficult\u00e9 impos\u00e9 par le calendrier UCI d&rsquo;encha\u00eener Tour de France-Vuelta. \u00ab\u00a0S&rsquo;ils changent le Giro avec la Vuelta, \u00e7a serait d\u00e9j\u00e0 beaucoup mieux en terme de m\u00e9t\u00e9o\u00a0\u00bb, a propos\u00e9 le coureur slov\u00e8ne.<\/p>\n<p>En d\u00e9placement sur l&rsquo;\u00eele de Gran Canaria ce vendredi pour participer au Grand Fondo Pico de las Nieves, Tadej Pogacar y est all\u00e9 de son commentaire devant les journalistes espagnols face aux contraintes du calendrier UCI.<\/p>\n<p>Une nouvelle fois absent de la Vuelta en septembre dernier, apr\u00e8s un quatri\u00e8me sacre sur le Tour de France cet \u00e9t\u00e9, le crack slov\u00e8ne a propos\u00e9 de r\u00e9organiser le calendrier pour garantir sa participation sur l&rsquo;ensemble des grands tours.<\/p>\n<blockquote class=\"embed embed_quote\"><p>\u00ab\u00a0Je dis toujours que s\u2019ils inversaient le Giro et la Vuelta, ce serait beaucoup mieux niveau conditions m\u00e9t\u00e9orologiques\u00a0\u00bb, a l\u00e2ch\u00e9 le champion du monde en conf\u00e9rence de presse.<\/p><\/blockquote>\n<p>Une seule participation sur la Vuelta en carri\u00e8re<\/p>\n<p>Une sortie qui fait \u00e9cho \u00e0 l&rsquo;agacement du coureur lors d&rsquo;un Giro 2024 marqu\u00e9 par <a href=\"https:\/\/rmcsport.bfmtv.com\/cyclisme\/tour-d-italie\/giro-des-conditions-dantesques-et-un-protocole-meteo-special-pour-la-16e-etape-mardi_AV-202405200847.html\" title=\"Giro: des conditions dantesques et un protocole m\u00e9t\u00e9o sp\u00e9cial pour la 16e \u00e9tape mardi\" class=\"internal_link\" target=\"_blank\" rel=\"noopener\">des conditions m\u00e9t\u00e9o dantesques<\/a>. \u00ab\u00a0S&rsquo;ils veulent qu&rsquo;on court, on peut courir mais il faudra esp\u00e9rer qu&rsquo;il n&rsquo;y ait pas d&rsquo;incident parce qu&rsquo;il y aura des regrets apr\u00e8s coup\u00a0\u00bb, avait lach\u00e9 le Slov\u00e8ne, futur vainqueur du Tour d&rsquo;Italie.<\/p>\n<p>Et si le froid et la pluie perturbent souvent le Giro, la Vuelta n&rsquo;est pas non plus \u00e9pargn\u00e9e par les al\u00e9as m\u00e9t\u00e9orologiques. Mais cette fois, ce sont les fortes chaleurs de la fin ao\u00fbt qui menacent la sant\u00e9 des coureurs. Avec un mercure qui d\u00e9passe parfois les 40\u00b0C fin ao\u00fbt, le Tour d&rsquo;Espagne se mue souvent en fournaise.<\/p>\n<p>Une Vuelta \u00e0 laquelle Pogacar n&rsquo;a particip\u00e9 qu&rsquo;une seule fois en carri\u00e8re en 2019, avec une 3e place \u00e0 la cl\u00e9. Et le Slov\u00e8ne, bien d\u00e9cid\u00e9 \u00e0 marquer l&rsquo;histoire de son sport, ne compte pas laisser filer sa carri\u00e8re sans cocher la case espagnole de son CV des Grands Tours. Un retour sur les routes ib\u00e9riques est donc \u00e0 pr\u00e9voir dans les ann\u00e9es \u00e0 venir, bien que la date reste encore incertaine. A noter qu&rsquo;avant 1995, la course espagnole se disputait \u00e0 peu pr\u00e8s \u00e0 la m\u00eame p\u00e9riode que le Giro en mai. Retour en arri\u00e8re possible pour l&rsquo;UCI?<\/p>\n","protected":false},"excerpt":{"rendered":"Interrog\u00e9 ce vendredi par les journalistes espagnols sur une potentielle pr\u00e9sence sur le Tour d&rsquo;Espagne l&rsquo;an prochain, Tadej&hellip;\n","protected":false},"author":2,"featured_media":565035,"comment_status":"","ping_status":"","sticky":false,"template":"","format":"standard","meta":{"footnotes":""},"categories":[1411],"tags":[1154,207,1011,27,60],"class_list":{"0":"post-565034","1":"post","2":"type-post","3":"status-publish","4":"format-standard","5":"has-post-thumbnail","7":"category-cyclisme","8":"tag-cycling","9":"tag-cyclisme","10":"tag-fr","11":"tag-france","12":"tag-sports"},"share_on_mastodon":{"url":"https:\/\/pubeurope.com\/@fr\/115628786571805300","error":""},"_links":{"self":[{"href":"https:\/\/www.europesays.com\/fr\/wp-json\/wp\/v2\/posts\/565034","targetHints":{"allow":["GET"]}}],"collection":[{"href":"https:\/\/www.europesays.com\/fr\/wp-json\/wp\/v2\/posts"}],"about":[{"href":"https:\/\/www.europesays.com\/fr\/wp-json\/wp\/v2\/types\/post"}],"author":[{"embeddable":true,"href":"https:\/\/www.europesays.com\/fr\/wp-json\/wp\/v2\/users\/2"}],"replies":[{"embeddable":true,"href":"https:\/\/www.europesays.com\/fr\/wp-json\/wp\/v2\/comments?post=565034"}],"version-history":[{"count":0,"href":"https:\/\/www.europesays.com\/fr\/wp-json\/wp\/v2\/posts\/565034\/revisions"}],"wp:featuredmedia":[{"embeddable":true,"href":"https:\/\/www.europesays.com\/fr\/wp-json\/wp\/v2\/media\/565035"}],"wp:attachment":[{"href":"https:\/\/www.europesays.com\/fr\/wp-json\/wp\/v2\/media?parent=565034"}],"wp:term":[{"taxonomy":"category","embeddable":true,"href":"https:\/\/www.europesays.com\/fr\/wp-json\/wp\/v2\/categories?post=565034"},{"taxonomy":"post_tag","embeddable":true,"href":"https:\/\/www.europesays.com\/fr\/wp-json\/wp\/v2\/tags?post=565034"}],"curies":[{"name":"wp","href":"https:\/\/api.w.org\/{rel}","templated":true}]}}