{"id":565038,"date":"2025-11-28T18:41:26","date_gmt":"2025-11-28T18:41:26","guid":{"rendered":"https:\/\/www.europesays.com\/fr\/565038\/"},"modified":"2025-11-28T18:41:26","modified_gmt":"2025-11-28T18:41:26","slug":"le-prince-albert-et-le-tout-monaco-reunis-autour-du-prince-emmanuel-philibert-et-adriana-abascal","status":"publish","type":"post","link":"https:\/\/www.europesays.com\/fr\/565038\/","title":{"rendered":"Le prince Albert et le Tout-Monaco r\u00e9unis autour du prince Emmanuel-Philibert et Adriana Abascal"},"content":{"rendered":"<p>L\u2019association mon\u00e9gasque\u00a0des\u00a0ordres\u00a0de Saints-Maurice-et-Lazare organisait son grand gala annuel ce 26 novembre, au Yacht Club, en pr\u00e9sence de son grand ma\u00eetre, le prince Emmanuel-Philibert de Savoie. Le Tout-Monaco avait fait le d\u00e9placement pour rencontrer le prince Emmanuel-Philibert et sa compagne Adriana Abascal, qui \u00e9taient accompagn\u00e9s du chef de l\u2019\u00c9tat mon\u00e9gasque.<\/p>\n<p><strong>Lire aussi : <a href=\"https:\/\/histoiresroyales.fr\/prince-emmanuel-philibert-adriana-abascal-glamours-rome-gala-ordres-dynastiques-maison-de-savoie-presence-de-royautes\/\" target=\"_blank\" rel=\"noopener\">Le prince Emmanuel-Philibert et Adriana Abascal en majest\u00e9 \u00e0 Rome au gala des ordres dynastiques de la Maison de Savoie en pr\u00e9sence de royaut\u00e9s<\/a><\/strong><\/p>\n<p>Monaco sous le charme du prince Emmanuel-Philibert de Savoie et d\u2019Adriana Abascal<\/p>\n<p>La branche mon\u00e9gasque des ordres dynastiques de la Maison royale de Savoie organise chaque ann\u00e9e un gala de bienfaisance. Le prince Emmanuel-Philibert de Savoie, grand ma\u00eetre des ordres familiaux depuis le d\u00e9c\u00e8s de son p\u00e8re en 2024, ne pouvait manquer le gala de ce mercredi 26 novembre, lui qui vit en Principaut\u00e9. Cette ann\u00e9e, dames et chevaliers de l\u2019ordre des Saints-Maurice-et-Lazare, m\u00e9c\u00e8nes des ordres dynastiques et sympathisants de la famille royale \u00e9taient impatients de rencontrer celle qui fait battre le c\u0153ur de leur grand ma\u00eetre depuis quelques mois.<\/p>\n<p><img fetchpriority=\"high\" decoding=\"async\" width=\"1300\" height=\"867\" src=\"https:\/\/www.europesays.com\/fr\/wp-content\/uploads\/2025\/11\/prince-emmanuel-philibert-de-savoie-adriana-abascal-ordres-savoie-monaco.jpg\" alt=\"\" class=\"wp-image-230016 lazyload\" data-  \/>Le prince Emmanuel-Philibert de Savoie, prince de Pi\u00e9mont et de Venise, duc de Savoie, grand ma\u00eetre des ordres dynastiques de la Maison royale de Savoie et chef de la famille royale italienne avec sa compagne, Adriana Abascal<\/p>\n<p><img loading=\"lazy\" decoding=\"async\" width=\"1346\" height=\"1776\" src=\"https:\/\/www.europesays.com\/fr\/wp-content\/uploads\/2025\/11\/Condamine-yacht-club-de-monaco-quai-louis-ii-carte-1.jpg\" alt=\"\" class=\"wp-image-210538 lazyload\" data-  \/>Le Yacht Club de Monaco accueillait un \u00e9v\u00e9nement caritatif de prestige ce mercredi 26 novembre 2025 (Image : Histoires Royales)<\/p>\n<p><strong>Lire aussi : <a href=\"https:\/\/histoiresroyales.fr\/prince-emmanuel-philibert-adriana-abascal-gala-ruspoli-concert-omar-harfouch-hommage-pape-francois\/\" target=\"_blank\" rel=\"noopener\">Le prince Emmanuel-Philibert et Adriana Abascal au gala des Ruspoli apr\u00e8s le concert d\u2019Omar Harfouch en hommage au pape Fran\u00e7ois<\/a><\/strong><\/p>\n<p>Adriana Abascal accompagnait pour la premi\u00e8re fois le prince Emmanuel-Philibert \u00e0 ce gala de charit\u00e9 organis\u00e9 par l\u2019association mon\u00e9gasque\u00a0des\u00a0ordres\u00a0de Saints-Maurice-et-Lazare. La salle de bal du Yacht Club r\u00e9unissait un parterre de personnalit\u00e9s, en commen\u00e7ant par le souverain mon\u00e9gasque en personne, venu t\u00e9moigner son soutien au prince Emmanuel-Philibert.<\/p>\n<p><img loading=\"lazy\" decoding=\"async\" width=\"1300\" height=\"867\" src=\"https:\/\/www.europesays.com\/fr\/wp-content\/uploads\/2025\/11\/prince-albert-de-monaco-yacht-club-ordre-dynastique-savoie.jpg\" alt=\"\" class=\"wp-image-230014 lazyload\" data-  \/>Giuliana Castano Bizzio, grand-croix de l\u2019ordre des Saints-Maurice-et-Lazare, pr\u00e9sidente de l\u2019association mon\u00e9gasque de l\u2019ordre, entour\u00e9e par le prince souverain Albert II de Monaco et le grand ma\u00eetre de l\u2019ordre<\/p>\n<p><img loading=\"lazy\" decoding=\"async\" width=\"1400\" height=\"2100\" src=\"https:\/\/www.europesays.com\/fr\/wp-content\/uploads\/2025\/11\/prince-emmanuel-philibert-prince-de-venise-adriana-abascal-savoie-monaco-ordre.jpg\" alt=\"\" class=\"wp-image-230017 lazyload\" data-  \/>Adriana Abascal accompagnait le prince de Venise pour la premi\u00e8re fois \u00e0 ce gala mon\u00e9gasque<\/p>\n<p><img loading=\"lazy\" decoding=\"async\" width=\"1300\" height=\"1950\" src=\"https:\/\/www.europesays.com\/fr\/wp-content\/uploads\/2025\/11\/antonella-orleans-bourbon-soiree-savoie-monaco.jpg\" alt=\"\" class=\"wp-image-230013 lazyload\" data-  \/>Giovanna Repossi et la princesse Antonelle d\u2019Orl\u00e9ans-Bourbon au Yacht Club de Monaco<\/p>\n<p><strong>Lire aussi : <a href=\"https:\/\/histoiresroyales.fr\/prince-emmanuel-philibert-retour-savoie-journee-symbolique-berceau-ancetres-savoyards\/\" target=\"_blank\" rel=\"noopener\">Le prince Emmanuel-Philibert de retour en Savoie pour une journ\u00e9e symbolique sur la terre de ses anc\u00eatres<\/a><\/strong><\/p>\n<p>Le prince Albert II honore l\u2019association mon\u00e9gasque\u00a0des\u00a0ordres\u00a0de Saints-Maurice-et-Lazare de sa pr\u00e9sence<\/p>\n<p>Le prince Emmanuel-Philibert, petit-fils du dernier roi d\u2019Italie, avait remis au prince Albert II la plus haute distinction des ordres dynastiques de sa famille. Au cours d\u2019une c\u00e9r\u00e9monie au palais princier, en novembre 2023, le prince Emmanuel-Philibert avait remis, au nom de son p\u00e8re, le collier et les insignes de l\u2019ordre supr\u00eame de la Tr\u00e8s Sainte Annonciade au prince Albert II de Monaco, deux mois et demi avant le d\u00e9c\u00e8s de son p\u00e8re.<\/p>\n<p><img loading=\"lazy\" decoding=\"async\" width=\"1300\" height=\"1950\" src=\"https:\/\/www.europesays.com\/fr\/wp-content\/uploads\/2025\/11\/lady-hervey-monaco-yacht-club.jpg\" alt=\"\" class=\"wp-image-230011 lazyload\" data-  \/>Lady Victoria Hervey, fille du 6e marquis, demi-s\u0153ur du 7e marquis et s\u0153ur du 8e marquis de Bristol, au Yacht Club de Monaco<\/p>\n<p><strong>Lire aussi : <a href=\"https:\/\/histoiresroyales.fr\/prince-emmanuel-philibert-nomme-grand-duc-georges-princesse-victoria-membres-honoraire-conseil-des-senateurs-du-royaume-florence\/\" target=\"_blank\" rel=\"noopener\">Le prince Emmanuel-Philibert nomme le grand-duc Georges et la princesse Victoria membres honoraires du Conseil des s\u00e9nateurs du royaume<\/a><\/strong><\/p>\n<p>Les ordres dynastiques sont le prolongement des ordres chevaleresques, qui se sont transform\u00e9s au fil des si\u00e8cles en ordres nationaux. Les ordres nationaux sont des r\u00e9compenses d\u00e9cern\u00e9es par les chefs d\u2019\u00c9tat, monarques ou pr\u00e9sidents, \u00e0 des citoyens m\u00e9ritants. Les souverains de la famille de Savoie dirigent leurs ordres familiaux depuis des si\u00e8cles, ordres qui ont aussi servi de distinctions au sein de leurs territoires, le dernier \u00e9tant l\u2019Italie. \u00c0 l\u2019abolition de la monarchie italienne en 1946, les ordres ont continu\u00e9 \u00e0 appartenir \u00e0 la famille, dor\u00e9navant d\u00e9tach\u00e9s de toute juridiction \u00e9tatique. Le grand ma\u00eetre des ordres est le chef de famille. Les ordres continuent \u00e0 distribuer des distinctions, en fonction des m\u00e9rites humanitaires et caritatifs des membres. Les ordres de la Maison de Savoie fonctionnent parall\u00e8lement avec leurs \u0153uvres de bienfaisance qui sont tr\u00e8s actives dans le monde entier et perp\u00e9tuent les valeurs chevaleresques, dont la charit\u00e9.<\/p>\n<p><img loading=\"lazy\" decoding=\"async\" width=\"1400\" height=\"932\" src=\"https:\/\/www.europesays.com\/fr\/wp-content\/uploads\/2025\/11\/oksana-hofman-girkey-prince-de-savoie-monaco.jpg\" alt=\"\" class=\"wp-image-230009 lazyload\" data-  \/>Le prince Emmanuel-Philibert de Savoie, Adriana Abascal et Oksana Hoffmann Girey lors de la soir\u00e9e de bienfaisance de l\u2019association mon\u00e9gasque\u00a0des\u00a0ordres\u00a0de Saints-Maurice-et-Lazare<\/p>\n<p><img loading=\"lazy\" decoding=\"async\" width=\"933\" height=\"1400\" src=\"https:\/\/www.europesays.com\/fr\/wp-content\/uploads\/2025\/11\/lady-monica-bacardi-yacht-club-ordre-saints-maurice-et-lazare-933x1400.jpg\" alt=\"\" class=\"wp-image-230012 lazyload\" data-  \/>Lady Monika Bacardi et sa fille Maria Luisa au gala annuel au profit des \u0153uvres soutenues par la branche mon\u00e9gasque des ordres dynastiques de la Maison royale de Savoie<\/p>\n<p>Ce mercredi soir, de nombreuses personnalit\u00e9s du Rocher ont particip\u00e9 \u00e0 ce gala de bienfaisance au profit des \u0153uvres soutenues par la branche mon\u00e9gasque de l\u2019ordre de Saints-Maurice-et-Lazare. La princesse Fadila d\u2019\u00c9gypte et son fils, le prince Fakhr Eddine, ont \u00e9t\u00e9 aper\u00e7us \u00e0 la soir\u00e9e, ainsi que Lady Monica Bacardi, veuve de Luis Adalbert Facundo Gomez del Campo Bacardi, Lord de Bayfield Hall. La princesse Antonella d\u2019Orl\u00e9ans-Bourbon, Lady Victoria Hervey, s\u0153ur du marquis de Bristol, le financier Robert Agostinelli et son \u00e9pouse, la philanthrope Francesca Agostinelli ou encore la m\u00e9c\u00e8ne Oksana Hoffmann Girey ont assist\u00e9 \u00e0 cette soir\u00e9e de bienfaisance organis\u00e9e.<\/p>\n<p><img loading=\"lazy\" decoding=\"async\" width=\"933\" height=\"1400\" src=\"https:\/\/www.europesays.com\/fr\/wp-content\/uploads\/2025\/11\/fadila-egypte-fakhr-eddine-monaco-savoie-933x1400.jpg\" alt=\"\" class=\"wp-image-230010 lazyload\" data-  \/>Le prince Fakhr Eddine, deuxi\u00e8me fils du roi Fouad II d\u2019\u00c9gypte avec sa m\u00e8re Fadila et Giuliana Castano Bizzio<\/p>\n<p><img loading=\"lazy\" decoding=\"async\" width=\"933\" height=\"1400\" src=\"https:\/\/www.europesays.com\/fr\/wp-content\/uploads\/2025\/11\/robert-Francesca-Agostinelli-yacht-club-savoie-933x1400.jpg\" alt=\"\" class=\"wp-image-230008 lazyload\" data-  \/>Robert Agostinelli et Francesca Agostinelli \u00e0 la soir\u00e9e caritative de la branche mon\u00e9gasque de l\u2019ordre des Saints-Maurice-et-Lazare<\/p>\n<p>Les seigneurs de Monaco, devenus princes de Monaco, ont longtemps entretenu des relations diplomatiques avec leurs voisins de Savoie. Autrefois, Monaco s\u2019\u00e9tendait jusqu\u2019\u00e0 Menton et avait une fronti\u00e8re avec la R\u00e9publique de G\u00e8nes \u00e0 l\u2019est, et une autre avec le comt\u00e9 de Nice, \u00e0 l\u2019ouest. Le comt\u00e9 de Nice \u00e9tait une possession de la famille de Savoie depuis sa d\u00e9dition en 1388. Les Grimaldi se sont empar\u00e9s du rocher de Monaco en 1297 mais les seigneurs de Monaco sont toutefois rest\u00e9s pendant des si\u00e8cles sous l\u2019influence de ses voisins. L\u2019ind\u00e9pendance totale de Monaco a \u00e9t\u00e9 accord\u00e9e par le roi de France et le duc de Savoie en 1489. Les ducs de Savoie sont aussi devenus prince de Pi\u00e9mont en 1418, puis rois de Sardaigne en 1720 et enfin, rois d\u2019Italie \u00e0 partir de l\u2019unification italienne en 1861. \u00c0 cette m\u00eame p\u00e9riode, la famille de Savoie abandonne sa souverainet\u00e9 sur le duch\u00e9 de Savoie et le comt\u00e9 de Nice. <\/p>\n<p><img loading=\"lazy\" decoding=\"async\" width=\"1300\" height=\"867\" src=\"https:\/\/www.europesays.com\/fr\/wp-content\/uploads\/2025\/11\/vente-encheres-ordres-dynastiques-savoie-monaco.jpg\" alt=\"\" class=\"wp-image-230015 lazyload\" data-  \/>Une vente aux ench\u00e8res \u00e9tait organis\u00e9e pour collecter des fonds<\/p>\n<p>\t\t\t\t<img loading=\"lazy\" alt=\"Avatar photo\" src=\"https:\/\/www.europesays.com\/fr\/wp-content\/uploads\/2025\/04\/1516945716303-164x164.jpeg\"  class=\"avatar avatar-164 photo lazyload\" height=\"164\" width=\"164\" decoding=\"async\"\/><br \/>\n\t\t<a href=\"https:\/\/histoiresroyales.fr\/author\/royaliste123\/\" target=\"_blank\" rel=\"noopener\">Nicolas Fontaine<\/a><br \/>\n\t\t\t\t\tR\u00e9dacteur en chef<\/p>\n<p>Nicolas Fontaine a \u00e9t\u00e9 concepteur-r\u00e9dacteur et auteur pour de nombreuses marques et m\u00e9dias belges et fran\u00e7ais. Sp\u00e9cialiste de l&rsquo;actualit\u00e9 des familles royales, Nicolas a fond\u00e9 le site Histoires royales dont il est le r\u00e9dacteur en chef.&#13;<br \/>\n&#13;<br \/>\nnicolas@histoiresroyales.fr<\/p>\n<p>\t\t\t\t\t\t\t<a href=\"https:\/\/twitter.com\/ActusRoyales\" class=\"boxed-icon fill twitter\" target=\"_blank\" rel=\"noopener\"><\/a><br \/>\n\t\t\t\t\t\t\t\t\t<a href=\"https:\/\/www.instagram.com\/histoiresroyales.fr\/\" class=\"boxed-icon fill instagram\" target=\"_blank\" rel=\"noopener\"><\/a><\/p>\n<p>\t\t\t\t\t\t\t\t\t\t\t\t\t<script async src=\"https:\/\/platform.twitter.com\/widgets.js\" charset=\"utf-8\"><\/script><script async src=\"\/\/www.instagram.com\/embed.js\"><\/script><\/p>\n","protected":false},"excerpt":{"rendered":"L\u2019association mon\u00e9gasque\u00a0des\u00a0ordres\u00a0de Saints-Maurice-et-Lazare organisait son grand gala annuel ce 26 novembre, au Yacht Club, en pr\u00e9sence de son&hellip;\n","protected":false},"author":2,"featured_media":565039,"comment_status":"","ping_status":"","sticky":false,"template":"","format":"standard","meta":{"footnotes":""},"categories":[1359],"tags":[68076,20429,58,68077,59,1011,27,6145,68078,68079,68080,68081,68082,973],"class_list":{"0":"post-565038","1":"post","2":"type-post","3":"status-publish","4":"format-standard","5":"has-post-thumbnail","7":"category-people","8":"tag-adriana-abascal","9":"tag-albert-ii-de-monaco","10":"tag-divertissement","11":"tag-emmanuel-philibert-de-savoie","12":"tag-entertainment","13":"tag-fr","14":"tag-france","15":"tag-gala","16":"tag-gala-de-bienfaisance","17":"tag-gala-de-charitu00e9","18":"tag-ordre-chevaleresque","19":"tag-ordre-des-saints-maurice-et-lazare","20":"tag-ordre-dynastique","21":"tag-people"},"share_on_mastodon":{"url":"https:\/\/pubeurope.com\/@fr\/115628797493424249","error":""},"_links":{"self":[{"href":"https:\/\/www.europesays.com\/fr\/wp-json\/wp\/v2\/posts\/565038","targetHints":{"allow":["GET"]}}],"collection":[{"href":"https:\/\/www.europesays.com\/fr\/wp-json\/wp\/v2\/posts"}],"about":[{"href":"https:\/\/www.europesays.com\/fr\/wp-json\/wp\/v2\/types\/post"}],"author":[{"embeddable":true,"href":"https:\/\/www.europesays.com\/fr\/wp-json\/wp\/v2\/users\/2"}],"replies":[{"embeddable":true,"href":"https:\/\/www.europesays.com\/fr\/wp-json\/wp\/v2\/comments?post=565038"}],"version-history":[{"count":0,"href":"https:\/\/www.europesays.com\/fr\/wp-json\/wp\/v2\/posts\/565038\/revisions"}],"wp:featuredmedia":[{"embeddable":true,"href":"https:\/\/www.europesays.com\/fr\/wp-json\/wp\/v2\/media\/565039"}],"wp:attachment":[{"href":"https:\/\/www.europesays.com\/fr\/wp-json\/wp\/v2\/media?parent=565038"}],"wp:term":[{"taxonomy":"category","embeddable":true,"href":"https:\/\/www.europesays.com\/fr\/wp-json\/wp\/v2\/categories?post=565038"},{"taxonomy":"post_tag","embeddable":true,"href":"https:\/\/www.europesays.com\/fr\/wp-json\/wp\/v2\/tags?post=565038"}],"curies":[{"name":"wp","href":"https:\/\/api.w.org\/{rel}","templated":true}]}}