{"id":565040,"date":"2025-11-28T18:42:11","date_gmt":"2025-11-28T18:42:11","guid":{"rendered":"https:\/\/www.europesays.com\/fr\/565040\/"},"modified":"2025-11-28T18:42:11","modified_gmt":"2025-11-28T18:42:11","slug":"berthe-weill-au-musee-de-lorangerie-aux-muses-la-galerie-liberation","status":"publish","type":"post","link":"https:\/\/www.europesays.com\/fr\/565040\/","title":{"rendered":"Berthe Weill au mus\u00e9e de l\u2019Orangerie, aux muses la galerie &#8211; Lib\u00e9ration"},"content":{"rendered":"<ol>\n<li><a href=\"https:\/\/news.google.com\/rss\/articles\/CBMizAFBVV95cUxPclB0bkJ6OEVid3lDa21TM0RuUVoxZTEtZ2FmUmdtVGdnY0dKTFlWeDA4dnpBMk83Z0dOWUZtNXlJRG56SGMwVkRwei15Q2c5TlhOWjFZZ1dEUTAxeVJrTkczcl91bXlESUExNDlvOGwtOXA1aURoVFJMTWdWTC00eGFwWlRyTmFoYS00YWxkLV9LMk1wV2tuRDRTS3RZTERJMlo0aDJmT1YwbFpDYjU4cVE5cklhVzZHWFRvQU1vRHYtWFRHQl94OVhkbFk?oc=5\" target=\"_blank\" rel=\"noopener\">Berthe Weill au mus\u00e9e de l\u2019Orangerie, aux muses la galerie<\/a>&nbsp;&nbsp;Lib\u00e9ration<\/li>\n<li><a href=\"https:\/\/news.google.com\/rss\/articles\/CBMitgJBVV95cUxNOUNqZGZlZFUzdXgxcGFUaThqU1A3Q0VXR01raXdJYUI2dWhkbEwzeGpYc2VHSnQwZDNETDdDTDN0WWpYdEdRR1NPcEtad3JpZUNaWmdyRFVBaTBCdFhYZnJLTk5VZmFDb3JQNGwtN2NyQ3hOcWpwNUZiTWpvQjZDSDVoNFpmR0ZMYVBLTWFaZVZtdE9tN0poZktWcVlELUQ0bkFOalRDLURiWFpKRzBtRVByeFlMV1dGclA1aWotUmlMSHFJMlRIT1E1YUlCQW5lZzBRd0ZIdHpCVl9DSjBYSGRBRDd5X2RiZTFXQUhMbDdWcmU3My1mN3pfcjFBVTRHczUtNFk4aXRHLU01SHUzS1hoQ2syZUlSQURLUlhpa1ZXNFRQbzJUTEU0SGpGa29DUHVleTB3?oc=5\" target=\"_blank\" rel=\"noopener\">Matisse, Picasso, Modigliani&#8230; une exposition \u00e0 Paris met enfin en lumi\u00e8re la marchande d&rsquo;art Berthe Weill, oubli\u00e9e injustement de l\u2019histoire de l\u2019art<\/a>&nbsp;&nbsp;Connaissance des Arts<\/li>\n<li><a href=\"https:\/\/news.google.com\/rss\/articles\/CBMijwJBVV95cUxQVXRobjBYZXJ4cHA4Y3hvc2RUU1BKMDlwUHFKRkE1UXd2N19qVTRCNUdBRUZNTzRXQXJwM0xPcTlUbW5HTXdwYzdISlFaTUxKZEN5bGF5QjUtMU1KeWJQRkZHMEVQaUZDRGZlanQ4YWw0dlhzdlI4ZTF6eDBYMFJIdlBzaFRJZE1BVnRsbEQ3aUJXeEhPT1dxNDk1YXRid1RFSlpZY3RVM3FYbHQtMUlBRVhDOFFaZEM4U1VtcWlicW5nc0ZXVkpPd1dqNUltTGpJaUo4TG9hVi1RMUJuWFFfU3g5MUNJYjg5b2pnYWFRN2NlVlNEdkZHb2FXQUZ6WjRCcWxsdDNyZC1PbUphN0tj?oc=5\" target=\"_blank\" rel=\"noopener\">Berthe Weill, \u00ab\u00a0Chine, empreintes du pass\u00e9\u00a0\u00bb&#8230; nos conseils d&rsquo;expositions<\/a>&nbsp;&nbsp;Valeurs actuelles<\/li>\n<li><a href=\"https:\/\/news.google.com\/rss\/articles\/CBMipwFBVV95cUxNaEc5Si04a2lNQkxJdFVEREo5LVBDaUlTNEt3ZVprM2ZtWkp5SzgwaGxxR0VqN01ES2laeTZuaElYUzdCZ0c3T203T1VTTGhkRUR5SEpuT0l3VGpZdEJ2SzNyR0Y4LTNRMExNMnEzTUtjSFhwMjNydGIxVWc2NEdWeVRmdS1PRkg5VXRlVHJCUmF1ck5Ua2F0by1rQ3Zya1lRVWdDUU40VQ?oc=5\" target=\"_blank\" rel=\"noopener\">Berthe Weill, une \u00e9patante galeriste au mus\u00e9e de l&rsquo;Orangerie<\/a>&nbsp;&nbsp;parismatch.com<\/li>\n<li><a href=\"https:\/\/news.google.com\/rss\/articles\/CBMipwJBVV95cUxPajc1enRMQnNtZmtzNnFUdzJYck1sak9tTVR0QW5xVXVVYk9OcVhCaVFRY29zSUwxSklYMjJuWC1TS1RQWEFpY3B0Skx1aURKamVIdl9ibUZMNmVYTnF4X0dJRlBWVDM5MGdBcFhXWlhFd2dqbEluYWRmYk9NQWFRWDdwZ1RXUF96Nl9wRjE4SS1zeUw5UnFramcxc0ExMVB1RDFEc2R1M2c5LUd1c1lEejBqaGV2QW9PYUFQblRPYzZHSHB5QUpWYmpMVTZoeG92Ql9qUTVpdEM4akZCVmgzbzhZUDFOVk1XckduREp6Y1VneW9QNkVrVGZHNDZZT0JHUHJCc1JQQ1lYTHZESnRyVWdtZWJZSTR6S1U5TEhBS2xkSGFxemJJ?oc=5\" target=\"_blank\" rel=\"noopener\">Elle a achet\u00e9 les premiers Picasso pour 100 francs : qui \u00e9tait Berthe Weill, expos\u00e9e au mus\u00e9e de l\u2019Orangerie<\/a>&nbsp;&nbsp;Le Parisien<\/li>\n<\/ol>\n","protected":false},"excerpt":{"rendered":"Berthe Weill au mus\u00e9e de l\u2019Orangerie, aux muses la galerie&nbsp;&nbsp;Lib\u00e9ration Matisse, Picasso, Modigliani&#8230; une exposition \u00e0 Paris met&hellip;\n","protected":false},"author":2,"featured_media":565041,"comment_status":"","ping_status":"","sticky":false,"template":"","format":"standard","meta":{"footnotes":""},"categories":[1358],"tags":[1348,1384,1385,1386,58,59,1011,27],"class_list":{"0":"post-565040","1":"post","2":"type-post","3":"status-publish","4":"format-standard","5":"has-post-thumbnail","7":"category-arts-et-design","8":"tag-arts","9":"tag-arts-and-design","10":"tag-arts-et-design","11":"tag-design","12":"tag-divertissement","13":"tag-entertainment","14":"tag-fr","15":"tag-france"},"share_on_mastodon":{"url":"https:\/\/pubeurope.com\/@fr\/115628798310652813","error":""},"_links":{"self":[{"href":"https:\/\/www.europesays.com\/fr\/wp-json\/wp\/v2\/posts\/565040","targetHints":{"allow":["GET"]}}],"collection":[{"href":"https:\/\/www.europesays.com\/fr\/wp-json\/wp\/v2\/posts"}],"about":[{"href":"https:\/\/www.europesays.com\/fr\/wp-json\/wp\/v2\/types\/post"}],"author":[{"embeddable":true,"href":"https:\/\/www.europesays.com\/fr\/wp-json\/wp\/v2\/users\/2"}],"replies":[{"embeddable":true,"href":"https:\/\/www.europesays.com\/fr\/wp-json\/wp\/v2\/comments?post=565040"}],"version-history":[{"count":0,"href":"https:\/\/www.europesays.com\/fr\/wp-json\/wp\/v2\/posts\/565040\/revisions"}],"wp:featuredmedia":[{"embeddable":true,"href":"https:\/\/www.europesays.com\/fr\/wp-json\/wp\/v2\/media\/565041"}],"wp:attachment":[{"href":"https:\/\/www.europesays.com\/fr\/wp-json\/wp\/v2\/media?parent=565040"}],"wp:term":[{"taxonomy":"category","embeddable":true,"href":"https:\/\/www.europesays.com\/fr\/wp-json\/wp\/v2\/categories?post=565040"},{"taxonomy":"post_tag","embeddable":true,"href":"https:\/\/www.europesays.com\/fr\/wp-json\/wp\/v2\/tags?post=565040"}],"curies":[{"name":"wp","href":"https:\/\/api.w.org\/{rel}","templated":true}]}}