{"id":565044,"date":"2025-11-28T18:45:16","date_gmt":"2025-11-28T18:45:16","guid":{"rendered":"https:\/\/www.europesays.com\/fr\/565044\/"},"modified":"2025-11-28T18:45:16","modified_gmt":"2025-11-28T18:45:16","slug":"ca-a-dure-une-minute-et","status":"publish","type":"post","link":"https:\/\/www.europesays.com\/fr\/565044\/","title":{"rendered":"\u00c7a a dur\u00e9 une minute et&#8230;"},"content":{"rendered":"<p>Les figures artistiques fran\u00e7aises cultivent rarement une<br \/>\nauthenticit\u00e9 aussi d\u00e9sarmante que celle de <strong>Florent<br \/>\nPagny<\/strong>. <a href=\"https:\/\/www.melty.fr\/tag\/florent-pagny\" target=\"_blank\" rel=\"noopener\">Le<br \/>\nchanteur aux 18 millions d\u00a0\u00bbalbums<\/a> vendus continue d&rsquo;\u00e9tonner par<br \/>\nsa transparence absolue. Son parcours musical brillant s&rsquo;accompagne<br \/>\neffectivement d&rsquo;une <strong>libert\u00e9 de parole<\/strong> qui brise<br \/>\nles conventions m\u00e9diatiques habituelles.<\/p>\n<p>Cette franchise remarquable traverse \u00e9galement les aspects les<br \/>\nplus intimes de son existence personnelle et sentimentale. Par<br \/>\ncons\u00e9quent, chaque apparition t\u00e9l\u00e9vis\u00e9e devient potentiellement<br \/>\nl&rsquo;occasion de r\u00e9v\u00e9lations inattendues sur sa vie priv\u00e9e. L&rsquo;artiste<br \/>\nrefuse manifestement de compartimenter son image publique et ses<br \/>\nv\u00e9rit\u00e9s personnelles les plus profondes.<\/p>\n<p>Une c\u00e9l\u00e9bration musicale entre amis et confidences<br \/>\nsinc\u00e8res<\/p>\n<p><strong>La Seine Musicale<\/strong> accueille en janvier 2025 une<br \/>\nsoir\u00e9e sp\u00e9ciale d\u00e9di\u00e9e \u00e0 l&rsquo;interpr\u00e8te de Savoir aimer. Trente-deux<br \/>\nans apr\u00e8s le premier <strong>Taratata<\/strong>,<br \/>\n<strong>Nagui<\/strong> offre donc une carte blanche m\u00e9morable \u00e0 son<br \/>\nami. Cette \u00e9mission c\u00e9l\u00e8bre notamment la sortie de <strong>Grandeur<br \/>\nNature<\/strong>, un album personnel o\u00f9 r\u00e9sonnent courage et<br \/>\nr\u00e9silience.<\/p>\n<p>Roberto Alagna, Jean-Louis Aubert, Benjamin Biolay ou encore Zaz<br \/>\nentourent ainsi l&rsquo;artiste principal de cette soir\u00e9e exceptionnelle.<br \/>\nLes r\u00e9arrangements in\u00e9dits c\u00f4toient par ailleurs les confidences<br \/>\ntouchantes entre musiciens complices de longue date.<br \/>\n<strong>Florent Pagny<\/strong> illumine cette soir\u00e9e d\u00e9di\u00e9e \u00e0 la<br \/>\n<strong>recherche m\u00e9dicale<\/strong> par sa pr\u00e9sence lumineuse et<br \/>\nvolubile. Cette atmosph\u00e8re chaleureuse pr\u00e9pare n\u00e9anmoins le terrain<br \/>\n\u00e0 des r\u00e9v\u00e9lations plus personnelles encore \u00e0 venir.<\/p>\n<p>Les coulisses d&rsquo;une confession inattendue sur France 2<\/p>\n<p><a href=\"https:\/\/www.melty.fr\/people\/face-au-cancer-florent-pagny-doit-continuer-le-combat-pendant-une-dizaine-dannees-2259519.html\" target=\"_blank\" rel=\"noopener\"><br \/>\nLe combat admirable de l&rsquo;artiste face \u00e0 la maladie<\/a> n&rsquo;alt\u00e8re<br \/>\nnullement sa franchise l\u00e9gendaire t\u00e9l\u00e9visuelle. L&rsquo;\u00e9mission<br \/>\n<strong>Quelle \u00c9poque<\/strong> devient alors le th\u00e9\u00e2tre d&rsquo;une<br \/>\nconfidence surprenante sur sa vie intime personnelle. L\u00e9a Salam\u00e9 et<br \/>\n<strong>Christophe Dechavanne<\/strong> d\u00e9couvrent effectivement une<br \/>\nanecdote que le chanteur aborde \u00e9galement franchement.<\/p>\n<p>Tout commence curieusement par un quiproquo savoureux entre<br \/>\nDechavanne et l&rsquo;interpr\u00e8te dans les coulisses t\u00e9l\u00e9visuelles.<br \/>\nL&rsquo;animateur explique clairement cette m\u00e9prise cocasse en d\u00e9clarant<br \/>\n: \u00ab\u00a0Quand tout \u00e0 l&rsquo;heure, je l&rsquo;ai aper\u00e7u dans les coulisses, on<br \/>\nest all\u00e9 se faire une bise parce que \u00e7a faisait tr\u00e8s longtemps<br \/>\nqu&rsquo;on ne s&rsquo;\u00e9tait pas vus et qu&rsquo;on s&rsquo;appr\u00e9cie pas mal. Et, cette<br \/>\nesp\u00e8ce de couillon me dit qu&rsquo;il avait lu quelque part que j&rsquo;avais<br \/>\nfait mon coming-out !\u00a0\u00bb <strong>Florent Pagny<\/strong> saisit<br \/>\nalors l&rsquo;opportunit\u00e9 pour \u00e9voquer naturellement sa propre exp\u00e9rience<br \/>\nhomosexuelle pass\u00e9e et br\u00e8ve.<\/p>\n<p>Florent Pagny raconte une minute gay<br \/>\nsans tabou m\u00e9diatique<\/p>\n<p><strong>Christophe Dechavanne<\/strong> poursuit son explication<br \/>\nhumoristique en pr\u00e9cisant : \u00ab\u00a0Mais c&rsquo;\u00e9tait mon coming-out \u00e0<br \/>\nl&rsquo;\u00e9poque de Fran\u00e7ois Hollande, vous vous souvenez ? Et lui, il<br \/>\navait juste lu Dechavanne et coming-out. Je n&rsquo;ai aucun probl\u00e8me<br \/>\navec personne mais si j&rsquo;\u00e9tais gay, \u00e7a se saurait, et je le dirais<br \/>\n!\u00a0\u00bb L\u00e9a Salam\u00e9 rebondit imm\u00e9diatement sur cette s\u00e9quence en<br \/>\nrappelant <a href=\"https:\/\/www.melty.fr\/people\/florent-pagny-sans-tabou-sur-son-experience-avec-un-homme-jai-fait-2179939.html\" target=\"_blank\" rel=\"noopener\"><br \/>\nl&rsquo;anecdote similaire du chanteur<\/a>.<\/p>\n<p>Le public d\u00e9couvre alors une confession aussi directe qu&rsquo;assum\u00e9e<br \/>\nde la star fran\u00e7aise contemporaine. L&rsquo;interpr\u00e8te explique sans<br \/>\nd\u00e9tour : \u00ab\u00a0C&rsquo;est comme c&rsquo;est r\u00e9sum\u00e9, c&rsquo;\u00e9tait une minute ! \u00c7a a<br \/>\ndur\u00e9 une minute ! J&rsquo;ai fait : Oula, ce n&rsquo;est pas du tout mon truc.<br \/>\nPr\u00e9sente-moi ta s\u0153ur, ta m\u00e8re si tu veux, mais laisse tomber<br \/>\n!\u00a0\u00bb Son autobiographie <strong>Pagny par Florent<\/strong><br \/>\nconfirme d&rsquo;ailleurs cette exp\u00e9rience transitoire avec des mots<br \/>\nsimilaires. <strong>Florent Pagny<\/strong> partage aujourd&rsquo;hui sa<br \/>\nvie avec <strong>Azucena<\/strong>, l&rsquo;amour v\u00e9ritable qui illumine<br \/>\nson quotidien depuis des d\u00e9cennies. Cette transparence remarquable<br \/>\nillustre finalement son imperm\u00e9abilit\u00e9 totale au regard normatif<br \/>\ndes autres et des conventions.<\/p>\n","protected":false},"excerpt":{"rendered":"Les figures artistiques fran\u00e7aises cultivent rarement une authenticit\u00e9 aussi d\u00e9sarmante que celle de Florent Pagny. Le chanteur aux&hellip;\n","protected":false},"author":2,"featured_media":565045,"comment_status":"","ping_status":"","sticky":false,"template":"","format":"standard","meta":{"footnotes":""},"categories":[1355],"tags":[58,59,3109,1011,27,1361,873],"class_list":{"0":"post-565044","1":"post","2":"type-post","3":"status-publish","4":"format-standard","5":"has-post-thumbnail","7":"category-musique","8":"tag-divertissement","9":"tag-entertainment","10":"tag-florent-pagny","11":"tag-fr","12":"tag-france","13":"tag-music","14":"tag-musique"},"share_on_mastodon":{"url":"https:\/\/pubeurope.com\/@fr\/115628810315852349","error":""},"_links":{"self":[{"href":"https:\/\/www.europesays.com\/fr\/wp-json\/wp\/v2\/posts\/565044","targetHints":{"allow":["GET"]}}],"collection":[{"href":"https:\/\/www.europesays.com\/fr\/wp-json\/wp\/v2\/posts"}],"about":[{"href":"https:\/\/www.europesays.com\/fr\/wp-json\/wp\/v2\/types\/post"}],"author":[{"embeddable":true,"href":"https:\/\/www.europesays.com\/fr\/wp-json\/wp\/v2\/users\/2"}],"replies":[{"embeddable":true,"href":"https:\/\/www.europesays.com\/fr\/wp-json\/wp\/v2\/comments?post=565044"}],"version-history":[{"count":0,"href":"https:\/\/www.europesays.com\/fr\/wp-json\/wp\/v2\/posts\/565044\/revisions"}],"wp:featuredmedia":[{"embeddable":true,"href":"https:\/\/www.europesays.com\/fr\/wp-json\/wp\/v2\/media\/565045"}],"wp:attachment":[{"href":"https:\/\/www.europesays.com\/fr\/wp-json\/wp\/v2\/media?parent=565044"}],"wp:term":[{"taxonomy":"category","embeddable":true,"href":"https:\/\/www.europesays.com\/fr\/wp-json\/wp\/v2\/categories?post=565044"},{"taxonomy":"post_tag","embeddable":true,"href":"https:\/\/www.europesays.com\/fr\/wp-json\/wp\/v2\/tags?post=565044"}],"curies":[{"name":"wp","href":"https:\/\/api.w.org\/{rel}","templated":true}]}}