{"id":565052,"date":"2025-11-28T18:49:22","date_gmt":"2025-11-28T18:49:22","guid":{"rendered":"https:\/\/www.europesays.com\/fr\/565052\/"},"modified":"2025-11-28T18:49:22","modified_gmt":"2025-11-28T18:49:22","slug":"grace-a-la-pleine-lune-de-decembre-2025-ce-signe-va-filer-le-parfait-amour-jusquen-2026","status":"publish","type":"post","link":"https:\/\/www.europesays.com\/fr\/565052\/","title":{"rendered":"Gr\u00e2ce \u00e0 la Pleine Lune de d\u00e9cembre 2025, ce signe va filer le parfait amour jusqu&rsquo;en 2026"},"content":{"rendered":"<p>Un dernier mois s&rsquo;invite dans cette ann\u00e9e 2025 qui commence d\u00e9j\u00e0<br \/>\n\u00e0 nous adresser ses adieux chaleureux. Et dans cette ambiance de<br \/>\ncl\u00f4ture, un \u00e9v\u00e9nement astrologique tr\u00e8s attendu est sur le point<br \/>\nd\u2019arriver : la derni\u00e8re <a href=\"https:\/\/www.mariefrance.fr\/astro\/tarot\/pleine-lune-decembre-2025-votre-compte-banque-va-faire-bond-voici-predictions-tarot-pour-vos-finances-1222871.html\" target=\"_blank\" rel=\"noopener\"><br \/>\nPleine Lune<\/a> de l\u2019ann\u00e9e. Cette immense et spectaculaire Super<br \/>\nLune, aussi surnomm\u00e9e \u00ab\u00a0Lune froide\u00a0\u00bb, elle doit son nom \u00e0 sa<br \/>\nproximit\u00e9 avec <a href=\"https:\/\/www.mariefrance.fr\/equilibre\/seule-vitamine-experts-recommandent-lautomne-tomber-malade-hiver-1223282.html\" target=\"_blank\" rel=\"noopener\"><br \/>\nl\u2019hiver<\/a>, saison qui approche \u00e0 grands pas.<\/p>\n<p>Cette lunaison se produira dans la constellation des G\u00e9meaux,<br \/>\ndont l\u2019\u00e9nergie joyeuse et curieuse vous encouragera \u00e0 vous ouvrir<br \/>\naux autres et \u00e0 laisser jaillir des nouvelles id\u00e9es. Mais pour un<br \/>\nsigne du zodiaque en particulier, cette Pleine Lune sera un moment<br \/>\nde romance et de connexion profonde. D\u00e9couvrez si le mois de<br \/>\n<a href=\"https:\/\/www.mariefrance.fr\/astro\/saison-sagittaire-2025-2-signes-astro-vont-vivre-meilleur-vie-jusqua-mi-decembre-1221565.html\" target=\"_blank\" rel=\"noopener\"><br \/>\nd\u00e9cembre 2025<\/a> vous sera favorable en amour !<\/p>\n<p>Astro : comment sera la Pleine Lune en G\u00e9meaux de d\u00e9cembre 2025<br \/>\n?<\/p>\n<p>Ce vendredi 5 d\u00e9cembre 2025, l\u2019alignement astral le plus<br \/>\nmarquant de chaque mois, la Pleine Lune, fera son apparition. Si,<br \/>\npour beaucoup, cette phase lunaire rime avec nuits perturb\u00e9es et<br \/>\nhumeur changeante, la r\u00e9alit\u00e9 est que la Pleine Lune repr\u00e9sente<br \/>\nl&rsquo;apog\u00e9e du cycle lunaire. C\u2019est \u00e0 ce stade que nous r\u00e9coltons<br \/>\nsymboliquement les fruits de nos actions pass\u00e9es.<\/p>\n<p>La Pleine Lune est un moment de bilan, l\u2019occasion de mesurer<br \/>\nnotre progression. On l\u2019analyse aussi en miroir de ce qui s\u2019est<br \/>\njou\u00e9 six mois auparavant, lors de la Nouvelle Lune dans le m\u00eame<br \/>\nsigne. Si vous souhaitez comprendre o\u00f9 vous en \u00eates dans un domaine<br \/>\npr\u00e9cis de votre vie, repensez simplement \u00e0 votre situation lors de<br \/>\nla Nouvelle Lune dans ce m\u00eame signe, il y a six mois, et vous<br \/>\nverrez. Le cycle lunaire est un guide pr\u00e9cieux depuis toujours. Il<br \/>\nn&rsquo;est pas question de passer \u00e0 c\u00f4t\u00e9 !<\/p>\n<p>En d\u00e9cembre 2025, dans une p\u00e9riode de fin de cycle pour tout le<br \/>\nmonde avec l\u2019arriv\u00e9e prochaine de la nouvelle ann\u00e9e, la \u00ab\u00a0Lune<br \/>\nfroide\u00a0\u00bb nous invite \u00e0 la r\u00e9flexion et met l\u2019accent sur le mental.<br \/>\nLe signe des G\u00e9meaux, r\u00e9gi par <a href=\"https:\/\/www.mariefrance.fr\/astro\/signes-air-terre-eau-feu-element-astrologie-628994.html\" target=\"_blank\" rel=\"noopener\"><br \/>\nl\u2019\u00e9l\u00e9ment Air<\/a>, nous rendra plus analytiques, mais aussi avides<br \/>\nd\u2019\u00e9changer nos id\u00e9es et nos d\u00e9sirs. L\u2019astre de la nuit amplifiera<br \/>\nsans doute notre extraversion en ce d\u00e9but de mois, un moment id\u00e9al<br \/>\npour aller vers les personnes qui nous attirent et apprendre \u00e0<br \/>\nmieux les conna\u00eetre. Ce n\u2019est clairement pas le moment de se<br \/>\nmontrer timide, et cela est plus vrai que jamais pour un signe du<br \/>\nzodiaque en particulier !<\/p>\n<p><img loading=\"lazy\" decoding=\"async\" itemprop=\"thumbnailUrl\" class=\"alignnone size-full wp-image-1223604 img-responsive\" src=\"https:\/\/www.europesays.com\/fr\/wp-content\/uploads\/2025\/11\/format-ok-2025-11-28t183257.391.jpg\" alt=\"\" width=\"1280\" height=\"720\"\/> \u00a9<br \/>\nshutterstock<\/p>\n<p>Horoscope : quel signe astrologique<br \/>\nvivra une p\u00e9riode idyllique en d\u00e9cembre 2025 gr\u00e2ce \u00e0 la Pleine Lune<br \/>\n?<\/p>\n<p>S\u2019il y a bien un signe parmi les douze qui sera enchant\u00e9 par la<br \/>\nPleine Lune en G\u00e9meaux, c\u2019est le Verseau. Ind\u00e9pendant et<br \/>\navant-gardiste, il partage le m\u00eame \u00e9l\u00e9ment que le signe mis en<br \/>\nlumi\u00e8re par cette lunaison, et b\u00e9n\u00e9ficiera donc d\u2019une \u00e9nergie<br \/>\ncosmique fluide et favorable. Sa cr\u00e9ativit\u00e9, son inspiration et son<br \/>\ncharme seront \u00e0 leur apog\u00e9e \u2014 et comme si cela ne suffisait pas, la<br \/>\nromance s\u2019invitera dans son quotidien.<\/p>\n<p>Lorsque la Lune froide traversera, ce vendredi 5 d\u00e9cembre, sa<br \/>\nzone astrologique d\u00e9di\u00e9e \u00e0 l\u2019amour, sa vie sentimentale prendra un<br \/>\ntournant bien plus enthousiasmant. Si vous \u00eates <a href=\"https:\/\/www.mariefrance.fr\/astro\/astrologie-2025-celebre-ere-verseau-a-telle-commence-1187722.html\" target=\"_blank\" rel=\"noopener\"><br \/>\nVerseau<\/a> et en couple, votre relation conna\u00eetra un moment de<br \/>\nbonheur rare. Votre amour avancera, port\u00e9 par les astres, et la<br \/>\nconnexion mentale et physique sera particuli\u00e8rement forte.<br \/>\nProfitez-en pour organiser un voyage ou une escapade, ce sera<br \/>\nmerveilleux !<\/p>\n<p>Si vous \u00eates c\u00e9libataire, pas d\u2019inqui\u00e9tude, puisqu&rsquo;une rencontre<br \/>\ncapable de transformer votre vie affective se profile tr\u00e8s bient\u00f4t.<br \/>\nMais cela ne se produira que si vous vous autorisez \u00e0 sortir, \u00e0<br \/>\nvous amuser et \u00e0 parler avec des personnes avec lesquelles vous<br \/>\nn\u2019osiez pas \u00e9changer jusqu\u2019ici. En conclusion, c\u2019est le moment de<br \/>\nrencontrer du monde, car votre prochain amour vous attend quelque<br \/>\npart dehors ! D\u00e9cembre avec ces soir\u00e9es festives est le mois id\u00e9al<br \/>\npour cela\u2026 gardez-le en t\u00eate\u202f!<\/p>\n<p><img loading=\"lazy\" decoding=\"async\" class=\"alignnone size-full wp-image-1223605 img-responsive\" src=\"https:\/\/www.europesays.com\/fr\/wp-content\/uploads\/2025\/11\/format-ok-2025-11-28t183426.379.jpg\" alt=\"\" width=\"1280\" height=\"720\"\/> \u00a9<br \/>\nshutterstock<\/p>\n","protected":false},"excerpt":{"rendered":"Un dernier mois s&rsquo;invite dans cette ann\u00e9e 2025 qui commence d\u00e9j\u00e0 \u00e0 nous adresser ses adieux chaleureux. Et&hellip;\n","protected":false},"author":2,"featured_media":565053,"comment_status":"","ping_status":"","sticky":false,"template":"","format":"standard","meta":{"footnotes":""},"categories":[8],"tags":[58,59,1011,27,48219],"class_list":{"0":"post-565052","1":"post","2":"type-post","3":"status-publish","4":"format-standard","5":"has-post-thumbnail","7":"category-divertissement","8":"tag-divertissement","9":"tag-entertainment","10":"tag-fr","11":"tag-france","12":"tag-pleine-lune"},"share_on_mastodon":{"url":"https:\/\/pubeurope.com\/@fr\/115628827324489315","error":""},"_links":{"self":[{"href":"https:\/\/www.europesays.com\/fr\/wp-json\/wp\/v2\/posts\/565052","targetHints":{"allow":["GET"]}}],"collection":[{"href":"https:\/\/www.europesays.com\/fr\/wp-json\/wp\/v2\/posts"}],"about":[{"href":"https:\/\/www.europesays.com\/fr\/wp-json\/wp\/v2\/types\/post"}],"author":[{"embeddable":true,"href":"https:\/\/www.europesays.com\/fr\/wp-json\/wp\/v2\/users\/2"}],"replies":[{"embeddable":true,"href":"https:\/\/www.europesays.com\/fr\/wp-json\/wp\/v2\/comments?post=565052"}],"version-history":[{"count":0,"href":"https:\/\/www.europesays.com\/fr\/wp-json\/wp\/v2\/posts\/565052\/revisions"}],"wp:featuredmedia":[{"embeddable":true,"href":"https:\/\/www.europesays.com\/fr\/wp-json\/wp\/v2\/media\/565053"}],"wp:attachment":[{"href":"https:\/\/www.europesays.com\/fr\/wp-json\/wp\/v2\/media?parent=565052"}],"wp:term":[{"taxonomy":"category","embeddable":true,"href":"https:\/\/www.europesays.com\/fr\/wp-json\/wp\/v2\/categories?post=565052"},{"taxonomy":"post_tag","embeddable":true,"href":"https:\/\/www.europesays.com\/fr\/wp-json\/wp\/v2\/tags?post=565052"}],"curies":[{"name":"wp","href":"https:\/\/api.w.org\/{rel}","templated":true}]}}