{"id":565056,"date":"2025-11-28T18:51:18","date_gmt":"2025-11-28T18:51:18","guid":{"rendered":"https:\/\/www.europesays.com\/fr\/565056\/"},"modified":"2025-11-28T18:51:18","modified_gmt":"2025-11-28T18:51:18","slug":"airbus-rappel-massif-pour-la320-apres-un-incident-de-commande-de-vol-28-11-2025-a-1900","status":"publish","type":"post","link":"https:\/\/www.europesays.com\/fr\/565056\/","title":{"rendered":"Airbus: Rappel massif pour l&rsquo;A320 apr\u00e8s un incident de commande de vol &#8211; 28\/11\/2025 \u00e0 19:00"},"content":{"rendered":"<p>        <img decoding=\"async\" src=\"https:\/\/www.europesays.com\/fr\/wp-content\/uploads\/2025\/11\/230826d40c59f01d67b14a71d126d679-760x507.jpg\" alt=\"Le logo Airbus au Parc des Expositions de Paris-Nord-Villepinte, pr\u00e8s de Paris\" loading=\"eager\" fetchpriority=\"high\" width=\"760\" height=\"507\" style=\"max-width: 100%!important; height: auto;\"\/><\/p>\n<p class=\"c-image-news__legend\">Le logo Airbus au Parc des Expositions de Paris-Nord-Villepinte, pr\u00e8s de Paris<\/p>\n<p>\n Airbus a annonc\u00e9 vendredi un changement imm\u00e9diat de logiciel sur un grand nombre de ses avions de la famille A320 les plus vendus, une mesure qui, selon des sources industrielles, concernerait quelque 6.000 appareils, soit plus de la moiti\u00e9 de la flotte mondiale.\n<\/p>\n<p>\n Un incident r\u00e9cent impliquant un avion de la famille A320 a r\u00e9v\u00e9l\u00e9 qu&rsquo;un rayonnement solaire intense pouvait corrompre des donn\u00e9es essentielles au fonctionnement des commandes de vol, a pr\u00e9cis\u00e9 le groupe dans un communiqu\u00e9.\n<\/p>\n<p>\n L&rsquo;avionneur ajoute avoir identifi\u00e9 un nombre important d&rsquo;avions de la famille A320 actuellement en service qui pourraient \u00eatre concern\u00e9s.\n<\/p>\n<p>\n \u00ab\u00a0Airbus reconna\u00eet que ces recommandations entra\u00eeneront des perturbations op\u00e9rationnelles pour les passagers et les clients.\u00a0\u00bb\n<\/p>\n<p>\n (Reportage Tim Hepher, r\u00e9dig\u00e9 par Coralie Lamarque ; \u00e9dit\u00e9 par Kate Entringer)<\/p>\n","protected":false},"excerpt":{"rendered":"Le logo Airbus au Parc des Expositions de Paris-Nord-Villepinte, pr\u00e8s de Paris Airbus a annonc\u00e9 vendredi un changement&hellip;\n","protected":false},"author":2,"featured_media":565057,"comment_status":"","ping_status":"","sticky":false,"template":"","format":"standard","meta":{"footnotes":""},"categories":[6],"tags":[400,398,408,35,405,33,34,1011,27,403,402,399,404,401,406,407],"class_list":{"0":"post-565056","1":"post","2":"type-post","3":"status-publish","4":"format-standard","5":"has-post-thumbnail","7":"category-economie","8":"tag-action-cac-40","9":"tag-bourse-de-paris","10":"tag-boursorama","11":"tag-business","12":"tag-cotations","13":"tag-economie","14":"tag-economy","15":"tag-fr","16":"tag-france","17":"tag-indices-devises","18":"tag-investir","19":"tag-investissement","20":"tag-marche-boursier","21":"tag-sicav","22":"tag-trackers","23":"tag-warrants"},"share_on_mastodon":{"url":"https:\/\/pubeurope.com\/@fr\/115628834174564732","error":""},"_links":{"self":[{"href":"https:\/\/www.europesays.com\/fr\/wp-json\/wp\/v2\/posts\/565056","targetHints":{"allow":["GET"]}}],"collection":[{"href":"https:\/\/www.europesays.com\/fr\/wp-json\/wp\/v2\/posts"}],"about":[{"href":"https:\/\/www.europesays.com\/fr\/wp-json\/wp\/v2\/types\/post"}],"author":[{"embeddable":true,"href":"https:\/\/www.europesays.com\/fr\/wp-json\/wp\/v2\/users\/2"}],"replies":[{"embeddable":true,"href":"https:\/\/www.europesays.com\/fr\/wp-json\/wp\/v2\/comments?post=565056"}],"version-history":[{"count":0,"href":"https:\/\/www.europesays.com\/fr\/wp-json\/wp\/v2\/posts\/565056\/revisions"}],"wp:featuredmedia":[{"embeddable":true,"href":"https:\/\/www.europesays.com\/fr\/wp-json\/wp\/v2\/media\/565057"}],"wp:attachment":[{"href":"https:\/\/www.europesays.com\/fr\/wp-json\/wp\/v2\/media?parent=565056"}],"wp:term":[{"taxonomy":"category","embeddable":true,"href":"https:\/\/www.europesays.com\/fr\/wp-json\/wp\/v2\/categories?post=565056"},{"taxonomy":"post_tag","embeddable":true,"href":"https:\/\/www.europesays.com\/fr\/wp-json\/wp\/v2\/tags?post=565056"}],"curies":[{"name":"wp","href":"https:\/\/api.w.org\/{rel}","templated":true}]}}