{"id":56506,"date":"2025-04-27T09:39:16","date_gmt":"2025-04-27T09:39:16","guid":{"rendered":"https:\/\/www.europesays.com\/fr\/56506\/"},"modified":"2025-04-27T09:39:16","modified_gmt":"2025-04-27T09:39:16","slug":"le-salon-auto-de-shanghai-est-une-vraie-claque","status":"publish","type":"post","link":"https:\/\/www.europesays.com\/fr\/56506\/","title":{"rendered":"Le salon auto de Shanghai est une vraie claque"},"content":{"rendered":"<p>Du silence dans les rues de Shanghai \u00e0 l\u2019effervescence des stands du salon : immersion dans le plus gros march\u00e9 de l\u2019\u00e9lectrique. L\u2019\u00e9dito de la newsletter Watt Else du 25 avril a \u00e9t\u00e9 r\u00e9dig\u00e9 depuis la Chine.<\/p>\n<p>Voil\u00e0 une invitation qui ne se refuse pas : le constructeur <a href=\"https:\/\/www.numerama.com\/tag\/byd\/\" target=\"_blank\" rel=\"noopener\">BYD<\/a> m\u2019a convi\u00e9e \u00e0 une d\u00e9couverte approfondie de la marque et \u00e0 la visite du salon automobile de Shanghai, qui se tient du 23 avril au 2 mai. C\u2019est une occasion assez unique de se rendre en Chine pour observer la transition engag\u00e9e par le pays. Et\u00a0quelle claque\u00a0!\u00a0<\/p>\n<p>On peut certainement faire beaucoup de reproches \u00e0 la Chine, mais le pays a clairement pris le taureau par les cornes en mati\u00e8re de mobilit\u00e9. Tout ceci n\u2019est pas qu\u2019une promesse en l\u2019air, mais bien une r\u00e9alit\u00e9.<\/p>\n<p>Un silence surprenant\u00a0<\/p>\n<p>La veille du salon, et alors que la lutte contre le jetlag s\u2019installait, j\u2019ai d\u00e9cid\u00e9 de me promener autour de notre h\u00f4tel, en plein milieu des gratte-ciels du quartier des affaires. Les rues sont larges et les voitures nombreuses, mais une chose m\u2019a frapp\u00e9e imm\u00e9diatement :\u00a0le silence r\u00e8gne. Deux roues et voitures sont tr\u00e8s largement \u00e9lectriques. Seuls les pneus sur la chauss\u00e9e et quelques coups de klaxon brisent ce silence. Compar\u00e9 au brouhaha d\u2019une ville comme Paris, c\u2019est le jour et la nuit.\u00a0<\/p>\n<p><a href=\"https:\/\/www.numerama.com\/wp-content\/uploads\/2025\/04\/shanghai-circulation.jpg\" target=\"_blank\" rel=\"noopener\"><img decoding=\"async\" width=\"1024\" height=\"576\" loading=\"lazy\" alt=\"Cirtculation dans le centre de Shanghai o\u00f9 les \u00e9lectriques dominent \/\/ Source : Raphaelle Baut pour Numerama\" title=\"Cirtculation dans le centre de Shanghai o\u00f9 les \u00e9lectriques dominent \/\/ Source : Raphaelle Baut pour Numerama\" class=\"wp-image-1959447 placeholder-default wp-image\" src=\"https:\/\/www.europesays.com\/fr\/wp-content\/uploads\/2025\/04\/shanghai-circulation-1024x576.jpg\" \/><\/a>Cirtculation dans le centre de Shanghai o\u00f9 les \u00e9lectriques dominent \/\/ Source : Raphaelle Baut pour Numerama<\/p>\n<p>Dans le centre de Shanghai, les v\u00e9hicules thermiques se comptent presque sur les doigts des mains. On en croisera un peu plus en p\u00e9riph\u00e9rie de l\u2019agglom\u00e9ration. La diversit\u00e9 des marques rencontr\u00e9es est d\u00e9paysante, il y a m\u00eame quelques mod\u00e8les que je classe parmi les \u00ab voitures non identifi\u00e9es \u00bb. En tout cas, j\u2019\u00e9tais comme\u00a0une gamine dans un magasin de sucreries, notamment devant des mod\u00e8les qui n\u2019ont pas encore trac\u00e9 leur route jusqu\u2019en Europe, comme la <a href=\"https:\/\/www.numerama.com\/voitures\/su7\/\" target=\"_blank\" rel=\"noopener\">Xiaomi SU7<\/a>.\u00a0<\/p>\n<p>Choc culturel<\/p>\n<p>Apr\u00e8s une inscription rapide, l\u2019entr\u00e9e du salon se fait par reconnaissance faciale, voil\u00e0 qui nous propulse dans un pays o\u00f9 le num\u00e9rique est omnipr\u00e9sent. Si les stands ressemblent assez \u00e0 ce que l\u2019on pourrait voir sur n\u2019importe quel salon international,\u00a0l\u2019ambiance y est diff\u00e9rente. Ici, les patrons et patronnes des constructeurs n\u2019h\u00e9sitent pas \u00e0 haranguer le public pr\u00e9sent lors des conf\u00e9rences de presse pour le faire r\u00e9agir, et \u00e7a marche !<\/p>\n<p><a href=\"https:\/\/www.numerama.com\/wp-content\/uploads\/2025\/04\/shanghai2025-im.jpg\" target=\"_blank\" rel=\"noopener\"><img decoding=\"async\" width=\"1024\" height=\"576\" loading=\"lazy\" alt=\"IM LS6 en fourrure rose au salon de Shanghai 2025  \/\/ Source : Raphaelle Baut pour Numerama\" title=\"IM LS6 en fourrure rose au salon de Shanghai 2025  \/\/ Source : Raphaelle Baut pour Numerama\" class=\"wp-image-1959445 placeholder-default wp-image\" src=\"https:\/\/www.europesays.com\/fr\/wp-content\/uploads\/2025\/04\/shanghai2025-im-1024x576.jpg\" \/><\/a>IM LS6 en fourrure rose au salon de Shanghai 2025  \/\/ Source : Raphaelle Baut pour Numerama<\/p>\n<p>Un autre d\u00e9tail m\u2019a surprise lors de cette journ\u00e9e m\u00e9dia du salon : la proportion de femmes est \u00e9lev\u00e9e, et je ne parle pas uniquement des h\u00f4tesses qui posent \u00e0 c\u00f4t\u00e9 des voitures \u2014 ce qui appartient d\u00e9sormais au pass\u00e9 en Europe, mais existe toujours en Chine. Les influenceurs des r\u00e9seaux sociaux chinois sont partout. La journ\u00e9e presse du salon de Shanghai est diffus\u00e9e en direct sur des milliers de comptes chinois sur Weibo, Douyin (TikTok), Wechat\u2026 Sur certains stands, il y a parfois\u00a0plusieurs dizaines de lives \u2013 fa\u00e7on t\u00e9l\u00e9shopping\u00a0\u2013 qui sont organis\u00e9s par les constructeurs pour inciter les clients \u00e0 acheter chez eux. Voil\u00e0 qui est vraiment surprenant \u00e0 observer \u00e0 travers ma culture d\u2019Europ\u00e9enne.\u00a0<\/p>\n<p>Un salon quelque peu d\u00e9routant<\/p>\n<p>La journ\u00e9e a fil\u00e9 \u00e0 un\u00a0rythme infernal. La matin\u00e9e a \u00e9t\u00e9 consacr\u00e9e aux conf\u00e9rences des 4 marques du groupe qui m\u2019a invit\u00e9e : BYD, Denza, Fang Cheng Bao et Yangwang. Les nouveaut\u00e9s et concepts pr\u00e9sent\u00e9s sortiront rapidement en Chine, mais pour ce qui est de l\u2019Europe, rien n\u2019est moins s\u00fbr. C\u2019est peut-\u00eatre le plus frustrant dans ce salon : d\u00e9couvrir des nouveaut\u00e9s sans savoir si elles viendront chez nous.<\/p>\n<p><a href=\"https:\/\/www.numerama.com\/wp-content\/uploads\/2025\/04\/shanghai2025-yangwang.jpg\" target=\"_blank\" rel=\"noopener\"><img decoding=\"async\" width=\"1024\" height=\"576\" loading=\"lazy\" alt=\"La patronne de Yangwang pr\u00e9sente le nouveau U8L au salon de Shanghai 2025 \/\/ Source : Raphaelle Baut pour Numerama\" title=\"La patronne de Yangwang pr\u00e9sente le nouveau U8L au salon de Shanghai 2025 \/\/ Source : Raphaelle Baut pour Numerama\" class=\"wp-image-1959441 placeholder-default wp-image\" src=\"https:\/\/www.europesays.com\/fr\/wp-content\/uploads\/2025\/04\/shanghai2025-yangwang-1024x576.jpg\" \/><\/a>La patronne de Yangwang pr\u00e9sente le nouveau U8L au salon de Shanghai 2025 \/\/ Source : Raphaelle Baut pour Numerama<\/p>\n<p>L\u2019apr\u00e8s-midi a permis de s\u2019\u00e9chapper dans les\u00a07 autres halls d\u00e9di\u00e9s aux v\u00e9hicules\u00a0pour particuliers et plusieurs centaines d\u2019exposants. Les stands s\u2019encha\u00eenent, alternant entre des noms connus, des constructeurs \u00e9trangers (allemands, am\u00e9ricains ou japonais) et marques chinoises compl\u00e8tement inconnues. C\u2019\u00e9tait l\u2019occasion aussi de confirmer certains coups de c\u0153ur, comme pour Xiaomi.<\/p>\n<p>Ce que j\u2019en retiens : le temps de la voiture bas de gamme chinoise est termin\u00e9. Les mod\u00e8les pr\u00e9sent\u00e9s pendant l\u2019\u00e9dition 2025 du salon de Shanghai sont de plus en plus grands, confortables et forc\u00e9ment technologiques. Ils n\u2019ont plus rien \u00e0 envier \u00e0 ce que l\u2019on croiserait sur nos salons europ\u00e9ens, si ce n\u2019est que certains mod\u00e8les manquent peut-\u00eatre un peu d\u2019\u00e2me du fait d\u2019une standardisation du design. Apr\u00e8s une journ\u00e9e ext\u00e9nuante (et 10 km de marche), je n\u2019ai envie que d\u2019une chose\u2026\u00a0une autre opportunit\u00e9 d\u2019y revenir.\u00a0<\/p>\n<p><strong>Si cet \u00e9ditorial vous a plu, n\u2019h\u00e9sitez pas \u00e0 vous abonner \u00e0 notre newsletter gratuite Watt Else :<\/strong><\/p>\n<p class=\"newsletter-headline\">Newsletter <strong style=\"color: #00d195\">Watt Else<\/strong>\n                    <\/p>\n<p class=\"newsletter-title js-newsletter-title\">Vous souhaitez recevoir la newsletter<br \/>\n                        <strong>Watt Else<\/strong> dans votre bo\u00eete mail ?<\/p>\n<p>\n                    Les donn\u00e9es transmises par le biais de ce formulaire sont destin\u00e9es<br \/>\n                    \u00e0 PressTiC Numerama, en sa qualit\u00e9 de responsable de traitement. Ces donn\u00e9es<br \/>\n                    sont trait\u00e9es avec votre consentement aux fins de vous envoyer par e-mail des actualit\u00e9s et<br \/>\n                    informations relatives aux contenus \u00e9ditoriaux publi\u00e9s sur ce site. Vous pouvez vous opposer \u00e0 tout<br \/>\n                    moment \u00e0 ces e-mails en cliquant sur les liens de d\u00e9sinscriptions pr\u00e9sents dans chacun d\u2019eux. Pour<br \/>\n                    plus d\u2019informations, vous pouvez consulter l\u2019int\u00e9gralit\u00e9 de notre <a href=\"https:\/\/www.numerama.com\/politique-donnees-personnelles\" target=\"_blank\" rel=\"noopener\">politique de traitement de vos<br \/>\n                        donn\u00e9es<br \/>\n                        personnelles<\/a>.\n                <\/p>\n<p>\n                    Vous disposez d\u2019un droit d\u2019acc\u00e8s, de rectification, d\u2019effacement, de limitation, de portabilit\u00e9 et<br \/>\n                    d\u2019opposition pour motif l\u00e9gitime aux donn\u00e9es personnelles vous concernant. Pour exercer l\u2019un de ces<br \/>\n                    droits, merci d\u2019effectuer votre demande via notre <a href=\"http:\/\/www.numerama.com\/contact#rgpd\" target=\"_blank\" rel=\"noopener\">formulaire de demandes d\u2019exercices de<br \/>\n                        droits<br \/>\n                        d\u00e9di\u00e9<\/a>.\n                <\/p>\n<p>            <img decoding=\"async\" src=\"https:\/\/www.europesays.com\/fr\/wp-content\/uploads\/2025\/04\/iPhone-16-pro.png\" alt=\"Toute l'actu tech en un clien d'oeil\"\/><\/p>\n<p class=\"card-install-pwa__title\">Toute l&rsquo;actu tech en un clin d&rsquo;\u0153il<\/p>\n<p class=\"card-install-pwa__description\">Ajoutez Numerama \u00e0 votre \u00e9cran d&rsquo;accueil et restez connect\u00e9s au futur !<\/p>\n<p>            <img decoding=\"async\" src=\"https:\/\/www.europesays.com\/fr\/wp-content\/uploads\/2025\/04\/logo-card-pwa-coupe.svg.svg+xml\" alt=\"Logo PWA\"\/><\/p>\n<p>       Installer Numerama<\/p>\n","protected":false},"excerpt":{"rendered":"Du silence dans les rues de Shanghai \u00e0 l\u2019effervescence des stands du salon : immersion dans le plus&hellip;\n","protected":false},"author":2,"featured_media":56507,"comment_status":"","ping_status":"","sticky":false,"template":"","format":"standard","meta":{"footnotes":""},"categories":[6],"tags":[35,15191,309,33,34,1011,27,8433],"class_list":{"0":"post-56506","1":"post","2":"type-post","3":"status-publish","4":"format-standard","5":"has-post-thumbnail","7":"category-economie","8":"tag-business","9":"tag-byd","10":"tag-chine","11":"tag-economie","12":"tag-economy","13":"tag-fr","14":"tag-france","15":"tag-watt-else"},"share_on_mastodon":{"url":"https:\/\/pubeurope.com\/@fr\/114409266535576829","error":""},"_links":{"self":[{"href":"https:\/\/www.europesays.com\/fr\/wp-json\/wp\/v2\/posts\/56506","targetHints":{"allow":["GET"]}}],"collection":[{"href":"https:\/\/www.europesays.com\/fr\/wp-json\/wp\/v2\/posts"}],"about":[{"href":"https:\/\/www.europesays.com\/fr\/wp-json\/wp\/v2\/types\/post"}],"author":[{"embeddable":true,"href":"https:\/\/www.europesays.com\/fr\/wp-json\/wp\/v2\/users\/2"}],"replies":[{"embeddable":true,"href":"https:\/\/www.europesays.com\/fr\/wp-json\/wp\/v2\/comments?post=56506"}],"version-history":[{"count":0,"href":"https:\/\/www.europesays.com\/fr\/wp-json\/wp\/v2\/posts\/56506\/revisions"}],"wp:featuredmedia":[{"embeddable":true,"href":"https:\/\/www.europesays.com\/fr\/wp-json\/wp\/v2\/media\/56507"}],"wp:attachment":[{"href":"https:\/\/www.europesays.com\/fr\/wp-json\/wp\/v2\/media?parent=56506"}],"wp:term":[{"taxonomy":"category","embeddable":true,"href":"https:\/\/www.europesays.com\/fr\/wp-json\/wp\/v2\/categories?post=56506"},{"taxonomy":"post_tag","embeddable":true,"href":"https:\/\/www.europesays.com\/fr\/wp-json\/wp\/v2\/tags?post=56506"}],"curies":[{"name":"wp","href":"https:\/\/api.w.org\/{rel}","templated":true}]}}