{"id":565073,"date":"2025-11-28T19:02:13","date_gmt":"2025-11-28T19:02:13","guid":{"rendered":"https:\/\/www.europesays.com\/fr\/565073\/"},"modified":"2025-11-28T19:02:13","modified_gmt":"2025-11-28T19:02:13","slug":"comment-sebastien-tillous-borde-sest-construit-avec-toulon","status":"publish","type":"post","link":"https:\/\/www.europesays.com\/fr\/565073\/","title":{"rendered":"comment S\u00e9bastien Tillous-Borde s\u2019est construit avec Toulon"},"content":{"rendered":"<p class=\"fs-5 \">Sept saisons en rouge et noir, 153 matches avec le RCT, trois coupes d\u2019Europe, un Brennus&#8230; S\u00e9bastien Tillous-Borde a v\u00e9cu mille vies sur la rade. Particuli\u00e8rement appr\u00e9ci\u00e9 par le public, le demi de m\u00eal\u00e9e, aujourd\u2019hui entra\u00eeneur de Montauban, s\u2019appr\u00eate \u00e0 retrouver Mayol. \u00c0 d\u00e9sormais 40 ans, \u00ab Titi \u00bb a accept\u00e9, pour Var-matin, de se replonger dans son aventure \u00f4 combien folle avec Toulon.<\/p>\n<p class=\"fs-5 \"><strong>S\u2019il fallait r\u00e9sumer Toulon en un mot, quel serait-il ?<\/strong><\/p>\n<p class=\"fs-5 \">(Il marque une pause) Compliqu\u00e9, \u00e7a. Le premier qui me vient, c\u2019est \u00ab passion \u00bb. Toulon, \u00e7a a \u00e9t\u00e9 une grande partie de ma vie, rugbystique et familiale. C\u2019est l\u2019endroit o\u00f9 je me suis construit en tant que joueur, mais aussi en tant qu\u2019homme. Je m\u2019y suis mari\u00e9, mes deux enfants sont n\u00e9s \u00e0 Toulon\u2026 J\u2019ai beaucoup de racines ici. C\u2019est plus qu\u2019une attache. J\u2019ai jou\u00e9 je ne sais combien de finales avec le club\u2026 Quand tu me dis Toulon, \u00e7a r\u00e9sonne, quoi. Pour moi, et pour ma famille. D\u2019ailleurs, on revient au moins une semaine par an.<\/p>\n<p class=\"fs-5 \"><strong>Vous allez retrouver Mayol, mais ce coup-ci dans la peau d\u2019un adversaire\u2026 Qu\u2019est-ce que \u00e7a fait ?<\/strong><\/p>\n<p class=\"fs-5 \">C\u2019est\u2026 bizarre (il rigole) ! Quand j\u2019ai arr\u00eat\u00e9 (en 2018), j\u2019ai entra\u00een\u00e9 deux ans \u00e0 Toulon, puis je suis parti ailleurs (Bourgoin et Rouen) et je n\u2019ai jamais eu l\u2019occasion de rejouer face au RCT. Surtout, l\u00e0, je sais que je suis dans le camp adverse. Je connais Mayol, son ambiance. Dans ma carri\u00e8re, j\u2019y ai jou\u00e9 deux fois, une avec Biarritz et une autre avec Castres. J\u2019ai d\u00e9j\u00e0 go\u00fbt\u00e9 au vestiaire visiteurs, mais l\u00e0, \u00e7a sera encore diff\u00e9rent (sourire).<\/p>\n<p>            <img src=\"https:\/\/www.europesays.com\/fr\/wp-content\/uploads\/2025\/11\/1764356533_154_70dd99c_upload-from-url-1-cifplznujlv8-data-art-16674895.jpg\"   loading=\"lazy\" decoding=\"async\" alt=\"En battant les Tarn-et-Garonnais \u00e0 Mayol le 5 avril 2009, les Toulonnais de Tana Umaga et Sonny Bill Williams (ici ballon en main) avaient acquis une pr\u00e9cieuse victoire en vue du maintien en Top 14.\" class=\"img-fluid position-absolute w-100 object-fit-cover rounded-2\" width=\"600\" height=\"400\"\/><\/p>\n<p class=\"fs-5 \"><strong>Si on rembobine jusqu\u2019\u00e0 2011, comment votre arriv\u00e9e \u00e0 Toulon s\u2019est-elle faite ?<\/strong><\/p>\n<p class=\"fs-5 \">J\u2019\u00e9tais \u00e0 Castres, dans le salon, quand Mourad m\u2019a appel\u00e9. On \u00e9tait en janvier ou f\u00e9vrier 2011. Il me voulait et m\u2019avait dit : \u201cCette ann\u00e9e, on va \u00eatre champion de France\u2026 et l\u2019an prochain, d\u2019Europe\u201d. J\u2019avais r\u00e9pondu qu\u2019on ferait peut-\u00eatre le doubl\u00e9 en 2012, plut\u00f4t. Finalement, on a perdu les deux finales cette ann\u00e9e-l\u00e0 (sourire). Heureusement, derri\u00e8re, il y a eu beaucoup, beaucoup de joie. Des finales, un tripl\u00e9 en coupe d\u2019Europe, un Brennus. Des finales perdues, aussi. Mais c\u2019\u00e9tait incroyable.<\/p>\n<p class=\"fs-5 \"><strong>Qu\u2019est-ce qui vous a le plus marqu\u00e9 dans votre aventure toulonnaise ?<\/strong><\/p>\n<p class=\"fs-5 \">Le caract\u00e8re des Toulonnais. Ces supporters, cette ambiance, cette ferveur pour le club. J\u2019ai toujours aim\u00e9 \u00e7a. Dans le bon, comme dans le mauvais. Ils peuvent \u00eatre durs, mais \u00e0 raison. Quand tu ne mouilles pas le maillot, c\u2019est compliqu\u00e9. Sinon, au niveau purement rugby, je retiens surtout que nous \u00e9tions une \u00e9quipe de fr\u00e8res. On nous a beaucoup qualifi\u00e9s de \u00ab mercenaires \u00bb. On \u00e9tait tout sauf \u00e7a. Nous \u00e9tions une \u00e9quipe multiculturelle et on se battait les uns pour les autres sur le terrain. C\u2019est ce qui nous a permis de r\u00e9aliser nos r\u00eaves et de marquer l\u2019histoire du club, comme les glorieux a\u00een\u00e9s.<\/p>\n<p class=\"fs-5 \"><strong>\u00c0 cette \u00e9poque, vous rendiez-vous compte de ce que vous \u00e9tiez en train de r\u00e9aliser ?<\/strong><\/p>\n<p class=\"fs-5 \">On savait qu\u2019on faisait quelque chose de beau. Le plus dur \u00e0 r\u00e9aliser, peut-\u00eatre, c\u2019\u00e9tait le tripl\u00e9. D\u2019ailleurs, il y a une anecdote \u00e0 ce sujet. Quand on gagne la premi\u00e8re fois, on fait la f\u00eate. La deuxi\u00e8me, c\u2019\u00e9tait incroyable, avec 70 000 personnes dans la ville. Et la troisi\u00e8me, on ne la f\u00eate m\u00eame pas\u2026 Je pense qu\u2019on s\u2019\u00e9tait un peu embourgeois\u00e9. C\u2019\u00e9tait devenu une habitude de gagner et personne, autour, ne se rendait compte qu\u2019on avait fait un truc juste impensable. Derri\u00e8re, les ann\u00e9es suivantes, on a un peu perdu notre culture pour continuer \u00e0 tout gagner.<\/p>\n<p class=\"fs-5 \"><strong>S\u2019il ne fallait garder qu\u2019un seul match de vos 153 apparitions avec Toulon, quel serait-il ?<\/strong><\/p>\n<p class=\"fs-5 \">Si je dois en donner un seul qui m\u2019a vraiment marqu\u00e9, je choisis la finale de coupe d\u2019Europe contre les Saracens, en 2014 [Toulon l\u2019avait emport\u00e9 23-6 au Millennium, \u00e0 Cardiff, Ndlr]. Ce soir-l\u00e0, on \u00e9tait \u00e0 l\u2019apoth\u00e9ose de notre rugby. Les Saracens avaient une g\u00e9n\u00e9ration ultra-solide et sur ce match, on les d\u00e9fonce quoi. Dans l\u2019engagement physique, c\u2019\u00e9tait une bataille de dingue. Avant la finale, dans leurs d\u00e9clarations, on sentait qu\u2019ils se voyaient d\u00e9j\u00e0 gagner. Sauf qu\u2019on s\u2019offre ce match en pratiquant notre meilleur rugby. Et derri\u00e8re, on va chercher le doubl\u00e9 avec le Brennus. C\u2019\u00e9tait fou. Tout comme le retour en bateau \u00e0 Toulon, le port et la ville\u2026 Il y avait une euphorie g\u00e9n\u00e9rale.<\/p>\n<p class=\"fs-5 \"><strong>\u00c0 Toulon, vous avez \u00e9galement connu Pierre Mignoni en tant qu\u2019entra\u00eeneur des arri\u00e8res [de 2011 \u00e0 2015]. Quel rapport avez-vous gard\u00e9 avec lui ?<\/strong><\/p>\n<p class=\"fs-5 \">Quand il a arr\u00eat\u00e9 sa carri\u00e8re, j\u2019ai \u00e9t\u00e9 celui qui devait le remplacer (comme demi de m\u00eal\u00e9e). C\u2019\u00e9tait particulier, quand m\u00eame (sourire). Il a \u00e9t\u00e9 directement notre entra\u00eeneur des trois-quarts. Pierre, c\u2019est quelqu\u2019un que j\u2019appr\u00e9cie beaucoup. Parce qu\u2019il est droit, qu\u2019il dit les choses et qu\u2019il est carr\u00e9. Ce sont des valeurs qui me plaisent. Il m\u2019a beaucoup apport\u00e9, notamment en termes de rugby. C\u2019\u00e9tait un international, tr\u00e8s fort au poste. Je n\u2019avais que 24 ans \u00e0 mon arriv\u00e9e. Il m\u2019a conseill\u00e9, m\u2019a aid\u00e9, m\u2019a fait travailler m\u00eame si j\u2019aimais d\u00e9j\u00e0 \u00e9norm\u00e9ment \u00e7a. Et quand on y pense, Pierre, il s\u2019est aussi construit avec nous en tant que coach. J\u2019en garde de tr\u00e8s bons souvenirs.<\/p>\n","protected":false},"excerpt":{"rendered":"Sept saisons en rouge et noir, 153 matches avec le RCT, trois coupes d\u2019Europe, un Brennus&#8230; S\u00e9bastien Tillous-Borde&hellip;\n","protected":false},"author":2,"featured_media":565074,"comment_status":"","ping_status":"","sticky":false,"template":"","format":"standard","meta":{"footnotes":""},"categories":[9619],"tags":[1111,11,1777,674,1011,27,12,882,3461,25,2310],"class_list":{"0":"post-565073","1":"post","2":"type-post","3":"status-publish","4":"format-standard","5":"has-post-thumbnail","7":"category-toulon","8":"tag-actu","9":"tag-actualites","10":"tag-eu","11":"tag-europe","12":"tag-fr","13":"tag-france","14":"tag-news","15":"tag-provence-alpes-cote-dazur","16":"tag-rct","17":"tag-republique-francaise","18":"tag-toulon"},"share_on_mastodon":{"url":"https:\/\/pubeurope.com\/@fr\/115628877772299897","error":""},"_links":{"self":[{"href":"https:\/\/www.europesays.com\/fr\/wp-json\/wp\/v2\/posts\/565073","targetHints":{"allow":["GET"]}}],"collection":[{"href":"https:\/\/www.europesays.com\/fr\/wp-json\/wp\/v2\/posts"}],"about":[{"href":"https:\/\/www.europesays.com\/fr\/wp-json\/wp\/v2\/types\/post"}],"author":[{"embeddable":true,"href":"https:\/\/www.europesays.com\/fr\/wp-json\/wp\/v2\/users\/2"}],"replies":[{"embeddable":true,"href":"https:\/\/www.europesays.com\/fr\/wp-json\/wp\/v2\/comments?post=565073"}],"version-history":[{"count":0,"href":"https:\/\/www.europesays.com\/fr\/wp-json\/wp\/v2\/posts\/565073\/revisions"}],"wp:featuredmedia":[{"embeddable":true,"href":"https:\/\/www.europesays.com\/fr\/wp-json\/wp\/v2\/media\/565074"}],"wp:attachment":[{"href":"https:\/\/www.europesays.com\/fr\/wp-json\/wp\/v2\/media?parent=565073"}],"wp:term":[{"taxonomy":"category","embeddable":true,"href":"https:\/\/www.europesays.com\/fr\/wp-json\/wp\/v2\/categories?post=565073"},{"taxonomy":"post_tag","embeddable":true,"href":"https:\/\/www.europesays.com\/fr\/wp-json\/wp\/v2\/tags?post=565073"}],"curies":[{"name":"wp","href":"https:\/\/api.w.org\/{rel}","templated":true}]}}