{"id":565079,"date":"2025-11-28T19:05:10","date_gmt":"2025-11-28T19:05:10","guid":{"rendered":"https:\/\/www.europesays.com\/fr\/565079\/"},"modified":"2025-11-28T19:05:10","modified_gmt":"2025-11-28T19:05:10","slug":"en-seine-maritime-un-dispositif-inedit-pour-eviter-aux-femmes-battues-un-parcours-de-la-combattante","status":"publish","type":"post","link":"https:\/\/www.europesays.com\/fr\/565079\/","title":{"rendered":"En Seine-Maritime, un dispositif in\u00e9dit pour \u00e9viter aux femmes battues un \u00ab parcours de la combattante \u00bb"},"content":{"rendered":"<p>                    Par<br \/>\n        <strong><br \/>\n            <a href=\"https:\/\/actu.fr\/auteur\/adrien-filoche\" title=\"Consulter tous les articles de Adrien Filoche\" target=\"_blank\" rel=\"noopener\">Adrien Filoche<\/a><br \/>\n                    <\/strong><\/p>\n<p>        Publi\u00e9 le<\/p>\n<p>            28 nov. 2025 \u00e0 19h14        <\/p>\n<p><strong>Une femme a \u00e9t\u00e9 tu\u00e9e toutes les dix minutes<\/strong> dans le monde en 2024, selon <a href=\"https:\/\/actu.fr\/monde\/une-femme-tuee-toutes-les-dix-minutes-dans-le-monde-en-2024-les-feminicides-ne-reculent-toujours-pas_63482775.html\" target=\"_blank\" rel=\"noopener\">un rapport d\u2019ONU Femmes<\/a> et de l\u2019Office des Nations unies contre la drogue et le crime, publi\u00e9 \u00e0 l\u2019occasion de la Journ\u00e9e internationale de lutte contre les violences faites aux femmes, le mardi 25 novembre 2025. En <a href=\"https:\/\/actu.fr\/76actu\/\" target=\"_blank\" rel=\"noopener\">Seine-Maritime<\/a>, 4857 faits de violences conjugales ont \u00e9t\u00e9 recens\u00e9s en 2024, chiffre de son c\u00f4t\u00e9 la pr\u00e9fecture de la Seine-Maritime. Alors, afin de mieux accompagner les victimes, la pr\u00e9fecture met en place un nouveau dispositif appel\u00e9 \u00ab Pack nouveau d\u00e9part \u00bb.<\/p>\n<p>Mieux accompagner les victimes de violences conjugales<\/p>\n<p class=\" wall-content\">Ce nouveau dispositif d\u2019accompagnement, mesure du plan interminist\u00e9riel \u00ab Toutes et touts \u00e9gaux \u00bb a \u00e9t\u00e9 pr\u00e9sent\u00e9 le 26 novembre et doit permettre \u00e0 l\u2019\u00e9chelle du territoire \u00ab d\u2019offrir \u00e0 chaque victime qui signale des violences un accompagnement rapide, complet et coordonn\u00e9 \u00bb.<\/p>\n<p class=\" wall-content\">Concr\u00e8tement, ce dispositif est une \u00ab boite \u00e0 outils \u00bb qui doit rendre plus simple le processus de signalement et de prise en charge pour les victimes de violences conjugales. <strong>La Caf (caisse d\u2019Allocation familiale) devient le centralisateur des demandes.\u00a0<\/strong><\/p>\n<blockquote class=\"ac-article-quote wall-content\">\n<p>D\u00e8s qu&rsquo;une femme se signale, qu&rsquo;elle que soit sa porte d&rsquo;entr\u00e9e et sans avoir n\u00e9cessairement d\u00e9pos\u00e9 plainte, elle est orient\u00e9e par son interlocuteur via la Caf vers une professionnelle r\u00e9f\u00e9rente qui active l&rsquo;ensemble des dispositifs : s\u00e9curit\u00e9, h\u00e9bergement, aide financi\u00e8re, accompagnement social et juridique.<\/p>\n<p>    <strong>La pr\u00e9fecture de la Seine-Maritime<\/strong>\n            <\/p><\/blockquote>\n<p class=\" wall-content\">Gr\u00e2ce \u00e0 ce r\u00e9f\u00e9rent, <strong>la victime n\u2019a plus \u00e0 multiplier les d\u00e9marches,<\/strong> ne doit plus frapper \u00e0 diff\u00e9rentes portes. \u00ab Ce sont les professionnels qui prendront directement contact avec elle \u00bb, souligne la pr\u00e9fecture. Une fois le signalement effectu\u00e9, la victime doit ainsi \u00eatre renvoy\u00e9e sous un d\u00e9lai de 72 heures vers son r\u00e9f\u00e9rent.\u00a0L\u2019id\u00e9e est simple : permettre \u00e0 une femme victime de violences conjugales <strong>d\u2019\u00e9viter de subir \u00ab le parcours de la combattante \u00bb.<\/strong>\u00a0<\/p>\n<p class=\" wall-content\">Ce \u00ab Pack nouveau d\u00e9part \u00bb n\u00e9cessite ainsi la collaboration des diff\u00e9rents acteurs du territoires (forces de l\u2019ordre, conseillers d\u00e9partementaux, travailleurs sociaux, etc.). D\u00e9j\u00e0 test\u00e9 dans d\u2019autres d\u00e9partements, le dispositif devrait \u00eatre effectif d\u00e8s le premier trimestre 2026 \u00e0 l\u2019\u00e9chelle de la Seine-Maritime.<\/p>\n<p>\u00ab Il faut faire de la Seine-Maritime un territoire moteur \u00bb<\/p>\n<p class=\" wall-content\">Ce dispositif d\u2019urgence rejoint les outils d\u00e9j\u00e0 engag\u00e9s \u00e0 l\u2019\u00e9chelle du d\u00e9partement. \u00ab\u00a0Depuis sa cr\u00e9ation en 2023, l\u2019aide d\u2019urgence de la Caf a \u00e9t\u00e9 vers\u00e9e \u00e0 1470 personnes pour un montant de 1 163 306 euros\u00a0\u00bb, souligne \u00e0 ce propos la pr\u00e9fecture.<\/p>\n<p>Votre r\u00e9gion, votre actu !<\/p>\n<p>Recevez chaque jour les infos qui comptent pour vous.<\/p>\n<p>\t<a href=\"https:\/\/actu.fr\/newsletter\" class=\"ac-btn ac-btn--corner ac-btn--medium ac-btn--blue800\" target=\"_blank\" rel=\"noopener\">S&rsquo;incrire<\/a><\/p>\n<p class=\" wall-content\">Parmi les autres mesures, la pr\u00e9fecture liste notamment \u00ab\u00a0le d\u00e9ploiement de plus de 100 t\u00e9l\u00e9phones grave danger et de bracelets anti-rapprochement\u00a0\u00bb, \u00ab\u00a0la cr\u00e9ation de deux maisons des femmes\u00a0\u00bb (au groupe hospitalier du Havre et au CHI Elbeuf-Louviers-Val de Reuil), ou encore la mise en place de places d\u2019h\u00e9bergement pour les victimes (53 places, compl\u00e9t\u00e9es par 49 de logements adapt\u00e9s).\u00a0<\/p>\n<blockquote class=\"ac-article-quote wall-content\">\n<p>Cette cause n&rsquo;est pas une option, c&rsquo;est une politique publique \u00e0 part enti\u00e8re. Il faut faire de la Seine-Maritime un territoire moteur.<\/p>\n<p>    <strong>Jean-Beno\u00eet Albertini<\/strong><br \/>\n        pr\u00e9fet de la Seine-Maritime    <\/p><\/blockquote>\n<p class=\" wall-content\">Il faut dire que la France n\u2019est pas en avance \u2014 pour ne pas dire en retard \u2014 sur la question des violences conjugales, notamment lorsque l\u2019on compare avec la situation d\u2019autres pays \u00e0 l\u2019instar de l\u2019Espagne, o\u00f9 le nombre de f\u00e9minicides a diminu\u00e9 de 35 % en 20 ans, quand il a augment\u00e9 en France de 16% en 2024 par rapport \u00e0 2023.<\/p>\n<p class=\" wall-content\">Le 25 novembre, un rapport \u00e0 l\u2019initiative de deux magistrats, Gwenola Joly-Coz et \u00c9ric Corbaux, a \u00e9t\u00e9 remis au garde des Sceaux G\u00e9rald Darmanin afin d\u2019apporter une r\u00e9ponse judiciaire mieux adapt\u00e9e aux violences faites aux femmes.\u00a0<\/p>\n<p class=\" wall-content\">Ils proposent dix mesures, dont la mise en place d\u2019un nouveau type de magistrat sp\u00e9cialis\u00e9 afin de donner l\u2019occasion \u00e0 la France de rattraper son retard sur cette probl\u00e9matique.<\/p>\n<p>Tous les trois jours en moyenne une femme meurt, victime de violences conjugales. Il est conseill\u00e9 \u00e0 toute femme victime de violences de se manifester aupr\u00e8s de son m\u00e9decin, d\u2019une association ou des services de police. Deux num\u00e9ros peuvent \u00eatre compos\u00e9s pour recevoir \u00e9coute, conseils et informations : le 39 19. En cas d\u2019urgence, il est conseill\u00e9 d\u2019appeler le 17, le 112 ou d\u2019envoyer un SMS au 114.<\/p>\n<p>Suivez l\u2019actualit\u00e9 de Rouen sur <a href=\"https:\/\/www.whatsapp.com\/channel\/0029VaKfnf99hXF2ddApFB1D\" target=\"_blank\" rel=\"noopener\">notre cha\u00eene WhatsApp<\/a> et sur <a href=\"https:\/\/www.tiktok.com\/@76actu.fr?lang=fr\" target=\"_blank\" rel=\"noopener\">notre compte TikTok<\/a><\/p>\n<p class=\" wall-content\">Personnalisez votre actualit\u00e9 en ajoutant vos villes et m\u00e9dias en favori avec <a href=\"https:\/\/moncompte.actu.fr\" title=\"D\u00e9couvez Mon Actu\" rel=\"nofollow noopener\" data-trk=\"{&quot;cta&quot;:{&quot;action&quot;:&quot;https:\\\/\\\/moncompte.actu.fr&quot;,&quot;category&quot;:&quot;mon compte&quot;,&quot;from&quot;:&quot;article footer&quot;,&quot;name&quot;:&quot;Mon actu&quot;,&quot;type&quot;:&quot;cta&quot;}}\" target=\"_blank\">Mon Actu<\/a>.<\/p>\n<p>                    <script async src=\"\/\/www.tiktok.com\/embed.js\"><\/script><\/p>\n","protected":false},"excerpt":{"rendered":"Par Adrien Filoche Publi\u00e9 le 28 nov. 2025 \u00e0 19h14 Une femme a \u00e9t\u00e9 tu\u00e9e toutes les dix&hellip;\n","protected":false},"author":2,"featured_media":565080,"comment_status":"","ping_status":"","sticky":false,"template":"","format":"standard","meta":{"footnotes":""},"categories":[9587],"tags":[1111,11,1777,674,1011,27,12,5161,25,9590,71,104,798],"class_list":{"0":"post-565079","1":"post","2":"type-post","3":"status-publish","4":"format-standard","5":"has-post-thumbnail","7":"category-rouen","8":"tag-actu","9":"tag-actualites","10":"tag-eu","11":"tag-europe","12":"tag-fr","13":"tag-france","14":"tag-news","15":"tag-normandie","16":"tag-republique-francaise","17":"tag-rouen","18":"tag-sante","19":"tag-societe","20":"tag-violences-conjugales"},"share_on_mastodon":{"url":"https:\/\/pubeurope.com\/@fr\/115628888795834918","error":""},"_links":{"self":[{"href":"https:\/\/www.europesays.com\/fr\/wp-json\/wp\/v2\/posts\/565079","targetHints":{"allow":["GET"]}}],"collection":[{"href":"https:\/\/www.europesays.com\/fr\/wp-json\/wp\/v2\/posts"}],"about":[{"href":"https:\/\/www.europesays.com\/fr\/wp-json\/wp\/v2\/types\/post"}],"author":[{"embeddable":true,"href":"https:\/\/www.europesays.com\/fr\/wp-json\/wp\/v2\/users\/2"}],"replies":[{"embeddable":true,"href":"https:\/\/www.europesays.com\/fr\/wp-json\/wp\/v2\/comments?post=565079"}],"version-history":[{"count":0,"href":"https:\/\/www.europesays.com\/fr\/wp-json\/wp\/v2\/posts\/565079\/revisions"}],"wp:featuredmedia":[{"embeddable":true,"href":"https:\/\/www.europesays.com\/fr\/wp-json\/wp\/v2\/media\/565080"}],"wp:attachment":[{"href":"https:\/\/www.europesays.com\/fr\/wp-json\/wp\/v2\/media?parent=565079"}],"wp:term":[{"taxonomy":"category","embeddable":true,"href":"https:\/\/www.europesays.com\/fr\/wp-json\/wp\/v2\/categories?post=565079"},{"taxonomy":"post_tag","embeddable":true,"href":"https:\/\/www.europesays.com\/fr\/wp-json\/wp\/v2\/tags?post=565079"}],"curies":[{"name":"wp","href":"https:\/\/api.w.org\/{rel}","templated":true}]}}