{"id":565085,"date":"2025-11-28T19:08:15","date_gmt":"2025-11-28T19:08:15","guid":{"rendered":"https:\/\/www.europesays.com\/fr\/565085\/"},"modified":"2025-11-28T19:08:15","modified_gmt":"2025-11-28T19:08:15","slug":"en-direct-coupe-de-france-de-football-qui-remportera-le-choc-du-8e-tour-entre-le-fc-annecy-et-grenoble-suivez-la-rencontre","status":"publish","type":"post","link":"https:\/\/www.europesays.com\/fr\/565085\/","title":{"rendered":"En direct Coupe de France de football. Qui remportera le choc du 8e tour entre le FC Annecy et Grenoble ? Suivez la rencontre"},"content":{"rendered":"<p>&#13;<br \/>\n                                                    En direct&#13;<br \/>\n                        &#13;\n                                            <\/p>\n<p>Deuxi\u00e8me opus de la saison 2025-2026, mais en version Coupe de France, pour l\u2019Alpico entre les deux pensionnaires de Ligue 2, le FC Annecy et le Grenoble Foot 38, ce vendredi soir (20 h) au parc des Sports d\u2019Annecy. Enjeu, une place en 32e de finale le week-end des 19 et 20 d\u00e9cembre prochain avec l\u2019entr\u00e9e en lice des clubs de Ligue 2. Les Haut-Savoyards ont remport\u00e9 la premi\u00e8re manche en championnat 3-1 et avaient \u00e9galement domin\u00e9 l\u2019Alpico de la saison derni\u00e8re disput\u00e9 sur l\u2019ann\u00e9e civile 2025.<\/p>\n<p>&#13;<br \/>\n              F.R. &#8211; &#13;<br \/>\n        &#13;<br \/>\n          Aujourd&rsquo;hui \u00e0 19:41&#13;<br \/>\n    &#13;<br \/>\n                  | mis \u00e0 jour aujourd&rsquo;hui \u00e0 20:07&#13;<br \/>\n              &#8211; Temps de lecture : &#13;<br \/>\n  &#13;<\/p>\n","protected":false},"excerpt":{"rendered":"&#13; En direct&#13; &#13; Deuxi\u00e8me opus de la saison 2025-2026, mais en version Coupe de France, pour l\u2019Alpico&hellip;\n","protected":false},"author":2,"featured_media":565086,"comment_status":"","ping_status":"","sticky":false,"template":"","format":"standard","meta":{"footnotes":""},"categories":[9566],"tags":[1111,11,3853,3854,3855,2430,15922,3545,3856,112,1777,674,20116,107,1701,63,1011,27,12637,2731,2732,4638,108,12,25,517,1947],"class_list":{"0":"post-565085","1":"post","2":"type-post","3":"status-publish","4":"format-standard","5":"has-post-thumbnail","7":"category-grenoble","8":"tag-actu","9":"tag-actualites","10":"tag-annecy","11":"tag-annecy-bassin","12":"tag-annecy-region","13":"tag-auvergne-rhone-alpes","14":"tag-coupe-de-france-de-football","15":"tag-direct-sport","16":"tag-edition-annecy-rumilly-les-aravis","17":"tag-edition-grenoble-agglomeration","18":"tag-eu","19":"tag-europe","20":"tag-fc-annecy","21":"tag-fil-info","22":"tag-fil-info-sport","23":"tag-football","24":"tag-fr","25":"tag-france","26":"tag-gf38-grenoble-foot-38","27":"tag-grenoble","28":"tag-grenoble-bassin","29":"tag-haute-savoie","30":"tag-isere","31":"tag-news","32":"tag-republique-francaise","33":"tag-sport","34":"tag-sport-national"},"share_on_mastodon":{"url":"","error":"Validation failed: Text character limit of 500 exceeded"},"_links":{"self":[{"href":"https:\/\/www.europesays.com\/fr\/wp-json\/wp\/v2\/posts\/565085","targetHints":{"allow":["GET"]}}],"collection":[{"href":"https:\/\/www.europesays.com\/fr\/wp-json\/wp\/v2\/posts"}],"about":[{"href":"https:\/\/www.europesays.com\/fr\/wp-json\/wp\/v2\/types\/post"}],"author":[{"embeddable":true,"href":"https:\/\/www.europesays.com\/fr\/wp-json\/wp\/v2\/users\/2"}],"replies":[{"embeddable":true,"href":"https:\/\/www.europesays.com\/fr\/wp-json\/wp\/v2\/comments?post=565085"}],"version-history":[{"count":0,"href":"https:\/\/www.europesays.com\/fr\/wp-json\/wp\/v2\/posts\/565085\/revisions"}],"wp:featuredmedia":[{"embeddable":true,"href":"https:\/\/www.europesays.com\/fr\/wp-json\/wp\/v2\/media\/565086"}],"wp:attachment":[{"href":"https:\/\/www.europesays.com\/fr\/wp-json\/wp\/v2\/media?parent=565085"}],"wp:term":[{"taxonomy":"category","embeddable":true,"href":"https:\/\/www.europesays.com\/fr\/wp-json\/wp\/v2\/categories?post=565085"},{"taxonomy":"post_tag","embeddable":true,"href":"https:\/\/www.europesays.com\/fr\/wp-json\/wp\/v2\/tags?post=565085"}],"curies":[{"name":"wp","href":"https:\/\/api.w.org\/{rel}","templated":true}]}}