{"id":565087,"date":"2025-11-28T19:09:22","date_gmt":"2025-11-28T19:09:22","guid":{"rendered":"https:\/\/www.europesays.com\/fr\/565087\/"},"modified":"2025-11-28T19:09:22","modified_gmt":"2025-11-28T19:09:22","slug":"une-veritable-caverne-dali-baba-en-suivant-la-piste-dun-airtag-les-gendarmes-dille-et-vilaine-retrouvent-lauteur-dune-cinqu","status":"publish","type":"post","link":"https:\/\/www.europesays.com\/fr\/565087\/","title":{"rendered":"\u00ab\u00a0Une v\u00e9ritable caverne d\u2019Ali Baba\u00a0\u00bb\u00a0: en suivant la piste d\u2019un AirTag, les gendarmes d\u2019Ille-et-Vilaine retrouvent l\u2019auteur d\u2019une cinquantaine de cambriolages"},"content":{"rendered":"<p>Les gendarmes d\u2019Ille-et-Vilaine ont interpell\u00e9 un individu soup\u00e7onn\u00e9 d\u2019\u00eatre l\u2019auteur d\u2019une cinquantaine de cambriolages commis entre janvier 2024 et ao\u00fbt 2025 dans le d\u00e9partement mais \u00e9galement dans les C\u00f4tes-d\u2019Armor. C\u2019est en suivant la piste d\u2019un AirTag plac\u00e9 sur une moto vol\u00e9e que la brigade de Montfort-sur-Meu est parvenue \u00e0 remonter jusqu\u2019au suspect.<\/p>\n<p>La perquisition de son corps de ferme a r\u00e9v\u00e9l\u00e9 un butin exceptionnel. \u00ab Une v\u00e9ritable caverne d\u2019Ali Baba \u00bb d\u2019apr\u00e8s les enqu\u00eateurs. Des dizaines de bijoux, du mat\u00e9riel d\u2019outillage et des appareils multim\u00e9dias font partie des objets vol\u00e9s sur les secteurs d\u2019Evran, Plouasne, Caulnes, Le Men\u00e9, Tr\u00e9morel (22), Saint-M\u00e9en-le-Grand, Montauban-de-Bretagne, Montfort-sur-Meu, B\u00e9cherel, H\u00e9d\u00e9, Combourg et Saint-Domineuc (35).<\/p>\n<p>Une pr\u00e9sentation des objets vol\u00e9s<\/p>\n<p>Pour permettre aux victimes de r\u00e9cup\u00e9rer leurs biens, les gendarmes organisent une pr\u00e9sentation en public. Celle-ci aura lieu le dimanche 7 d\u00e9cembre, de 9 h \u00e0 17 h, dans les locaux de la gendarmerie de Pl\u00e9lan-le-Grand.<\/p>\n<p>Les personnes ayant \u00e9t\u00e9 victimes de cambriolages dans les secteurs concern\u00e9s sont invit\u00e9es \u00e0 se pr\u00e9senter, munies de leur attestation de d\u00e9p\u00f4t de plainte ainsi que de la liste des objets d\u00e9rob\u00e9s. Pour toute information compl\u00e9mentaire, la gendarmerie de Pl\u00e9lan-le-Grand est joignable au 02 99 06 81 05.<\/p>\n<p>La gendarmerie en profite pour rappeler quelques consignes \u00e0 l\u2019approche des f\u00eates o\u00f9 les cambriolages et vols de v\u00e9hicules augmentent : Fermez syst\u00e9matiquement portes et fen\u00eatres ; laissez une lumi\u00e8re ou un programmateur ; \u00e9vitez d\u2019annoncer vos absences en ligne ; mettez les objets de valeur hors de vue.<\/p>\n","protected":false},"excerpt":{"rendered":"Les gendarmes d\u2019Ille-et-Vilaine ont interpell\u00e9 un individu soup\u00e7onn\u00e9 d\u2019\u00eatre l\u2019auteur d\u2019une cinquantaine de cambriolages commis entre janvier 2024&hellip;\n","protected":false},"author":2,"featured_media":565088,"comment_status":"","ping_status":"","sticky":false,"template":"","format":"standard","meta":{"footnotes":""},"categories":[2821],"tags":[1111,11,829,3472,765,1777,674,1011,27,848,12,50972,584,25,3728],"class_list":{"0":"post-565087","1":"post","2":"type-post","3":"status-publish","4":"format-standard","5":"has-post-thumbnail","7":"category-rennes","8":"tag-actu","9":"tag-actualites","10":"tag-bretagne","11":"tag-dinan","12":"tag-en-continu","13":"tag-eu","14":"tag-europe","15":"tag-fr","16":"tag-france","17":"tag-ille-et-vilaine","18":"tag-news","19":"tag-newsletter-la-rennes-quotidienne","20":"tag-rennes","21":"tag-republique-francaise","22":"tag-saint-malo"},"share_on_mastodon":{"url":"https:\/\/pubeurope.com\/@fr\/115628904815167621","error":""},"_links":{"self":[{"href":"https:\/\/www.europesays.com\/fr\/wp-json\/wp\/v2\/posts\/565087","targetHints":{"allow":["GET"]}}],"collection":[{"href":"https:\/\/www.europesays.com\/fr\/wp-json\/wp\/v2\/posts"}],"about":[{"href":"https:\/\/www.europesays.com\/fr\/wp-json\/wp\/v2\/types\/post"}],"author":[{"embeddable":true,"href":"https:\/\/www.europesays.com\/fr\/wp-json\/wp\/v2\/users\/2"}],"replies":[{"embeddable":true,"href":"https:\/\/www.europesays.com\/fr\/wp-json\/wp\/v2\/comments?post=565087"}],"version-history":[{"count":0,"href":"https:\/\/www.europesays.com\/fr\/wp-json\/wp\/v2\/posts\/565087\/revisions"}],"wp:featuredmedia":[{"embeddable":true,"href":"https:\/\/www.europesays.com\/fr\/wp-json\/wp\/v2\/media\/565088"}],"wp:attachment":[{"href":"https:\/\/www.europesays.com\/fr\/wp-json\/wp\/v2\/media?parent=565087"}],"wp:term":[{"taxonomy":"category","embeddable":true,"href":"https:\/\/www.europesays.com\/fr\/wp-json\/wp\/v2\/categories?post=565087"},{"taxonomy":"post_tag","embeddable":true,"href":"https:\/\/www.europesays.com\/fr\/wp-json\/wp\/v2\/tags?post=565087"}],"curies":[{"name":"wp","href":"https:\/\/api.w.org\/{rel}","templated":true}]}}