{"id":565089,"date":"2025-11-28T19:10:22","date_gmt":"2025-11-28T19:10:22","guid":{"rendered":"https:\/\/www.europesays.com\/fr\/565089\/"},"modified":"2025-11-28T19:10:22","modified_gmt":"2025-11-28T19:10:22","slug":"metz-rennes-la-composition-messine-football-club-de-metz-infos-fc-metz-entrainements-fc-metz","status":"publish","type":"post","link":"https:\/\/www.europesays.com\/fr\/565089\/","title":{"rendered":"Metz &#8211; Rennes, la composition messine | Football Club de Metz &#8211; Infos FC Metz &#8211; Entra\u00eenements FC Metz"},"content":{"rendered":"<p>\t\tInterview\n<\/p>\n<p>Cl\u00e9o, vous \u00eates n\u00e9 \u00e0 Besan\u00e7on en avril 2005. Pouvez-vous nous narrer votre enfance\u00a0?<br \/>\nC.M.\u00a0: \u00ab\u00a0J\u2019ai eu une enfance tr\u00e8s heureuse. Je suis tr\u00e8s proche&#8230;<\/p>\n<p><a href=\"https:\/\/www.fcmetz.com\/2025-2026\/actualites\/equipe-pro\/melieres-cette-rencontre-ma-permis-detre-un-joueur-du-fc-metz\" class=\"btn-or-xs\" target=\"_blank\" rel=\"noopener\">Lire la suite<\/a>\t\t\t<\/p>\n<p>\t\tActualit\u00e9s\n<\/p>\n<p>Pour cette 14\u00e8me journ\u00e9e de Ligue 1 Mc Donald&rsquo;s, et la r\u00e9ception du Stade Rennais, Cl\u00e9o M\u00e9li\u00e8res s&rsquo;est pr\u00eat\u00e9 au jeu de l&rsquo;interview dans la Gazette de&#8230;<\/p>\n<p><a href=\"https:\/\/www.fcmetz.com\/2025-2026\/actualites\/equipe-pro\/j14-la-gazette-de-saint-symph\" class=\"btn-or-xs\" target=\"_blank\" rel=\"noopener\">Lire la suite<\/a>\t\t\t<\/p>\n<p>\t\tActualit\u00e9s\n<\/p>\n<p>Ouverte \u00e0 tout d\u00e9tenteur d&rsquo;un billet de match, la Fan Zone vous attend ce vendredi 28 novembre\u00a0! Situ\u00e9\u00a0derri\u00e8re la Tribune Ouest du Stade Saint-&#8230;<\/p>\n<p><a href=\"https:\/\/www.fcmetz.com\/2025-2026\/actualites\/equipe-pro\/metz-rennes-profitez-de-la-fan-zone-en-avant-match\" class=\"btn-or-xs\" target=\"_blank\" rel=\"noopener\">Lire la suite<\/a>\t\t\t<\/p>\n","protected":false},"excerpt":{"rendered":"Interview Cl\u00e9o, vous \u00eates n\u00e9 \u00e0 Besan\u00e7on en avril 2005. Pouvez-vous nous narrer votre enfance\u00a0? C.M.\u00a0: \u00ab\u00a0J\u2019ai eu&hellip;\n","protected":false},"author":2,"featured_media":565090,"comment_status":"","ping_status":"","sticky":false,"template":"","format":"standard","meta":{"footnotes":""},"categories":[2821],"tags":[1111,11,829,19298,1777,674,1011,27,19297,12,584,25,19299],"class_list":{"0":"post-565089","1":"post","2":"type-post","3":"status-publish","4":"format-standard","5":"has-post-thumbnail","7":"category-rennes","8":"tag-actu","9":"tag-actualites","10":"tag-bretagne","11":"tag-entrainements-fc-metz","12":"tag-eu","13":"tag-europe","14":"tag-fr","15":"tag-france","16":"tag-infos-fc-metz","17":"tag-news","18":"tag-rennes","19":"tag-republique-francaise","20":"tag-videos-fc-metz"},"share_on_mastodon":{"url":"https:\/\/pubeurope.com\/@fr\/115628908446935349","error":""},"_links":{"self":[{"href":"https:\/\/www.europesays.com\/fr\/wp-json\/wp\/v2\/posts\/565089","targetHints":{"allow":["GET"]}}],"collection":[{"href":"https:\/\/www.europesays.com\/fr\/wp-json\/wp\/v2\/posts"}],"about":[{"href":"https:\/\/www.europesays.com\/fr\/wp-json\/wp\/v2\/types\/post"}],"author":[{"embeddable":true,"href":"https:\/\/www.europesays.com\/fr\/wp-json\/wp\/v2\/users\/2"}],"replies":[{"embeddable":true,"href":"https:\/\/www.europesays.com\/fr\/wp-json\/wp\/v2\/comments?post=565089"}],"version-history":[{"count":0,"href":"https:\/\/www.europesays.com\/fr\/wp-json\/wp\/v2\/posts\/565089\/revisions"}],"wp:featuredmedia":[{"embeddable":true,"href":"https:\/\/www.europesays.com\/fr\/wp-json\/wp\/v2\/media\/565090"}],"wp:attachment":[{"href":"https:\/\/www.europesays.com\/fr\/wp-json\/wp\/v2\/media?parent=565089"}],"wp:term":[{"taxonomy":"category","embeddable":true,"href":"https:\/\/www.europesays.com\/fr\/wp-json\/wp\/v2\/categories?post=565089"},{"taxonomy":"post_tag","embeddable":true,"href":"https:\/\/www.europesays.com\/fr\/wp-json\/wp\/v2\/tags?post=565089"}],"curies":[{"name":"wp","href":"https:\/\/api.w.org\/{rel}","templated":true}]}}