{"id":565091,"date":"2025-11-28T19:12:23","date_gmt":"2025-11-28T19:12:23","guid":{"rendered":"https:\/\/www.europesays.com\/fr\/565091\/"},"modified":"2025-11-28T19:12:23","modified_gmt":"2025-11-28T19:12:23","slug":"strasbourg-une-arme-et-ses-munitions-retrouvees-dans-lenceinte-du-marche-de-noel","status":"publish","type":"post","link":"https:\/\/www.europesays.com\/fr\/565091\/","title":{"rendered":"Strasbourg. Une arme et ses munitions retrouv\u00e9es dans l\u2019enceinte du march\u00e9 de No\u00ebl"},"content":{"rendered":"<p>Des agents d\u2019entretien des espaces verts ont fait cette d\u00e9couverte inqui\u00e9tante au lendemain de <a href=\"https:\/\/www.dna.fr\/culture-loisirs\/2025\/11\/26\/marche-de-noel-c-est-parti-pour-un-mois-de-festivites-les-chalets-sont-ouverts\" target=\"_blank\" rel=\"noopener\">l\u2019ouverture du march\u00e9 de No\u00ebl de Strasbourg<\/a> , dans la matin\u00e9e du jeudi 27\u00a0novembre. Alors qu\u2019ils travaillaient dans la v\u00e9g\u00e9tation, impasse de la Grande-\u00c9cluse, dans le secteur des Ponts-Couverts, ils sont tomb\u00e9s sur un pistolet automatique, accompagn\u00e9 de deux chargeurs et de munitions.<\/p>\n<p>  Vol\u00e9e en 2022, dans le Haut-Rhin<\/p>\n<p>Une enqu\u00eate a \u00e9t\u00e9 ouverte et confi\u00e9e au service interd\u00e9partemental de la police judiciaire de Strasbourg. L\u2019arme, en \u00e9tat de fonctionnement, a pu \u00eatre identifi\u00e9e. Elle avait \u00e9t\u00e9 vol\u00e9e en 2022, dans le Haut-Rhin, au domicile d\u2019un particulier qui pratiquait le tir sportif.<\/p>\n<p>Des investigations compl\u00e9mentaires sont n\u00e9cessaires, notamment des actes de police technique et scientifique. Les images de vid\u00e9osurveillance de l\u2019Eurom\u00e9tropole de Strasbourg doivent \u00e9galement \u00eatre analys\u00e9es. Une t\u00e2che ardue pour les enqu\u00eateurs alors qu\u2019on ignore, pour l\u2019heure, depuis combien de temps le pistolet se trouvait dans les buissons.<\/p>\n<p>Pendant la p\u00e9riode du march\u00e9 de No\u00ebl de Strasbourg, cette presqu\u2019\u00eele du quartier de la Petite-France accueille le \u00ab\u00a0village de l\u2019avent\u00a0\u00bb, un espace d\u00e9di\u00e9 aux enfants o\u00f9 sont notamment organis\u00e9s des ateliers et des animations.<\/p>\n","protected":false},"excerpt":{"rendered":"Des agents d\u2019entretien des espaces verts ont fait cette d\u00e9couverte inqui\u00e9tante au lendemain de l\u2019ouverture du march\u00e9 de&hellip;\n","protected":false},"author":2,"featured_media":565092,"comment_status":"","ping_status":"","sticky":false,"template":"","format":"standard","meta":{"footnotes":""},"categories":[2820],"tags":[1111,11,2389,2649,2880,1777,674,274,107,1011,27,775,12,25,640,2879],"class_list":{"0":"post-565091","1":"post","2":"type-post","3":"status-publish","4":"format-standard","5":"has-post-thumbnail","7":"category-strasbourg","8":"tag-actu","9":"tag-actualites","10":"tag-alsace","11":"tag-bas-rhin","12":"tag-edition-strasbourg","13":"tag-eu","14":"tag-europe","15":"tag-faits-divers-justice","16":"tag-fil-info","17":"tag-fr","18":"tag-france","19":"tag-grand-est","20":"tag-news","21":"tag-republique-francaise","22":"tag-strasbourg","23":"tag-strasbourg-ville"},"share_on_mastodon":{"url":"https:\/\/pubeurope.com\/@fr\/115628916553518976","error":""},"_links":{"self":[{"href":"https:\/\/www.europesays.com\/fr\/wp-json\/wp\/v2\/posts\/565091","targetHints":{"allow":["GET"]}}],"collection":[{"href":"https:\/\/www.europesays.com\/fr\/wp-json\/wp\/v2\/posts"}],"about":[{"href":"https:\/\/www.europesays.com\/fr\/wp-json\/wp\/v2\/types\/post"}],"author":[{"embeddable":true,"href":"https:\/\/www.europesays.com\/fr\/wp-json\/wp\/v2\/users\/2"}],"replies":[{"embeddable":true,"href":"https:\/\/www.europesays.com\/fr\/wp-json\/wp\/v2\/comments?post=565091"}],"version-history":[{"count":0,"href":"https:\/\/www.europesays.com\/fr\/wp-json\/wp\/v2\/posts\/565091\/revisions"}],"wp:featuredmedia":[{"embeddable":true,"href":"https:\/\/www.europesays.com\/fr\/wp-json\/wp\/v2\/media\/565092"}],"wp:attachment":[{"href":"https:\/\/www.europesays.com\/fr\/wp-json\/wp\/v2\/media?parent=565091"}],"wp:term":[{"taxonomy":"category","embeddable":true,"href":"https:\/\/www.europesays.com\/fr\/wp-json\/wp\/v2\/categories?post=565091"},{"taxonomy":"post_tag","embeddable":true,"href":"https:\/\/www.europesays.com\/fr\/wp-json\/wp\/v2\/tags?post=565091"}],"curies":[{"name":"wp","href":"https:\/\/api.w.org\/{rel}","templated":true}]}}