{"id":565093,"date":"2025-11-28T19:13:16","date_gmt":"2025-11-28T19:13:16","guid":{"rendered":"https:\/\/www.europesays.com\/fr\/565093\/"},"modified":"2025-11-28T19:13:16","modified_gmt":"2025-11-28T19:13:16","slug":"marche-de-noel-cinq-bonnes-raisons-de-choisir-selestat-face-aux-mastodontes-strasbourg-colmar-ou-obernai","status":"publish","type":"post","link":"https:\/\/www.europesays.com\/fr\/565093\/","title":{"rendered":"March\u00e9 de No\u00ebl. Cinq bonnes raisons de choisir S\u00e9lestat face aux mastodontes Strasbourg, Colmar ou Obernai"},"content":{"rendered":"<p>Face aux march\u00e9s de No\u00ebl parfois satur\u00e9s, notamment les week-ends, comme \u00e0 Strasbourg, Colmar ou Obernai, S\u00e9lestat s\u2019impose discr\u00e8tement comme une atlernative pour d\u00e9couvrir la f\u00e9erie des festivit\u00e9s de No\u00ebl en Alsace \u00e0\u00a0une \u00e9chelle un peu plus propice aux d\u00e9couvertes et \u00e0 la contemplation.<\/p>\n<p>Pour ceux qui se laisseront s\u00e9duire par nos cinq raisons de d\u00e9couvrir la cit\u00e9 humaniste pendant la p\u00e9riode de No\u00ebl, rendez-vous, jusqu&rsquo;au 28 d\u00e9cembre,\u00a0de 11\u00a0h \u00e0 19\u00a0h du dimanche au jeudi et de 11\u00a0h \u00e0 20\u00a0h les vendredi et samedi.<\/p>\n<p>  1. S\u00e9lestat, l\u2019accessible<\/p>\n<p>S\u00e9lestat a une situation g\u00e9ographique id\u00e9ale entre Strasbourg et Colmar. Dans la cit\u00e9 humaniste, tout est facilement accessible. Les automobilistes peuvent se garer sans grandes difficult\u00e9s sur les 4\u00a0500 places de stationnement, dont 1\u00a0000 gratuites, diss\u00e9min\u00e9s autour du centre-ville historique pr\u00e9serv\u00e9.Les parkings sont fl\u00e9ch\u00e9s.<\/p>\n<p>Les animations, les expositions \u00e0 la Biblioth\u00e8que humaniste, \u00e0 l\u2019\u00e9glise Sainte-Foy et Saint-Georges, au caveau Sainte-Barbe et <a href=\"https:\/\/www.dna.fr\/culture-loisirs\/2025\/11\/23\/deambulations-lors-du-week-end-d-ouverture-du-marche-de-noel\" target=\"_blank\" rel=\"noopener\">les trois march\u00e9s de No\u00ebl diss\u00e9min\u00e9s au centre-ville<\/a> peuvent se d\u00e9couvrir, au fil d\u2019une d\u00e9ambulation, sans que la foule ne puisse \u00eatre r\u00e9dhibitoire, \u00e0 l\u2019instar de certains autres hauts lieux touristiques en Alsace durant ce temps de l\u2019avent. Les touristes espagnols, toujours plus nombreux, ne s\u2019y sont d\u2019ailleurs pas tromp\u00e9s.<\/p>\n<p>  2. S\u00e9lestat, berceau du sapin de No\u00ebl<\/p>\n<p>Gr\u00e2ce \u00e0 ses archives municipales bien tenues, S\u00e9lestat peut s\u2019enorgueillir d\u2019avoir retrouv\u00e9 une des premi\u00e8res mentions \u00e9crites de l\u2019arbre de No\u00ebl. Celle-ci <a href=\"https:\/\/www.dna.fr\/edition-de-selestat-centre-alsace\/2018\/12\/22\/dites-1521\" target=\"_blank\" rel=\"noopener\">remonte \u00e0 1521<\/a>. La nef de l\u2019\u00e9glise Saint-Georges abrite une exposition retra\u00e7ant la mani\u00e8re de d\u00e9corer les sapins de No\u00ebl au fil du temps. La premi\u00e8re mention \u00e9crite du sapin de No\u00ebl est visible \u00e0 la Biblioth\u00e8que humaniste. Une exposition de photos anciennes puis\u00e9es dans les archives de familles s\u00e9lestadiennes pr\u00e9sente les No\u00ebl d\u2019antan o\u00f9 petits et grands se retrouvaient au pied du sapin de No\u00ebl.<\/p>\n<p>  3. S\u00e9lestat, fief du professeur Sappinus<\/p>\n<p>Sympathique personnage \u00e9rudit, <a href=\"https:\/\/www.dna.fr\/culture-loisirs\/2024\/12\/23\/le-professeur-sappinus-fete-ses-20-ans-a-selestat\" target=\"_blank\" rel=\"noopener\">le professeur Sappinus<\/a> (\u201cSapinou\u201d pour les intimes) est un personnage se pla\u00e7ant entre les figures traditionnelles de saint Nicolas et du p\u00e8re No\u00ebl. Ce scientifique, aussi \u00e9minent que fac\u00e9tieux, aime conter les belles histoires de sapin et du temps de l\u2019avent. Une rencontre incontournable pour petits et grands.<\/p>\n<p>  4. S\u00e9lestat et les boules de Meisenthal<\/p>\n<p>La ville de S\u00e9lestat entretient une longue amiti\u00e9 avec <a href=\"https:\/\/www.dna.fr\/culture-loisirs\/2025\/11\/23\/boule-de-meisenthal-les-courageux-ont-brave-le-froid-pendant-plusieurs-heures-pour-acquerir-la-grip\" target=\"_blank\" rel=\"noopener\">le site verrier de Meisenthal<\/a>. Chaque ann\u00e9e, la cit\u00e9 humaniste est l\u2019un des sites officiels pour d\u00e9couvrir et acqu\u00e9rir <a href=\"https:\/\/www.dna.fr\/culture-loisirs\/2025\/11\/18\/le-site-verrier-se-plonge-dans-l-ambiance-de-noel-a-l-approche-des-fetes\" target=\"_blank\" rel=\"noopener\">la nouvelle cr\u00e9ation sign\u00e9e par Meisenthal<\/a>. En l\u2019\u00e9glise Sainte-Foy, les visiteurs peuvent aussi admirer l\u2019imposant lustre aux 173 boules de No\u00ebl en verre. \u00c0 la Biblioth\u00e8que humaniste, jusqu\u2019au 31\u00a0d\u00e9cembre, les visiteurs peuvent gratuitement d\u00e9couvrir les diff\u00e9rents espaces imagin\u00e9s agr\u00e9ment\u00e9s des boules de Meisenthal autour de la th\u00e9matique \u201cDirection les \u00e9toiles\u201d, voyage fascinant oscillant entre Star Wars et excursion lunaire.<\/p>\n<p>  5. S\u00e9lestat, un centre-ville anim\u00e9<\/p>\n<p>Pour que la magie du temps de l\u2019avent op\u00e8re, la ville de S\u00e9lestat propose de nombreuses animations. Ce <strong>samedi 29<\/strong> \u00a0 <strong>novembre<\/strong> , un atelier cr\u00e9atif gratuit baptis\u00e9 No\u00ebl \u201cSous les \u00e9toiles\u201d est en acc\u00e8s libre en continu entre 15\u00a0h et 18\u00a0h au complexe Sainte-Barbe. Chaque participant devra r\u00e9aliser et d\u00e9corer un mannele qui tient un joli sapin\u00a0! Chaque participant pourra imaginer, puis concevoir le d\u00e9cor qui l\u2019accompagnera\u00a0! Le cadre qui entoure le tableau pourra aussi \u00eatre personnalis\u00e9 avec des mat\u00e9riaux naturels ou de r\u00e9cup\u00e9ration. Renseignements\u00a0: Service Festivit\u00e9s et animations culturelles au 03\u00a088\u00a058\u00a085\u00a075.<\/p>\n<p>Un concert intitul\u00e9 \u201cD\u2019Ombres et de Lumi\u00e8res\u201d <a href=\"https:\/\/www.dna.fr\/culture-loisirs\/2025\/11\/27\/le-choeur-lyrique-d-alsace-en-concert-samedi-a-l-eglise-sainte-foy\" target=\"_blank\" rel=\"noopener\">sera propos\u00e9 par le Ch\u0153ur lyrique d\u2019Alsace<\/a> \u00e0 20\u00a0h en l\u2019\u00e9glise Sainte-Foy. Au programme\u00a0: des no\u00ebls traditionnels ainsi que des \u0153uvres d\u2019Adam, Anglea, Berlin, Forrest, Hagenberg, Lauridsen, Mendelssohn, Rutter, Poulenc, Verdi\u2026 Dur\u00e9e\u00a0: 1\u00a0h\u00a040. Entr\u00e9e libre. Plateau.<\/p>\n<p>Ce <strong>dimanche 30<\/strong> \u00a0 <strong>novembre<\/strong> , Nancy Rose and the Pitt seront en d\u00e9ambulation au centre-ville entre 14\u00a0h\u00a030 et 18\u00a0h\u00a045. Trois chanteuses et un guitariste feront voyager dans le temps avec des chants de No\u00ebl r\u00e9tro swing, des ann\u00e9es 1950\u2019s et 1960\u2019s. Au programme\u00a0: des standards tels que Jingle Bell Rock \u00a0de Bill Haley, Let it snow \u00a0de Sinatra, mais aussi des classiques de No\u00ebl plus r\u00e9cents, revisit\u00e9s \u00e0 la fa\u00e7on des Andrews Sisters, tels que All I want for Christmas is you \u00a0de Mariah Carey ou encore Last Christmas de George Michael, le tout, v\u00eatus et coiff\u00e9s comme \u00e0 l\u2018\u00e9poque<\/p>\n<p>Un concert de l\u2019Orchestre Harmonie 1990 se d\u00e9roulera \u00e0 16\u00a0h en l\u2019\u00e9glise Sainte-Foy. Au programme, un po\u00e8me symphonique autour des musiques de Charlie Chaplin avec toute la nostalgie des films muets, La Belle et la B\u00eate et la magie des contes de f\u00e9es mise en musique, mais \u00e9galement Jurassic Park et la majest\u00e9 des th\u00e8mes musicaux compos\u00e9s par John Williams\u2026<\/p>\n","protected":false},"excerpt":{"rendered":"Face aux march\u00e9s de No\u00ebl parfois satur\u00e9s, notamment les week-ends, comme \u00e0 Strasbourg, Colmar ou Obernai, S\u00e9lestat s\u2019impose&hellip;\n","protected":false},"author":2,"featured_media":565094,"comment_status":"","ping_status":"","sticky":false,"template":"","format":"standard","meta":{"footnotes":""},"categories":[2820],"tags":[1111,11,2389,2649,1687,3143,1777,674,3326,107,1011,27,329,775,2089,12,15830,25,3142,3141,104,640],"class_list":{"0":"post-565093","1":"post","2":"type-post","3":"status-publish","4":"format-standard","5":"has-post-thumbnail","7":"category-strasbourg","8":"tag-actu","9":"tag-actualites","10":"tag-alsace","11":"tag-bas-rhin","12":"tag-culture-loisirs","13":"tag-edition-selestat-erstein","14":"tag-eu","15":"tag-europe","16":"tag-fete-locale","17":"tag-fil-info","18":"tag-fr","19":"tag-france","20":"tag-france-monde","21":"tag-grand-est","22":"tag-marche","23":"tag-news","24":"tag-noel","25":"tag-republique-francaise","26":"tag-secteur-de-selestat","27":"tag-selestat","28":"tag-societe","29":"tag-strasbourg"},"share_on_mastodon":{"url":"https:\/\/pubeurope.com\/@fr\/115628920418310197","error":""},"_links":{"self":[{"href":"https:\/\/www.europesays.com\/fr\/wp-json\/wp\/v2\/posts\/565093","targetHints":{"allow":["GET"]}}],"collection":[{"href":"https:\/\/www.europesays.com\/fr\/wp-json\/wp\/v2\/posts"}],"about":[{"href":"https:\/\/www.europesays.com\/fr\/wp-json\/wp\/v2\/types\/post"}],"author":[{"embeddable":true,"href":"https:\/\/www.europesays.com\/fr\/wp-json\/wp\/v2\/users\/2"}],"replies":[{"embeddable":true,"href":"https:\/\/www.europesays.com\/fr\/wp-json\/wp\/v2\/comments?post=565093"}],"version-history":[{"count":0,"href":"https:\/\/www.europesays.com\/fr\/wp-json\/wp\/v2\/posts\/565093\/revisions"}],"wp:featuredmedia":[{"embeddable":true,"href":"https:\/\/www.europesays.com\/fr\/wp-json\/wp\/v2\/media\/565094"}],"wp:attachment":[{"href":"https:\/\/www.europesays.com\/fr\/wp-json\/wp\/v2\/media?parent=565093"}],"wp:term":[{"taxonomy":"category","embeddable":true,"href":"https:\/\/www.europesays.com\/fr\/wp-json\/wp\/v2\/categories?post=565093"},{"taxonomy":"post_tag","embeddable":true,"href":"https:\/\/www.europesays.com\/fr\/wp-json\/wp\/v2\/tags?post=565093"}],"curies":[{"name":"wp","href":"https:\/\/api.w.org\/{rel}","templated":true}]}}