{"id":565095,"date":"2025-11-28T19:14:13","date_gmt":"2025-11-28T19:14:13","guid":{"rendered":"https:\/\/www.europesays.com\/fr\/565095\/"},"modified":"2025-11-28T19:14:13","modified_gmt":"2025-11-28T19:14:13","slug":"casse-noisette-par-benjamin-millepied-un-reve-eveille","status":"publish","type":"post","link":"https:\/\/www.europesays.com\/fr\/565095\/","title":{"rendered":"Casse-Noisette par Benjamin Millepied : Un r\u00eave \u00e9veill\u00e9\u00a0"},"content":{"rendered":"<p>\t\t\t\t\tCOUPS DE COEUR<\/p>\n<p>\t\t\t\t\t\tBy\u00a0<a href=\"https:\/\/www.le-mensuel.com\/author\/morgane\/\" title=\"Articles par Morgane Le Mensuel\" rel=\"author noopener\" target=\"_blank\">Morgane Le Mensuel<\/a>\u00a0|\u00a028 novembre 2025<\/p>\n<p>\t\t\t\t\t\t<b>Casse-Noisette <\/b><b>par Benjamin Millepied<\/b><br \/>\nspectacle \/ ballet \/ danse \/ No\u00ebl<\/p>\n<p>\u00a0<\/p>\n<p><b>Casse-Noisette par Benjamin Millepied : R\u00eave \u00e9veill\u00e9\u00a0<\/b><\/p>\n<p>\u00a0<\/p>\n<p>La fin d\u2019ann\u00e9e est une belle occasion pour franchir les portes des salles de spectacle ! Parmi les nombreuses programmations de la r\u00e9gion, nous vous recommandons vivement <b>Casse-Noisette<\/b>, pr\u00e9sent\u00e9 en d\u00e9cembre \u00e0 l\u2019Op\u00e9ra Nice C\u00f4te d\u2019Azur dans <b>une version chor\u00e9graphi\u00e9e par Benjamin Millepied<\/b>. Dans ce ballet-f\u00e9\u00e9rie de la fin du XIX\u00e8me si\u00e8cle, une petite fille r\u00eave, \u00e0 No\u00ebl, de voir ses jouets et son casse-noisette prendre vie. Millepied propose aujourd\u2019hui sa r\u00e9interpr\u00e9tation de l\u2019\u0153uvre. <b>\u00c9paul\u00e9 par le peintre Paul Cox<\/b>, qui a con\u00e7u des d\u00e9cors et des costumes inspir\u00e9s de l\u2019enfance, le chor\u00e9graphe insuffle \u00e0 la pi\u00e8ce son talent et une cr\u00e9ativit\u00e9 renouvel\u00e9e. Maintes fois jou\u00e9, <b>ce classique rena\u00eet avec une touche de modernit\u00e9<\/b>, plus de 130 ans apr\u00e8s sa cr\u00e9ation !<\/p>\n<p>\u00a0<\/p>\n<p style=\"text-align: right;\">\u00a0 \u00a0 \u00a9 Texte Rita Carvalho pour Le Mensuel \/ Photo DR<\/p>\n<p>\u00a0<\/p>\n<p><a href=\"https:\/\/www.le-mensuel.com\/category\/coups-de-coeur\/spectacle\/\" target=\"_blank\" rel=\"noopener\">\u21b5 Retour vers la rubrique \u00ab\u00a0spectacle\u00a0\u00bb<\/a><\/p>\n<p>\u00a0<\/p>\n<p>\u00a0<\/p>\n","protected":false},"excerpt":{"rendered":"COUPS DE COEUR By\u00a0Morgane Le Mensuel\u00a0|\u00a028 novembre 2025 Casse-Noisette par Benjamin Millepied spectacle \/ ballet \/ danse \/&hellip;\n","protected":false},"author":2,"featured_media":565096,"comment_status":"","ping_status":"","sticky":false,"template":"","format":"standard","meta":{"footnotes":""},"categories":[2819],"tags":[1111,11,1777,674,1011,27,12,2401,882,25],"class_list":{"0":"post-565095","1":"post","2":"type-post","3":"status-publish","4":"format-standard","5":"has-post-thumbnail","7":"category-nice","8":"tag-actu","9":"tag-actualites","10":"tag-eu","11":"tag-europe","12":"tag-fr","13":"tag-france","14":"tag-news","15":"tag-nice","16":"tag-provence-alpes-cote-dazur","17":"tag-republique-francaise"},"share_on_mastodon":{"url":"https:\/\/pubeurope.com\/@fr\/115628924272559275","error":""},"_links":{"self":[{"href":"https:\/\/www.europesays.com\/fr\/wp-json\/wp\/v2\/posts\/565095","targetHints":{"allow":["GET"]}}],"collection":[{"href":"https:\/\/www.europesays.com\/fr\/wp-json\/wp\/v2\/posts"}],"about":[{"href":"https:\/\/www.europesays.com\/fr\/wp-json\/wp\/v2\/types\/post"}],"author":[{"embeddable":true,"href":"https:\/\/www.europesays.com\/fr\/wp-json\/wp\/v2\/users\/2"}],"replies":[{"embeddable":true,"href":"https:\/\/www.europesays.com\/fr\/wp-json\/wp\/v2\/comments?post=565095"}],"version-history":[{"count":0,"href":"https:\/\/www.europesays.com\/fr\/wp-json\/wp\/v2\/posts\/565095\/revisions"}],"wp:featuredmedia":[{"embeddable":true,"href":"https:\/\/www.europesays.com\/fr\/wp-json\/wp\/v2\/media\/565096"}],"wp:attachment":[{"href":"https:\/\/www.europesays.com\/fr\/wp-json\/wp\/v2\/media?parent=565095"}],"wp:term":[{"taxonomy":"category","embeddable":true,"href":"https:\/\/www.europesays.com\/fr\/wp-json\/wp\/v2\/categories?post=565095"},{"taxonomy":"post_tag","embeddable":true,"href":"https:\/\/www.europesays.com\/fr\/wp-json\/wp\/v2\/tags?post=565095"}],"curies":[{"name":"wp","href":"https:\/\/api.w.org\/{rel}","templated":true}]}}