{"id":565097,"date":"2025-11-28T19:15:21","date_gmt":"2025-11-28T19:15:21","guid":{"rendered":"https:\/\/www.europesays.com\/fr\/565097\/"},"modified":"2025-11-28T19:15:21","modified_gmt":"2025-11-28T19:15:21","slug":"logc-nice-sinstalle-au-village-de-noel","status":"publish","type":"post","link":"https:\/\/www.europesays.com\/fr\/565097\/","title":{"rendered":"L\u2019OGC Nice s\u2019installe au Village de No\u00ebl"},"content":{"rendered":"<p>                            <img decoding=\"async\" src=\"https:\/\/www.europesays.com\/fr\/wp-content\/uploads\/2025\/11\/Noel-OGCNICE-16-9.jpg\" loading=\"lazy\"\/><\/p>\n<p>\n                    Supporters<\/p>\n<p>Chaque ann\u00e9e, Ni\u00e7ois et touristes se plongent dans la magie de No\u00ebl dans un village aux mille surprises d\u00e9ploy\u00e9 sur la Place Mass\u00e9na. Il a ouvert ce vendredi soir et l\u2019OGC Nice s\u2019associe aux festivit\u00e9s avec la pr\u00e9sence d\u2019un chalet d\u00e9di\u00e9 proposant tour \u00e0 tour des promotions exclusives sur la billetterie et sur une s\u00e9lection de produits d\u00e9riv\u00e9s aux couleurs du Gym.<\/p>\n<p>Ces offres seront ensuite relay\u00e9es \u00e0 la boutique du club (\u00e0 quelques dizaines de m\u00e8tres sur la place) et sur la billetterie en ligne (\u00e0 partir de lundi).<\/p>\n<p>Rendez-vous d\u00e8s ce vendredi soir puis tout le week-end (11h-21h) et jusqu\u2019au 4 janvier. Le chalet des Aiglons est situ\u00e9 \u00e0 proximit\u00e9 de la grande roue \u00e0 l\u2019entr\u00e9e du Village c\u00f4t\u00e9 Place Mass\u00e9na.<\/p>\n","protected":false},"excerpt":{"rendered":"Supporters Chaque ann\u00e9e, Ni\u00e7ois et touristes se plongent dans la magie de No\u00ebl dans un village aux mille&hellip;\n","protected":false},"author":2,"featured_media":565098,"comment_status":"","ping_status":"","sticky":false,"template":"","format":"standard","meta":{"footnotes":""},"categories":[2819],"tags":[1111,11,1777,674,1011,27,12,2401,882,25],"class_list":{"0":"post-565097","1":"post","2":"type-post","3":"status-publish","4":"format-standard","5":"has-post-thumbnail","7":"category-nice","8":"tag-actu","9":"tag-actualites","10":"tag-eu","11":"tag-europe","12":"tag-fr","13":"tag-france","14":"tag-news","15":"tag-nice","16":"tag-provence-alpes-cote-dazur","17":"tag-republique-francaise"},"share_on_mastodon":{"url":"https:\/\/pubeurope.com\/@fr\/115628928928926786","error":""},"_links":{"self":[{"href":"https:\/\/www.europesays.com\/fr\/wp-json\/wp\/v2\/posts\/565097","targetHints":{"allow":["GET"]}}],"collection":[{"href":"https:\/\/www.europesays.com\/fr\/wp-json\/wp\/v2\/posts"}],"about":[{"href":"https:\/\/www.europesays.com\/fr\/wp-json\/wp\/v2\/types\/post"}],"author":[{"embeddable":true,"href":"https:\/\/www.europesays.com\/fr\/wp-json\/wp\/v2\/users\/2"}],"replies":[{"embeddable":true,"href":"https:\/\/www.europesays.com\/fr\/wp-json\/wp\/v2\/comments?post=565097"}],"version-history":[{"count":0,"href":"https:\/\/www.europesays.com\/fr\/wp-json\/wp\/v2\/posts\/565097\/revisions"}],"wp:featuredmedia":[{"embeddable":true,"href":"https:\/\/www.europesays.com\/fr\/wp-json\/wp\/v2\/media\/565098"}],"wp:attachment":[{"href":"https:\/\/www.europesays.com\/fr\/wp-json\/wp\/v2\/media?parent=565097"}],"wp:term":[{"taxonomy":"category","embeddable":true,"href":"https:\/\/www.europesays.com\/fr\/wp-json\/wp\/v2\/categories?post=565097"},{"taxonomy":"post_tag","embeddable":true,"href":"https:\/\/www.europesays.com\/fr\/wp-json\/wp\/v2\/tags?post=565097"}],"curies":[{"name":"wp","href":"https:\/\/api.w.org\/{rel}","templated":true}]}}