{"id":565128,"date":"2025-11-28T19:34:12","date_gmt":"2025-11-28T19:34:12","guid":{"rendered":"https:\/\/www.europesays.com\/fr\/565128\/"},"modified":"2025-11-28T19:34:12","modified_gmt":"2025-11-28T19:34:12","slug":"la-53eme-edition-du-bold-woman-award-by-veuve-clicquot-au-college-des-bernardins","status":"publish","type":"post","link":"https:\/\/www.europesays.com\/fr\/565128\/","title":{"rendered":"La 53\u00e8me \u00e9dition du Bold Woman Award by Veuve Clicquot, au Coll\u00e8ge des Bernardins"},"content":{"rendered":"<p>Ce jeudi 20 novembre, la Maison Veuve Clicquot c\u00e9l\u00e9brait au Coll\u00e8ge des Bernardins la 53\u1d49 \u00e9dition du Bold Woman Award, lors d\u2019un d\u00eener plac\u00e9 sous le signe de la transmission. Guid\u00e9e par <a href=\"https:\/\/www.vogue.fr\/mode\/article\/une-fille-un-style-sophie-fontanel-appartement-dressing-paris\" target=\"_blank\" rel=\"noopener\"><strong>Sophie Fontanel<\/strong><\/a> et <strong>Nine D\u2019Urso<\/strong>, ma\u00eetresses de c\u00e9r\u00e9monie, la soir\u00e9e s\u2019est achev\u00e9e sur un concert intimiste de <strong>Julien Clerc<\/strong>, rejoint sur sc\u00e8ne par sa fille <strong>Vanille<\/strong>.<\/p>\n<p>Depuis plus d\u2019un demi-si\u00e8cle, le programme Bold by Veuve Clicquot met en lumi\u00e8re l\u2019audace des femmes entrepreneures \u00e0 travers le monde. Cette ann\u00e9e, le Prix Bold Woman Award 2025 a \u00e9t\u00e9 remis \u00e0 <strong>\u00c9lise Cabanes<\/strong>, fondatrice d\u2019EPOCA, une solution pionni\u00e8re de t\u00e9l\u00e9surveillance g\u00e9riatrique pens\u00e9e pour r\u00e9humaniser le soin. Le Bold Future Award 2025 a distingu\u00e9 <strong>Charlotte Couallier<\/strong>, co-fondatrice de DATTAK, jeune entreprise qui r\u00e9invente l\u2019assurance cyber, gr\u00e2ce \u00e0 un mod\u00e8le hybride m\u00ealant pr\u00e9vention, intervention et indemnisation.<\/p>\n<p>Autour des laur\u00e9ates, un parterre de personnalit\u00e9s venues c\u00e9l\u00e9brer la transmission de l\u2019audace ch\u00e8re \u00e0 Madame Clicquot : <strong>Ana\u00efs Demoustier, Ana Girardot, Alice Taglioni, Jos\u00e9phine Japy, Camille Chamoux, Emmanuelle Devos, Anne Marivin, ainsi que <a href=\"https:\/\/www.vogue.fr\/culture\/article\/claire-laffut-album-bleu-chanteuse-belge\" target=\"_blank\" rel=\"noopener\">Claire Laffut<\/a>, Audrey Marnay et Cam\u00e9lia Jordana<\/strong>.<\/p>\n<p>Le d\u00eener, imagin\u00e9 par les cheffes <strong>Georgiana Viou<\/strong> et <strong>Chlo\u00e9 Charles<\/strong>, rendait hommage au soleil et \u00e0 la cr\u00e9ativit\u00e9, en accord avec <strong>La Grande Dame<\/strong>.<\/p>\n<p>Voir plus d\u2019images sur <a data-offer-url=\"https:\/\/saywho.fr\/evenements\/la-53eme-edition-du-bold-woman-award-by-veuve-clicquot-au-college-des-bernardins\/\" class=\"external-link\" data-event-click=\"{&quot;element&quot;:&quot;ExternalLink&quot;,&quot;outgoingURL&quot;:&quot;https:\/\/saywho.fr\/evenements\/la-53eme-edition-du-bold-woman-award-by-veuve-clicquot-au-college-des-bernardins\/&quot;}\" href=\"https:\/\/saywho.fr\/evenements\/la-53eme-edition-du-bold-woman-award-by-veuve-clicquot-au-college-des-bernardins\/\" rel=\"nofollow noopener\" target=\"_blank\">Say Who<\/a>.<\/p>\n<p>Cr\u00e9dit Photos: Jean Picon et Sheraz Debbich \/ SAY WHO<\/p>\n","protected":false},"excerpt":{"rendered":"Ce jeudi 20 novembre, la Maison Veuve Clicquot c\u00e9l\u00e9brait au Coll\u00e8ge des Bernardins la 53\u1d49 \u00e9dition du Bold&hellip;\n","protected":false},"author":2,"featured_media":565129,"comment_status":"","ping_status":"","sticky":false,"template":"","format":"standard","meta":{"footnotes":""},"categories":[1888],"tags":[11,1777,674,1011,27,12,626,25,16753],"class_list":{"0":"post-565128","1":"post","2":"type-post","3":"status-publish","4":"format-standard","5":"has-post-thumbnail","7":"category-paris","8":"tag-actualites","9":"tag-eu","10":"tag-europe","11":"tag-fr","12":"tag-france","13":"tag-news","14":"tag-paris","15":"tag-republique-francaise","16":"tag-tenue-de-soiree"},"share_on_mastodon":{"url":"https:\/\/pubeurope.com\/@fr\/115629003211595491","error":""},"_links":{"self":[{"href":"https:\/\/www.europesays.com\/fr\/wp-json\/wp\/v2\/posts\/565128","targetHints":{"allow":["GET"]}}],"collection":[{"href":"https:\/\/www.europesays.com\/fr\/wp-json\/wp\/v2\/posts"}],"about":[{"href":"https:\/\/www.europesays.com\/fr\/wp-json\/wp\/v2\/types\/post"}],"author":[{"embeddable":true,"href":"https:\/\/www.europesays.com\/fr\/wp-json\/wp\/v2\/users\/2"}],"replies":[{"embeddable":true,"href":"https:\/\/www.europesays.com\/fr\/wp-json\/wp\/v2\/comments?post=565128"}],"version-history":[{"count":0,"href":"https:\/\/www.europesays.com\/fr\/wp-json\/wp\/v2\/posts\/565128\/revisions"}],"wp:featuredmedia":[{"embeddable":true,"href":"https:\/\/www.europesays.com\/fr\/wp-json\/wp\/v2\/media\/565129"}],"wp:attachment":[{"href":"https:\/\/www.europesays.com\/fr\/wp-json\/wp\/v2\/media?parent=565128"}],"wp:term":[{"taxonomy":"category","embeddable":true,"href":"https:\/\/www.europesays.com\/fr\/wp-json\/wp\/v2\/categories?post=565128"},{"taxonomy":"post_tag","embeddable":true,"href":"https:\/\/www.europesays.com\/fr\/wp-json\/wp\/v2\/tags?post=565128"}],"curies":[{"name":"wp","href":"https:\/\/api.w.org\/{rel}","templated":true}]}}