{"id":565163,"date":"2025-11-28T19:56:16","date_gmt":"2025-11-28T19:56:16","guid":{"rendered":"https:\/\/www.europesays.com\/fr\/565163\/"},"modified":"2025-11-28T19:56:16","modified_gmt":"2025-11-28T19:56:16","slug":"je-suis-dans-le-rouge-avec-ma-retraite-quand-guy-marchand-sepanchait-sur-sa-situation-financiere-difficile","status":"publish","type":"post","link":"https:\/\/www.europesays.com\/fr\/565163\/","title":{"rendered":"\u00ab\u00a0Je suis dans le rouge avec ma retraite\u00a0\u00bb : quand Guy Marchand s&rsquo;\u00e9panchait sur sa situation financi\u00e8re difficile"},"content":{"rendered":"<p>\u00c0 l\u2019annonce du d\u00e9c\u00e8s de Guy Marchand le<br \/>\n15 d\u00e9cembre 2023, nombre d\u2019admirateurs ont \u00e9t\u00e9 pein\u00e9s. L\u2019acteur<br \/>\nn\u2019avait jamais cach\u00e9 ses graves probl\u00e8mes d\u2019argent.<\/p>\n<p>Guy Marchand : une carri\u00e8re<br \/>\nbrillante, un destin tourment\u00e9<\/p>\n<p><a href=\"https:\/\/www.pleinevie.fr\/loisirs\/celebrites\/guy-marchand-85-ans-64459.html\" target=\"_blank\" rel=\"noopener\"><br \/>\nGuy Marchand<\/a> s\u2019en est all\u00e9 le 15 d\u00e9cembre 2023, \u00e0 l\u2019\u00e2ge de 86<br \/>\nans, a annonc\u00e9 sa famille \u00e0 l\u2019AFP. <a href=\"https:\/\/www.pleinevie.fr\/loisirs\/celebrites\/guy-marchand-est-decede-sans-rien-leguer-a-ses-enfants-il-a-laisse-un-compte-bancaire-a-decouvert-et-deux-enfants-eplores-167569.html\" target=\"_blank\" rel=\"noopener\"><br \/>\nL\u2019homme avait commenc\u00e9 sa carri\u00e8re<\/a> au d\u00e9but des ann\u00e9es 1970 et<br \/>\ns\u2019\u00e9tait impos\u00e9 comme une figure marquante du cin\u00e9ma et de la<br \/>\nt\u00e9l\u00e9vision fran\u00e7aise. Il restera notamment dans les m\u00e9moires comme<br \/>\nl\u2019interpr\u00e8te de Nestor Burma, le d\u00e9tective mythique de la<br \/>\ns\u00e9rie \u00e9ponyme qu\u2019il a incarn\u00e9e de 1991 \u00e0 2003. Dans les ann\u00e9es<br \/>\n2020, une nouvelle g\u00e9n\u00e9ration a pu le d\u00e9couvrir dans la deuxi\u00e8me<br \/>\nsaison de la s\u00e9rie Dix pour Cent, o\u00f9 il jouait son propre<br \/>\nr\u00f4le.<\/p>\n<p>Sa voix remarquable, chaude et reconnaissable, lui avait aussi<br \/>\npermis de lancer plusieurs albums. Le dernier, N\u00e9 \u00e0<br \/>\nBelleville, est sorti en 2020. Malgr\u00e9 ce palmar\u00e8s, l\u2019acteur<br \/>\nn\u2019a jamais cach\u00e9 que <strong><a href=\"https:\/\/www.pleinevie.fr\/loisirs\/celebrites\/guy-marchand-amoureux-lartiste-a-vecu-une-folle-histoire-damour-avec-une-mannequin-russe-de-40-ans-sa-cadette-167749.html\" target=\"_blank\" rel=\"noopener\"><br \/>\nsa vie personnelle<\/a> et ses choix<\/strong> l\u2019avaient souvent<br \/>\nplac\u00e9 \u00ab dans le rouge \u00bb.<\/p>\n<p>Quand le succ\u00e8s ne suffit pas : les aveux douloureux de<br \/>\nGuy Marchand<\/p>\n<p>En 2019, dans un entretien accord\u00e9 \u00e0 <a href=\"https:\/\/actu.voici.fr\/celebrites\/mort-de-guy-marchand-quand-lacteur-evoquait-ses-gros-problemes-dargent-et-se-disait-fauche-773618?dicbo=v4-RIneWFq-1079626013-1&amp;utm_campaign=pmo_voi_article_desktop_desktop_flux_tag_froid_9&amp;utm_content=Mort%20de%20Guy%20Marchand%20%3A%20quand%20l%27acteur%20%C3%A9voquait%20ses%20gros%20probl%C3%A8mes%20d%27argent%20et%20se%20disait%20%22fauch%C3%A9%22&amp;utm_medium=cpc&amp;utm_source=outbrain&amp;utm_term=Le%20Dauphin%C3%A9%20%28EBRA%20NEWS%29_Le%20Dauphin%C3%A9\" target=\"_blank\" rel=\"noopener\"><br \/>\nVoici<\/a>, Guy Marchand n\u2019a pas m\u00e2ch\u00e9 ses mots pour<br \/>\n\u00e9voquer <strong>sa situation financi\u00e8re<\/strong> : \u00ab\u00a0Je suis<br \/>\ndans le rouge avec ma retraite, les imp\u00f4ts \u00e0 la source, la fa\u00e7on<br \/>\ndont je d\u00e9pense mon argent et ma passion pour les voitures<br \/>\nam\u00e9ricaines ! Ils sont vraiment sympas mes banquiers, je leur dis<br \/>\nde me faire confiance, qu&rsquo;on n&rsquo;est jamais \u00e0 l\u2019abri d\u2019un triomphe<br \/>\n!\u00a0\u00bb<\/p>\n<p>Il confiait alors l\u2019angoisse de vivre constamment avec<br \/>\n<strong>des appels r\u00e9guliers de son banquier<\/strong> : \u00ab\u00a0Chaque<br \/>\nsemaine, j&rsquo;ai un appel t\u00e9l\u00e9phonique de mon banquier \u00e0 Cavaillon. Il<br \/>\nm&rsquo;annonce que je suis \u00e0 d\u00e9couvert. Je lui confirme que c&rsquo;est<br \/>\nexact\u00a0\u00bb. Dans une autre interview, il revenait sur <strong>ses<br \/>\nann\u00e9es de gloire et sur les revers<\/strong> qu\u2019elles n\u2019avaient pas<br \/>\ntoujours compens\u00e9s : \u00ab\u00a0Il \u00e9tait temps que je tourne \u00e0 nouveau,<br \/>\nparce qu\u2019on est fauch\u00e9s. J\u2019ai gagn\u00e9 beaucoup d\u2019argent sur les<br \/>\nNestor Burma mais j\u2019ai tout d\u00e9pens\u00e9. Les chevaux. Les voitures.<br \/>\nLes femmes [&#8230;] Et je n\u2019ai pas eu des salaires de star. Je suis un<br \/>\ntouriste\u00a0\u00bb.<\/p>\n<p>Il n\u2019h\u00e9sitait pas non plus \u00e0 <strong>critiquer l\u2019industrie<br \/>\nt\u00e9l\u00e9visuelle<\/strong>, accusant la t\u00e9l\u00e9vision d\u2019avoir frein\u00e9 sa<br \/>\ncarri\u00e8re : \u00ab\u00a0La t\u00e9l\u00e9 la d\u00e9testait, elle m&rsquo;a arr\u00eat\u00e9 plusieurs<br \/>\nfois. Elle m&rsquo;a renvoy\u00e9, elle m&rsquo;a sanctionn\u00e9 mais je suis toujours<br \/>\nrest\u00e9 l\u00e0 [&#8230;] \u00c7a \u00e9nervait pas mal de c*ns mais moi \u00e7a m&rsquo;amusait<br \/>\nbeaucoup\u00a0\u00bb. \u00c0 travers ces mots, transparait un go\u00fbt de libert\u00e9<br \/>\net d\u2019exc\u00e8s, mais aussi une forme de lucidit\u00e9 sur les<br \/>\ncons\u00e9quences.<\/p>\n<p>Un d\u00e9c\u00e8s qui ravive le souvenir d\u2019un homme de<br \/>\npassions<\/p>\n<p>Avec la disparition de Guy Marchand, c\u2019est une personnalit\u00e9<br \/>\nenti\u00e8re qui s\u2019\u00e9teint : un com\u00e9dien, un chanteur, un homme qui<br \/>\naimait \u00ab vivre largement \u00bb, <a href=\"https:\/\/www.pleinevie.fr\/loisirs\/celebrites\/guy-marchand-papa-qui-est-beatrice-la-premiere-femme-de-lartiste-disparu-en-2023-169242.html\" target=\"_blank\" rel=\"noopener\"><br \/>\nquitte \u00e0 finir \u00ab fauch\u00e9 \u00bb<\/a>. Son histoire rappelle que<br \/>\nsucc\u00e8s et notori\u00e9t\u00e9 ne sont pas toujours synonymes de stabilit\u00e9.<br \/>\nSon d\u00e9part incitera peut-\u00eatre certains \u00e0 red\u00e9couvrir ses \u0153uvres (la<br \/>\ns\u00e9rie Nestor Burma, ses films, sa voix) mais aussi \u00e0 regarder avec<br \/>\nhumanit\u00e9 ceux qui, malgr\u00e9 la c\u00e9l\u00e9brit\u00e9, ont parfois d\u00fb faire face \u00e0<br \/>\nleurs d\u00e9mons.<\/p>\n","protected":false},"excerpt":{"rendered":"\u00c0 l\u2019annonce du d\u00e9c\u00e8s de Guy Marchand le 15 d\u00e9cembre 2023, nombre d\u2019admirateurs ont \u00e9t\u00e9 pein\u00e9s. L\u2019acteur n\u2019avait&hellip;\n","protected":false},"author":2,"featured_media":565164,"comment_status":"","ping_status":"","sticky":false,"template":"","format":"standard","meta":{"footnotes":""},"categories":[1359],"tags":[10281,58,59,1011,27,973],"class_list":{"0":"post-565163","1":"post","2":"type-post","3":"status-publish","4":"format-standard","5":"has-post-thumbnail","7":"category-people","8":"tag-buzz-nonli","9":"tag-divertissement","10":"tag-entertainment","11":"tag-fr","12":"tag-france","13":"tag-people"},"share_on_mastodon":{"url":"https:\/\/pubeurope.com\/@fr\/115629089899689794","error":""},"_links":{"self":[{"href":"https:\/\/www.europesays.com\/fr\/wp-json\/wp\/v2\/posts\/565163","targetHints":{"allow":["GET"]}}],"collection":[{"href":"https:\/\/www.europesays.com\/fr\/wp-json\/wp\/v2\/posts"}],"about":[{"href":"https:\/\/www.europesays.com\/fr\/wp-json\/wp\/v2\/types\/post"}],"author":[{"embeddable":true,"href":"https:\/\/www.europesays.com\/fr\/wp-json\/wp\/v2\/users\/2"}],"replies":[{"embeddable":true,"href":"https:\/\/www.europesays.com\/fr\/wp-json\/wp\/v2\/comments?post=565163"}],"version-history":[{"count":0,"href":"https:\/\/www.europesays.com\/fr\/wp-json\/wp\/v2\/posts\/565163\/revisions"}],"wp:featuredmedia":[{"embeddable":true,"href":"https:\/\/www.europesays.com\/fr\/wp-json\/wp\/v2\/media\/565164"}],"wp:attachment":[{"href":"https:\/\/www.europesays.com\/fr\/wp-json\/wp\/v2\/media?parent=565163"}],"wp:term":[{"taxonomy":"category","embeddable":true,"href":"https:\/\/www.europesays.com\/fr\/wp-json\/wp\/v2\/categories?post=565163"},{"taxonomy":"post_tag","embeddable":true,"href":"https:\/\/www.europesays.com\/fr\/wp-json\/wp\/v2\/tags?post=565163"}],"curies":[{"name":"wp","href":"https:\/\/api.w.org\/{rel}","templated":true}]}}