{"id":565179,"date":"2025-11-28T20:06:18","date_gmt":"2025-11-28T20:06:18","guid":{"rendered":"https:\/\/www.europesays.com\/fr\/565179\/"},"modified":"2025-11-28T20:06:18","modified_gmt":"2025-11-28T20:06:18","slug":"ca-risque-de-partir-vite-frandroid","status":"publish","type":"post","link":"https:\/\/www.europesays.com\/fr\/565179\/","title":{"rendered":"\u00e7a risque de partir vite \u2014 Frandroid"},"content":{"rendered":"<p>Oui, l\u2019iPhone 17 Pro Max est sorti r\u00e9cemment. Mais non, il ne faut pas pour autant oublier l\u2019une des anciennes gloires d\u2019Apple, l\u2019iPhone 16 Pro Max, qui vaut encore le d\u00e9tour, surtout \u00e0 1 099,99 euros au lieu de 1 479 euros \u00e0 la Fnac et chez Darty en plein Black Friday.<\/p>\n<p><a target=\"_blank\" href=\"https:\/\/images.frandroid.com\/wp-content\/uploads\/2025\/11\/iphone-16-pro-max-black-friday-2025.jpg\" class=\"article-content__figure\" rel=\"noopener\"><img fetchpriority=\"high\" decoding=\"async\" loading=\"eager\" width=\"1200\" height=\"675\" src=\"https:\/\/www.europesays.com\/fr\/wp-content\/uploads\/2025\/11\/iphone-16-pro-max-black-friday-2025.jpg\" alt=\"\" class=\"wp-image-2890637 wp-image wp-image\"  \/><\/a><\/p>\n<p>Le plus cher de tous les smartphones Apple a \u00e9t\u00e9 actualis\u00e9 cette ann\u00e9e : fin 2025, c\u2019est donc <a href=\"https:\/\/www.frandroid.com\/produits\/smartphones\/apple\/2788413-apple-iphone-17-pro-max\" target=\"_blank\" rel=\"noopener\">l\u2019iPhone 17 Pro Max<\/a> qui a d\u00e9barqu\u00e9 sur le march\u00e9, avec son design repens\u00e9, ses performances de haut vol et son autonomie impressionnante. Seul b\u00e9mol : son prix, qui ne b\u00e9n\u00e9ficie pas d\u2019une r\u00e9duction sp\u00e9ciale <a href=\"https:\/\/www.frandroid.com\/bons-plans\/2889393_le-veritable-black-friday-commence-enfin-voici-le-top-50-des-meilleures-offres-pour-le-jour-j\" target=\"_blank\" rel=\"noopener\">Black Friday<\/a>. Contrairement \u00e0 son pr\u00e9d\u00e9cesseur, <a href=\"https:\/\/www.frandroid.com\/produits\/smartphones\/apple\/2271720-apple-iphone-16-pro-max\" target=\"_blank\" rel=\"noopener\">l\u2019iPhone 16 Pro Max<\/a>, une it\u00e9ration tr\u00e8s bien \u00e9quip\u00e9e, elle aussi, et qui profite d\u2019une<a href=\"https:\/\/shop.frandroid.com\/aqmcn4ro\" target=\"_blank\" rel=\"noreferrer noopener affiliate nofollow\" data-gtm=\"{&quot;event&quot;:&quot;afficlic&quot;,&quot;nom_marchand&quot;:&quot;fnac&quot;,&quot;nom_produit&quot;:&quot;inconnu&quot;,&quot;categorie_produit&quot;:&quot;inconnu&quot;,&quot;module_produit&quot;:&quot;editolink&quot;,&quot;position_marchand&quot;:0,&quot;texte&quot;:&quot;grosse-baisse-de-prix&quot;,&quot;offer_url&quot;:&quot;https:\/\/shop.frandroid.com\/aqmcn4ro&quot;,&quot;zone&quot;:&quot;contenu-page&quot;}\"> baisse de 380 euros.<\/a><\/p>\n<p>Pourquoi on recommande l\u2019iPhone 16 Pro Max<\/p>\n<ul class=\"wp-block-list\">\n<li>Pour son grand \u00e9cran Super Retina XDR Pro<\/li>\n<li>Pour la puissance de l\u2019A18 Pro<\/li>\n<li>Pour l\u2019arriv\u00e9e d\u2019Apple Intelligence, enfin<\/li>\n<\/ul>\n<p>Lanc\u00e9 \u00e0 1 479 euros, l\u2019iPhone 16 Pro Max (256 Go) est aujourd\u2019hui <a href=\"https:\/\/shop.frandroid.com\/aqmcn4ro\" target=\"_blank\" rel=\"noreferrer noopener affiliate nofollow\" data-gtm=\"{&quot;event&quot;:&quot;afficlic&quot;,&quot;nom_marchand&quot;:&quot;fnac&quot;,&quot;nom_produit&quot;:&quot;inconnu&quot;,&quot;categorie_produit&quot;:&quot;inconnu&quot;,&quot;module_produit&quot;:&quot;editolink&quot;,&quot;position_marchand&quot;:0,&quot;texte&quot;:&quot;disponible-en-promotion-a-1-099-99-euros-a-la-fnac&quot;,&quot;offer_url&quot;:&quot;https:\/\/shop.frandroid.com\/aqmcn4ro&quot;,&quot;zone&quot;:&quot;contenu-page&quot;}\">disponible en promotion \u00e0 1 099,99 euros \u00e0 la Fnac<\/a> et <a href=\"https:\/\/shop.frandroid.com\/9uub5i6o\" target=\"_blank\" rel=\"noreferrer noopener affiliate nofollow\" data-gtm=\"{&quot;event&quot;:&quot;afficlic&quot;,&quot;nom_marchand&quot;:&quot;darty&quot;,&quot;nom_produit&quot;:&quot;inconnu&quot;,&quot;categorie_produit&quot;:&quot;inconnu&quot;,&quot;module_produit&quot;:&quot;editolink&quot;,&quot;position_marchand&quot;:0,&quot;texte&quot;:&quot;chez-darty&quot;,&quot;offer_url&quot;:&quot;https:\/\/shop.frandroid.com\/9uub5i6o&quot;,&quot;zone&quot;:&quot;contenu-page&quot;}\">chez Darty<\/a>.<\/p>\n<p>Si, par la suite, l\u2019offre mentionn\u00e9e dans cet article n\u2019est plus disponible, merci de jeter un coup d\u2019\u0153il ci-dessous afin de d\u00e9nicher d\u2019autres offres concernant l\u2019iPhone 16 Pro Max. Le tableau s\u2019actualise automatiquement. <\/p>\n<p>                <img decoding=\"async\" width=\"1200\" height=\"446\" loading=\"lazy\" alt=\"Affiliates_1325x492_Frandroid\" title=\"Affiliates_1325x492_Frandroid\" class=\"is-radiusless placeholder-default wp-image\" src=\"https:\/\/www.europesays.com\/fr\/wp-content\/uploads\/2025\/11\/affiliates-1325x492-frandroid-1200x446.jpg\" \/>            <\/p>\n<p>\n                    Oubliez le neuf, Back Market lance son Black Friday                <\/p>\n<p class=\"has-text-weight-medium is-size-6 is-line-height-normal\">\n                    En ce moment, profitez d\u2019offres exclusives sur un large choix d\u2019appareils reconditionn\u00e9s : d\u00e9j\u00e0 bien moins chers que le neuf, certains b\u00e9n\u00e9ficient de remises suppl\u00e9mentaires ! Acc\u00e9dez \u00e0 des produits performants, contr\u00f4l\u00e9s et garantis d\u00e8s maintenant.                 <\/p>\n<p>Des finitions exemplaires et un \u00e9cran toujours aussi fluide<\/p>\n<p>Les d\u00e9tenteurs d\u2019un <a href=\"https:\/\/www.frandroid.com\/produits\/smartphones\/apple\/1786599-apple-iphone-15-pro-max\" target=\"_blank\" rel=\"noopener\">iPhone 15 Pro Max<\/a> ne seront pas d\u00e9pays\u00e9s avec le <a href=\"https:\/\/www.frandroid.com\/produits\/smartphones\/apple\/2271720-apple-iphone-16-pro-max\" target=\"_blank\" rel=\"noopener\">16 Pro Max<\/a>. Seul <a href=\"https:\/\/www.frandroid.com\/marques\/apple\/2792087_les-iphone-17-pro-sont-peut-etre-moches-mais-ce-nest-pas-sans-raison\" target=\"_blank\" rel=\"noopener\">l\u2019iPhone 17 Pro Max a eu droit \u00e0 un vrai lifting<\/a>. Le 16 Pro Max qui nous int\u00e9resse ici adopte un design tr\u00e8s proche de celui des pr\u00e9d\u00e9cesseurs, mais rassurez-vous, les finitions sont toujours impeccables, et la prise en main tr\u00e8s agr\u00e9able gr\u00e2ce aux tranches plates et au dos en verre d\u00e9poli. Rappelez-vous cependant que l\u2019iPhone 16 Pro Max, qui porte bien son nom, est un smartphone XXL : amateurs de smartphones compacts, passez votre chemin.<\/p>\n<p>S\u2019agissant de son \u00e9cran, celui-ci est plus grand qu\u2019avant (6,9 pouces contre 6,7 pouces), et il est, l\u00e0 encore, entour\u00e9 d\u2019un cadre en titane plus l\u00e9ger que l\u2019acier inoxydable \u00e9quipant les it\u00e9rations qui ont pr\u00e9c\u00e9d\u00e9 la g\u00e9n\u00e9ration 15. C\u00f4t\u00e9 r\u00e9sistance, le tout est certifi\u00e9 IP68 et le Ceramic Shield est encore pr\u00e9sent : ce smartphone est donc bien costaud, m\u00eame s\u2019il n\u2019\u00e9vite pas les petites rayures.<\/p>\n<p>\u00c0 l\u2019avant, on trouve une dalle Super Retina XDR Pro 4K 120 Hz LTPO, qui promet un bel affichage bien fluide et une bonne calibration. Il ne couvre toutefois pas la totalit\u00e9 de l\u2019espace colorim\u00e9trique DCI-P3. Dommage. C\u00f4t\u00e9 luminosit\u00e9 maximale, c\u2019est correct avec plus de 1 000 nits en SDR et plus de 2 000 en HDR, mais l\u2019iPhone 17 Pro Max tutoie les sommets avec un pic \u00e0 2 400 nits en HDR. Sur le c\u00f4t\u00e9 du smartphone, vous trouverez d\u2019ailleurs un bouton \u00ab\u00a0Contr\u00f4le de la cam\u00e9ra\u00a0\u00bb, introduit avec la g\u00e9n\u00e9ration 16, pour manipuler l\u2019appareil photo. <\/p>\n<p>La puissance de l\u2019A18 Bionic<\/p>\n<p>Dans les entrailles de l\u2019iPhone 16 Pro Max, tr\u00f4ne un SoC A18 Bionic, qui ne d\u00e9montre aucun signe de faiblesse, se d\u00e9brouille tr\u00e8s bien en jeu m\u00eame avec les options graphiques pouss\u00e9es \u00e0 fond et fait preuve d\u2019une grande fluidit\u00e9 sur toutes les t\u00e2ches, y compris les plus lourdes comme le montage vid\u00e9o. L\u2019iPhone chauffe d\u2019ailleurs bien moins que son pr\u00e9d\u00e9cesseur.<\/p>\n<p>C\u00f4t\u00e9 logiciel, c\u2019est <a href=\"https:\/\/www.frandroid.com\/marques\/apple\/2744479_ios-26-disponible\" target=\"_blank\" rel=\"noopener\">iOS 26<\/a> qui est arriv\u00e9 r\u00e9cemment, avec la fameuse nouvelle interface \u00ab\u00a0Liquid Glass\u00a0\u00bb, le filtrage d\u2019appels intelligent ou encore la transformation de n\u2019importe quelle photo en sc\u00e8ne 3D spatiale. Oui, <a href=\"https:\/\/www.frandroid.com\/os\/ios\/2516453_jai-teste-apple-intelligence-en-francais-sur-mon-iphone-et-voici-ce-que-jen-pense\" target=\"_blank\" rel=\"noopener\">Apple Intelligence<\/a> est (enfin) aussi de la partie, mais les fonctions IA sont encore trop limit\u00e9es en France. On est loin de la richesse de Galaxy AI et Gemini. <\/p>\n<p>C\u00f4t\u00e9 photo, l\u2019iPhone 16 Pro Max s\u2019\u00e9quipe d\u2019un capteur principal de 48 Mpx, d\u2019un ultra grand-angle de 48 Mpx et d\u2019un t\u00e9l\u00e9objectif x5 qui demeure \u00e9triqu\u00e9 avec 12 Mpx. Si l\u2019appareil a globalement tendance \u00e0 produire des clich\u00e9s aux sc\u00e8nes surexpos\u00e9es, avec un rendu qui tire parfois vers le jaune, le capteur principal capture de tr\u00e8s belles photos. Mention sp\u00e9ciale aussi pour les 15 styles photographiques propos\u00e9s. Enfin, concernant l\u2019autonomie de l\u2019iPhone 16 Pro Max, on peut fr\u00f4ler les deux jours d\u2019utilisation.<\/p>\n<p>Pour en savoir encore plus, n\u2019h\u00e9sitez pas \u00e0 lire <a href=\"https:\/\/www.frandroid.com\/marques\/apple\/2354720_test-iphone-16-pro-max-il-est-urgent-dattendre\" target=\"_blank\" rel=\"noopener\">notre test complet de l\u2019iPhone 16 Pro Max<\/a>.<\/p>\n<p class=\"shortcode-container see-more\">\n    \u00c0 lire aussi : <br \/><a href=\"https:\/\/www.frandroid.com\/guide-dachat\/smartphones\/705312_meilleur-iphone\" target=\"_blank\" rel=\"noopener\">Quel est le meilleur des iPhone : la s\u00e9lection 2025 des mod\u00e8les \u00e0 acheter (et ceux \u00e0 \u00e9viter)<\/a>\n<\/p>\n<p>Black Friday : pour ne rien rater des offres<\/p>\n<p>Le v\u00e9ritable Black Friday commence enfin ce 28 novembre. Pour l\u2019occasion, les e-commer\u00e7ants partagent leurs meilleures offres pendant toute la dur\u00e9e du week-end. Une aubaine si vous voulez anticiper vos achats de fin d\u2019ann\u00e9e.<\/p>\n<p>Si vous n\u2019avez pas trouv\u00e9 votre bonheur dans les s\u00e9lections pr\u00e9c\u00e9demment cit\u00e9es, voici ce qu\u2019il vous reste \u00e0 faire : <\/p>\n<ul class=\"wp-block-list\">\n<li>T\u00e9l\u00e9chargez notre nouvelle extension Chrome Frandroid Check afin de comparer facilement et sans intrusion les prix des produits : <a href=\"https:\/\/www.frandroid.com\/humanoid\/2877567_telechargez-frandroid-check-le-comparateur-de-prix-et-de-tests-integre-a-votre-navigateur\" target=\"_blank\" rel=\"noreferrer noopener\">tout est expliqu\u00e9 ici<\/a>. <\/li>\n<li>Suivez notre compte X\u00a0<a href=\"https:\/\/twitter.com\/FrandroidPromos\" target=\"_blank\" rel=\"noreferrer noopener\">@FrandroidPromos<\/a> uniquement d\u00e9di\u00e9 aux bons plans (pensez \u00e0 activer la cloche pour recevoir les notifications en temps r\u00e9el)<\/li>\n<li><a href=\"https:\/\/whatsapp.com\/channel\/0029VabYxm5LI8YhSlD8xc05\" target=\"_blank\" rel=\"noreferrer noopener\">Rejoignez notre canal WhatsApp<\/a> pour recevoir une fois par jour un condens\u00e9 des meilleures offres<\/li>\n<li>T\u00e9l\u00e9chargez notre <a href=\"https:\/\/www.frandroid.com\/telecharger\/apps\/frandroid\" target=\"_blank\" rel=\"noreferrer noopener\">application Frandroid<\/a> (disponible sur iOS et Android) pour activer les notifications de la cat\u00e9gorie \u00ab Bons Plans \u00bb et ainsi recevoir en temps r\u00e9el les nouveaux articles li\u00e9s au Black Friday 2025<\/li>\n<li>Abonnez-vous \u00e0 notre newsletter pour \u00eatre s\u00fbr de recevoir les offres en avant-premi\u00e8re (pas plus d\u2019un mail par jour, d\u00e9sinscription en 1 clic, aucune diffusion \u00e0 des tiers) :<\/li>\n<\/ul>\n<p class=\"newsletter-form__title is-size-6 is-size-7-mobile is-uppercase has-text-good-deals has-text-weight-semibold mb-4 px-5\">Frandroid Bons plans<\/p>\n<p class=\"has-text-centered-tablet newsletter-form__subtitle is-size-4 has-text-weight-bold has-text-primary column is-9-tablet is-10-mobile\">\n                C\u2019est enregistr\u00e9 ! Surveillez votre bo\u00eete aux lettres, vous allez entendre parler de nous\u00a0!\n            <\/p>\n<p class=\"newsletter-form__subtitle is-size-4 has-text-weight-bold has-text-gradient-pink\">Ne manquez aucun bon plan avec notre newsletter<\/p>\n<p class=\"is-size-7\">\n                Les donn\u00e9es transmises par le biais de ce formulaire sont destin\u00e9es \u00e0 Humanoid,<br \/>\n                soci\u00e9t\u00e9 \u00e9ditrice du site Frandroid en sa qualit\u00e9 de responsable de traitement.<br \/>\n                Elles ne seront en aucun cas c\u00e9d\u00e9es \u00e0 des tiers. Ces donn\u00e9es sont trait\u00e9es sous r\u00e9serve d\u2019obtention de<br \/>\n                votre consentement pour vous envoyer par e-mail des actualit\u00e9s et informations relatives aux contenus<br \/>\n                \u00e9ditoriaux publi\u00e9s sur Frandroid. Vous pouvez vous opposer \u00e0 tout moment \u00e0 ces e-mails<br \/>\n                en cliquant sur les liens de d\u00e9sinscriptions pr\u00e9sents dans chacun d\u2019eux. Pour plus d\u2019informations, vous<br \/>\n                pouvez consulter l\u2019int\u00e9gralit\u00e9 de notre <a href=\"https:\/\/www.frandroid.com\/politique-donnees-personnelles\" target=\"_blank\" rel=\"noopener\"><br \/>\n                politique de traitement de vos donn\u00e9es personnelles<\/a>.<br \/>\n                Vous disposez d\u2019un droit d\u2019acc\u00e8s, de rectification, d\u2019effacement, de limitation, de portabilit\u00e9 et<br \/>\n                d\u2019opposition pour motif l\u00e9gitime aux donn\u00e9es personnelles vous concernant. Pour exercer l\u2019un de ces droits,<br \/>\n                merci d\u2019effectuer votre demande via notre <a href=\"https:\/\/www.frandroid.com\/contact\/#RGPD\" target=\"_blank\" rel=\"noopener\">formulaire<br \/>\n                de demandes d\u2019exercices de droits d\u00e9di\u00e9<\/a>.\n            <\/p>\n<p>            <script async src=\"https:\/\/platform.twitter.com\/widgets.js\" charset=\"utf-8\"><\/script><\/p>\n","protected":false},"excerpt":{"rendered":"Oui, l\u2019iPhone 17 Pro Max est sorti r\u00e9cemment. Mais non, il ne faut pas pour autant oublier l\u2019une&hellip;\n","protected":false},"author":2,"featured_media":565180,"comment_status":"","ping_status":"","sticky":false,"template":"","format":"standard","meta":{"footnotes":""},"categories":[7],"tags":[13077,62374,943,944,1011,27,43,40,41,39,42,44],"class_list":{"0":"post-565179","1":"post","2":"type-post","3":"status-publish","4":"format-standard","5":"has-post-thumbnail","7":"category-sciences-et-technologies","8":"tag-apple-iphone-16-pro-max","9":"tag-black-friday-2025","10":"tag-bons-plans-darty","11":"tag-bons-plans-fnac","12":"tag-fr","13":"tag-france","14":"tag-science","15":"tag-science-and-technology","16":"tag-sciences","17":"tag-sciences-et-technologies","18":"tag-technologies","19":"tag-technology"},"share_on_mastodon":{"url":"https:\/\/pubeurope.com\/@fr\/115629129045491571","error":""},"_links":{"self":[{"href":"https:\/\/www.europesays.com\/fr\/wp-json\/wp\/v2\/posts\/565179","targetHints":{"allow":["GET"]}}],"collection":[{"href":"https:\/\/www.europesays.com\/fr\/wp-json\/wp\/v2\/posts"}],"about":[{"href":"https:\/\/www.europesays.com\/fr\/wp-json\/wp\/v2\/types\/post"}],"author":[{"embeddable":true,"href":"https:\/\/www.europesays.com\/fr\/wp-json\/wp\/v2\/users\/2"}],"replies":[{"embeddable":true,"href":"https:\/\/www.europesays.com\/fr\/wp-json\/wp\/v2\/comments?post=565179"}],"version-history":[{"count":0,"href":"https:\/\/www.europesays.com\/fr\/wp-json\/wp\/v2\/posts\/565179\/revisions"}],"wp:featuredmedia":[{"embeddable":true,"href":"https:\/\/www.europesays.com\/fr\/wp-json\/wp\/v2\/media\/565180"}],"wp:attachment":[{"href":"https:\/\/www.europesays.com\/fr\/wp-json\/wp\/v2\/media?parent=565179"}],"wp:term":[{"taxonomy":"category","embeddable":true,"href":"https:\/\/www.europesays.com\/fr\/wp-json\/wp\/v2\/categories?post=565179"},{"taxonomy":"post_tag","embeddable":true,"href":"https:\/\/www.europesays.com\/fr\/wp-json\/wp\/v2\/tags?post=565179"}],"curies":[{"name":"wp","href":"https:\/\/api.w.org\/{rel}","templated":true}]}}