{"id":565185,"date":"2025-11-28T20:09:15","date_gmt":"2025-11-28T20:09:15","guid":{"rendered":"https:\/\/www.europesays.com\/fr\/565185\/"},"modified":"2025-11-28T20:09:15","modified_gmt":"2025-11-28T20:09:15","slug":"larcom-inflige-un-camouflet-a-rsf-et-a-france-2-face-a-cnews","status":"publish","type":"post","link":"https:\/\/www.europesays.com\/fr\/565185\/","title":{"rendered":"l\u2019Arcom inflige un camouflet \u00e0 RSF et \u00e0 France\u00a02 face \u00e0 CNews"},"content":{"rendered":"<p>\n    <strong>R\u00c9CIT &#8211;<\/strong> Le r\u00e9gulateur de l\u2019audiovisuel remet en cause l\u2019\u00e9tude de RSF utilis\u00e9e par le magazine \u00ab\u00a0Compl\u00e9ment d\u2019enqu\u00eate\u00a0\u00bb.<\/p>\n<p class=\"fig-paragraph\">Une m\u00e9canique tr\u00e8s bien huil\u00e9e. Mercredi,<a href=\"http:\/\/www.lefigaro.fr\/medias\/l-arcom-ne-constate-pas-de-manquement-au-pluralisme-sur-cnews-sur-la-periode-visee-par-rsf-20251127\" data-fig-type=\"NewsFlash\" data-gtm-custom-categorie=\"navigation\" data-gtm-custom-action=\"crossclick\" data-gtm-custom-label=\"Contextuel\" data-gtm-event=\"customEventSPE\" data-fig-domain=\"LEFIGARO\" target=\"_blank\" rel=\"noopener\">\u00a0Reporters sans fronti\u00e8res (RSF)<\/a>\u00a0d\u00e9voilait une \u00ab\u00a0enqu\u00eate choc\u00a0\u00bb sur CNews. Un rapport pr\u00e9sent\u00e9 comme pr\u00e9cis et m\u00e9thodique, un mois d\u2019analyse minutieuse, 700.000\u00a0bandeaux \u00e9tudi\u00e9s et un verdict sans appel. Pour l\u2019ONG, pas de doute, la cha\u00eene propri\u00e9t\u00e9 de l\u2019homme d\u2019affaires Vincent Bollor\u00e9 \u00ab\u00a0triche\u00a0\u00bb avec les r\u00e8gles de l\u2019\u00e9quilibre politique pour favoriser l\u2019extr\u00eame droite. Cette premi\u00e8re lame \u00e9tait cens\u00e9e fragiliser la cr\u00e9dibilit\u00e9 journalistique de CNews. Jeudi soir,\u00a0<a href=\"http:\/\/www.lefigaro.fr\/vox\/societe\/mathieu-bock-cote-decouverte-complement-d-enquete-n-aime-pas-cnews-20251128\" data-fig-type=\"Article\" data-gtm-custom-categorie=\"navigation\" data-gtm-custom-action=\"crossclick\" data-gtm-custom-label=\"Contextuel\" data-gtm-event=\"customEventSPE\" data-fig-domain=\"LEFIGARO\" target=\"_blank\" rel=\"noopener\">la deuxi\u00e8me lame, l\u2019\u00e9mission d\u2019investigation \u00ab Compl\u00e9ment d\u2019enqu\u00eate\u00a0\u00bb<\/a>\u00a0diffus\u00e9e sur France\u00a02, devait venir approfondir l\u2019entaille. En s\u2019appuyant, pour les besoins de sa d\u00e9monstration, sur les travaux de RSF. La boucle \u00e9tait boucl\u00e9e.<\/p>\n<p class=\"fig-paragraph\">\u00ab\u00a0C\u2019\u00e9tait vraiment cousu de fil blanc\u00a0\u00bb, glisse un acteur de la sph\u00e8re m\u00e9diatique. Selon RSF, CNews userait d\u2019un stratag\u00e8me de \u00ab\u00a0rattrapages nocturnes\u00a0\u00bb des temps de parole pour donner \u00ab\u00a0l\u2019illusion du pluralisme politique\u00a0\u00bb et \u00ab\u00a0rendre\u2026<\/p>\n<p class=\"fig-premium-paywall__infos\">\n        Cet article est r\u00e9serv\u00e9 aux abonn\u00e9s.        Il vous reste 82% \u00e0 d\u00e9couvrir.\n    <\/p>\n<p>                <img  data- alt=\"Le Figaro\" class=\"fig-img--complete fig-img\"\/><\/p>\n<p class=\"fig-premium-paywall__title\">Black Friday : derniers jours<\/p>\n<p class=\"fig-premium-paywall__subtitle\">-70% sur l&rsquo;abonnement num\u00e9rique<\/p>\n<p class=\"fig-premium-paywall__connect\">\n                D\u00e9j\u00e0 abonn\u00e9\u00a0?                <a class=\"fig-premium-paywall__connect-link\" href=\"https:\/\/connect.lefigaro.fr\/login?client=horizon_web&amp;type=main&amp;redirect_uri=https%3A%2F%2Fwww.lefigaro.fr%2Fmedias%2Fpluralisme-l-arcom-inflige-un-camouflet-a-rsf-et-a-france-2-face-a-cnews-20251128\" data-js-gtm=\"{&quot;customCategorie&quot;: &quot;conversion&quot;, &quot;customAction&quot;: &quot;before_Landing_Connexion_paywall_auto&quot;, &quot;customLabel&quot;: &quot;bGVmaWdhcm8uZnJfXzFmMGNjNjhlLWJhZTEtNjQ0OC1hY2RhLTYxNDVmMmQyMmUzZl9fQXJ0aWNsZQ==_Pluralisme\u00a0: l\u2019Arcom inflige un camouflet \u00e0 RSF et \u00e0 France\u00a02 face \u00e0 CNews_244&quot;, &quot;customIDSPE&quot;: &quot;bGVmaWdhcm8uZnJfXzFmMGNjNjhlLWJhZTEtNjQ0OC1hY2RhLTYxNDVmMmQyMmUzZl9fQXJ0aWNsZQ==&quot;, &quot;event&quot;: &quot;customEventSPE&quot;}\" target=\"_blank\" rel=\"noopener\"><br \/>\n                    Connectez-vous<br \/>\n                <\/a>\n            <\/p>\n","protected":false},"excerpt":{"rendered":"R\u00c9CIT &#8211; Le r\u00e9gulateur de l\u2019audiovisuel remet en cause l\u2019\u00e9tude de RSF utilis\u00e9e par le magazine \u00ab\u00a0Compl\u00e9ment d\u2019enqu\u00eate\u00a0\u00bb.&hellip;\n","protected":false},"author":2,"featured_media":565186,"comment_status":"","ping_status":"","sticky":false,"template":"","format":"standard","meta":{"footnotes":""},"categories":[4],"tags":[11,4690,9722,1011,27,12,25,56751],"class_list":{"0":"post-565185","1":"post","2":"type-post","3":"status-publish","4":"format-standard","5":"has-post-thumbnail","7":"category-france","8":"tag-actualites","9":"tag-arcom","10":"tag-cnews","11":"tag-fr","12":"tag-france","13":"tag-news","14":"tag-republique-francaise","15":"tag-rsf"},"share_on_mastodon":{"url":"https:\/\/pubeurope.com\/@fr\/115629140614907992","error":""},"_links":{"self":[{"href":"https:\/\/www.europesays.com\/fr\/wp-json\/wp\/v2\/posts\/565185","targetHints":{"allow":["GET"]}}],"collection":[{"href":"https:\/\/www.europesays.com\/fr\/wp-json\/wp\/v2\/posts"}],"about":[{"href":"https:\/\/www.europesays.com\/fr\/wp-json\/wp\/v2\/types\/post"}],"author":[{"embeddable":true,"href":"https:\/\/www.europesays.com\/fr\/wp-json\/wp\/v2\/users\/2"}],"replies":[{"embeddable":true,"href":"https:\/\/www.europesays.com\/fr\/wp-json\/wp\/v2\/comments?post=565185"}],"version-history":[{"count":0,"href":"https:\/\/www.europesays.com\/fr\/wp-json\/wp\/v2\/posts\/565185\/revisions"}],"wp:featuredmedia":[{"embeddable":true,"href":"https:\/\/www.europesays.com\/fr\/wp-json\/wp\/v2\/media\/565186"}],"wp:attachment":[{"href":"https:\/\/www.europesays.com\/fr\/wp-json\/wp\/v2\/media?parent=565185"}],"wp:term":[{"taxonomy":"category","embeddable":true,"href":"https:\/\/www.europesays.com\/fr\/wp-json\/wp\/v2\/categories?post=565185"},{"taxonomy":"post_tag","embeddable":true,"href":"https:\/\/www.europesays.com\/fr\/wp-json\/wp\/v2\/tags?post=565185"}],"curies":[{"name":"wp","href":"https:\/\/api.w.org\/{rel}","templated":true}]}}