{"id":565197,"date":"2025-11-28T20:20:38","date_gmt":"2025-11-28T20:20:38","guid":{"rendered":"https:\/\/www.europesays.com\/fr\/565197\/"},"modified":"2025-11-28T20:20:38","modified_gmt":"2025-11-28T20:20:38","slug":"ollioules-nelken-les-oeillets-de-pina-bausch","status":"publish","type":"post","link":"https:\/\/www.europesays.com\/fr\/565197\/","title":{"rendered":"Ollioules : Nelken \u2014 Les \u0152illets de Pina Bausch"},"content":{"rendered":"<p>        <a href=\"https:\/\/www.tv83.info\/wp-content\/uploads\/2025\/11\/pina_bausch_1000_4.jpg\" data-caption=\"\" target=\"_blank\" rel=\"noopener\"><img loading=\"lazy\" decoding=\"async\" width=\"696\" height=\"464\" class=\"entry-thumb td-modal-image\" src=\"https:\/\/www.europesays.com\/fr\/wp-content\/uploads\/2025\/11\/pina_bausch_1000_4-696x464.jpg\"   alt=\"\" title=\"pina_bausch_1000_4\"\/><\/a><\/p>\n<p>Pina Bausch premier spectacle du Festival d\u2019\u00e9t\u00e9 de Ch\u00e2teauvallon 2026<\/p>\n<p>Toute l\u2019\u00e9quipe de la Sc\u00e8ne nationale est heureuse de vous d\u00e9voiler le premier spectacle du Festival d\u2019\u00e9t\u00e9 de Ch\u00e2teauvallon 2026 : Nelken \u2014 Les \u0152illets de Pina Bausch. Cet \u00e9v\u00e8nement d\u2019envergure nationale marquera une nouvelle \u00e9dition qui promet, une fois encore, des soir\u00e9es exceptionnelles sous les \u00e9toiles.<\/p>\n<p>Nelken \u2014 Les \u0152illets<br \/>PINA BAUSCH<br \/>Tanztheater Wuppertal<\/p>\n<p><strong>du Jeudi 9 au Dimanche 12 juillet <\/strong>\u00e0 22h<\/p>\n<p>Imaginez l\u2019Amphith\u00e9\u00e2tre de Ch\u00e2teauvallon m\u00e9tamorphos\u00e9 en un immense parterre de 8 700 \u0153illets roses. Un \u00e9crin d\u2019une beaut\u00e9 \u00e0 couper le souffle pour cette cr\u00e9ation immortelle de Pina Bausch o\u00f9 danse, chant et th\u00e9\u00e2tre se conjuguent dans une fresque d\u2019une puissance visuelle et \u00e9motionnelle in\u00e9gal\u00e9e.<br \/>Venez (re)d\u00e9couvrir Nelken, un rendez-vous exceptionnel dont la Sc\u00e8ne nationale accueille les seules dates fran\u00e7aises, dans le cadre du Festival d\u2019\u00e9t\u00e9 2026 !<\/p>\n<p>Plus qu\u2019une pi\u00e8ce, un jalon essentiel de l\u2019histoire de la danse contemporaine, Nelken reste l\u2019une des cr\u00e9ations les plus marquantes de Pina Bausch. La chor\u00e9graphe allemande y invente un langage unique o\u00f9 une vingtaine d\u2019interpr\u00e8tes virtuoses de son c\u00e9l\u00e8bre ballet, le Tanztheater Wuppertal, dansent sur un champ de milliers d\u2019\u0153illets.<\/p>\n<p>Avec panache, elles et ils interpr\u00e8tent une partition de gestes simples inspir\u00e9s du quotidien : un baiser, une parade, un souvenir d\u2019enfance\u2026 Des petits riens dans\u00e9s ou jou\u00e9s avec ironie et qui soul\u00e8vent avec justesse la fragilit\u00e9 de la vie. Tragique et tendre, cruelle et d\u00e9bordante d\u2019amour, une dualit\u00e9 bouleversante d\u2019o\u00f9 jaillit une humanit\u00e9 de chaque instant.<\/p>\n<p>\u2192 Ouverture de la billetterie : depuis le Mardi 25 novembre<\/p>\n<p><a href=\"https:\/\/www.restosducoeur.org\/associations-departementales\/les-restos-du-coeur-du-var\/\" target=\"_blank\" rel=\"noopener\"><img decoding=\"async\" style=\"height:70px;width:140px\" src=\"https:\/\/www.europesays.com\/fr\/wp-content\/uploads\/2025\/04\/restos-du-coeur.jpg\"\/><\/a>        <\/p>\n","protected":false},"excerpt":{"rendered":"Pina Bausch premier spectacle du Festival d\u2019\u00e9t\u00e9 de Ch\u00e2teauvallon 2026 Toute l\u2019\u00e9quipe de la Sc\u00e8ne nationale est heureuse&hellip;\n","protected":false},"author":2,"featured_media":565198,"comment_status":"","ping_status":"","sticky":false,"template":"","format":"standard","meta":{"footnotes":""},"categories":[9619],"tags":[1111,11,1777,674,1011,27,12,882,25,2310],"class_list":{"0":"post-565197","1":"post","2":"type-post","3":"status-publish","4":"format-standard","5":"has-post-thumbnail","7":"category-toulon","8":"tag-actu","9":"tag-actualites","10":"tag-eu","11":"tag-europe","12":"tag-fr","13":"tag-france","14":"tag-news","15":"tag-provence-alpes-cote-dazur","16":"tag-republique-francaise","17":"tag-toulon"},"share_on_mastodon":{"url":"https:\/\/pubeurope.com\/@fr\/115629185118095767","error":""},"_links":{"self":[{"href":"https:\/\/www.europesays.com\/fr\/wp-json\/wp\/v2\/posts\/565197","targetHints":{"allow":["GET"]}}],"collection":[{"href":"https:\/\/www.europesays.com\/fr\/wp-json\/wp\/v2\/posts"}],"about":[{"href":"https:\/\/www.europesays.com\/fr\/wp-json\/wp\/v2\/types\/post"}],"author":[{"embeddable":true,"href":"https:\/\/www.europesays.com\/fr\/wp-json\/wp\/v2\/users\/2"}],"replies":[{"embeddable":true,"href":"https:\/\/www.europesays.com\/fr\/wp-json\/wp\/v2\/comments?post=565197"}],"version-history":[{"count":0,"href":"https:\/\/www.europesays.com\/fr\/wp-json\/wp\/v2\/posts\/565197\/revisions"}],"wp:featuredmedia":[{"embeddable":true,"href":"https:\/\/www.europesays.com\/fr\/wp-json\/wp\/v2\/media\/565198"}],"wp:attachment":[{"href":"https:\/\/www.europesays.com\/fr\/wp-json\/wp\/v2\/media?parent=565197"}],"wp:term":[{"taxonomy":"category","embeddable":true,"href":"https:\/\/www.europesays.com\/fr\/wp-json\/wp\/v2\/categories?post=565197"},{"taxonomy":"post_tag","embeddable":true,"href":"https:\/\/www.europesays.com\/fr\/wp-json\/wp\/v2\/tags?post=565197"}],"curies":[{"name":"wp","href":"https:\/\/api.w.org\/{rel}","templated":true}]}}