{"id":565214,"date":"2025-11-28T20:29:17","date_gmt":"2025-11-28T20:29:17","guid":{"rendered":"https:\/\/www.europesays.com\/fr\/565214\/"},"modified":"2025-11-28T20:29:17","modified_gmt":"2025-11-28T20:29:17","slug":"que-faire-a-rennes-ce-week-end-5","status":"publish","type":"post","link":"https:\/\/www.europesays.com\/fr\/565214\/","title":{"rendered":"que faire \u00e0 Rennes ce week-end ?"},"content":{"rendered":"<p>\n            Publi\u00e9 le 28-11-2025 \u00e0 14:24        <\/p>\n<p>            <img decoding=\"async\" class=\"page_photo\" src=\"https:\/\/www.rennes-scope.com\/photos\/cinema-musique-expos-que-faire-a-rennes-ce-week-end-du-28-au-30-novembre-2025.webp\" alt=\"Cin\u00e9ma, musique, expos : que faire \u00e0 Rennes ce week-end du 28 au 30 novembre 2025 ?\" loading=\"lazy\"\/><\/p>\n<p>Cr\u00e9dit : Pexels<\/p>\n<p>Le cin\u00e9ma Path\u00e9 de Rennes propose le film L&rsquo;Affaire Bojarski \u00bb en avant-premi\u00e8re ce vendredi 28 novembre 2025.<\/p>\n<p>\n                                D\u00e9couvrez que faire \u00e0 Rennes ce week-end du 28 au 30 novembre 2025 : cin\u00e9ma, humour, concerts, expositions et \u00e9v\u00e9nements gourmands. Retrouvez notre s\u00e9lection d\u2019activit\u00e9s culturelles et sorties originales pour profiter pleinement de Rennes en famille, entre amis ou en solo.            <\/p>\n<p>Rennes continue de vibrer en cette fin novembre, proposant <b>une multitude de sorties pour tous les go\u00fbts<\/b>. Que vous soyez amateur de cin\u00e9ma, fan d&rsquo;humour, curieux d&rsquo;art ou passionn\u00e9 de musique, la capitale bretonne offre ce week-end une programmation vari\u00e9e et accessible. Entre spectacles, concerts, expositions et \u00e9v\u00e9nements festifs, chacun pourra trouver son activit\u00e9 id\u00e9ale. Voici notre s\u00e9lection.<\/p>\n<p>        Avant-premi\u00e8re exceptionnelle au cin\u00e9ma Path\u00e9<\/p>\n<p>Le week-end commence d\u00e8s vendredi 28 novembre avec un rendez-vous exceptionnel pour les cin\u00e9philes. Le cin\u00e9ma Path\u00e9 sur l&rsquo;esplanade Charles-de-Gaulle accueillera \u00e0 19h <b>l&rsquo;avant-premi\u00e8re du film \u00ab L&rsquo;Affaire Bojarski \u00bb<\/b>, r\u00e9alis\u00e9 par Jean-Paul Salom\u00e9 avec Reda Kateb, Sara Giraudeau et Bastien Bouillon. Le film raconte l&rsquo;histoire de Jan Bojarski, jeune ing\u00e9nieur polonais r\u00e9fugi\u00e9 en France pendant la guerre, qui utilise ses talents pour fabriquer de faux papiers et se retrouve apr\u00e8s la guerre plong\u00e9 dans une double vie. Une id\u00e9e de sortie unique, id\u00e9ale pour d\u00e9couvrir un r\u00e9cit captivant et <b>rencontrer le r\u00e9alisateur du film<\/b> qui sera pr\u00e9sent \u00e0 Rennes avant sa sortie officielle. Une belle occasion de combiner cin\u00e9ma et immersion culturelle dans l&rsquo;histoire.&#13;<br \/>\n&#13;\n<\/p>\n<ul>&#13;<\/p>\n<li><b>Lieu : <\/b>Cin\u00e9ma Path\u00e9, esplanade Charles-de-Gaulle \u00e0 Rennes<\/li>\n<p>&#13;<\/p>\n<li><b>Date : <\/b>Vendredi 28 novembre 2025 \u00e0 19h<\/li>\n<p>&#13;<\/p>\n<li><b>Acc\u00e8s : <\/b>M\u00e9tro Charles de Gaulle sur la ligne A, Gares sur la ligne B<\/li>\n<p>&#13;\n<\/ul>\n<blockquote class=\"instagram-media\" data-instgrm-captioned=\"\" data-instgrm-permalink=\"https:\/\/www.instagram.com\/p\/DRPuLWhDbQB\/?utm_source=ig_embed&amp;utm_campaign=loading\" data-instgrm-version=\"14\" style=\" background:#FFF; border:0; border-radius:3px; box-shadow:0 0 1px 0 rgba(0,0,0,0.5),0 1px 10px 0 rgba(0,0,0,0.15); margin: 1px; max-width:540px; min-width:326px; padding:0; width:99.375%; width:-webkit-calc(100% - 2px); width:calc(100% - 2px);\"\/><p>&#13;<br \/>\nUne soir\u00e9e d&rsquo;humour avec Manu Payet<\/p>\n<p>Samedi 29 novembre, Le Libert\u00e9 accueille le spectacle  \u00ab Emmanuel 2 \u00bb de Manu Payet. Apr\u00e8s trois mois complets au Th\u00e9\u00e2tre de l&rsquo;\u0152uvre \u00e0 Paris, deux semaines au Th\u00e9\u00e2tre de La Madeleine et un show unique \u00e0 guichets ferm\u00e9s \u00e0 l&rsquo;Olympia, Manu Payet est en tourn\u00e9e dans toute la France. Dans ce nouveau spectacle, <b>il se d\u00e9voile avec humour et simplicit\u00e9<\/b>, racontant le quotidien de son r\u00f4le de  \u00ab Papa Boomer \u00bb : baisser le son de sa radio avant de faire un cr\u00e9neau ou rappeler \u00e0 sa fille de mettre ses chaussons. Fid\u00e8le \u00e0 son style, Manu Payet cr\u00e9e une atmosph\u00e8re conviviale et d\u00e9tendue, <b>donnant l&rsquo;impression de passer la soir\u00e9e entre amis<\/b>. &#13;<br \/>\n&#13;\n<\/p>\n<ul>&#13;<\/p>\n<li><b>Lieu : <\/b>Le Libert\u00e9, esplanade Charles-de-Gaulle \u00e0 Rennes<\/li>\n<p>&#13;<\/p>\n<li><b>Date : <\/b>Samedi 29 novembre 2025 \u00e0 20h<\/li>\n<p>&#13;<\/p>\n<li><b>Acc\u00e8s : <\/b>M\u00e9tro Charles de Gaulle sur la ligne A, Gares sur la ligne B<\/li>\n<p>&#13;\n<\/ul>\n<blockquote class=\"instagram-media\" data-instgrm-captioned=\"\" data-instgrm-permalink=\"https:\/\/www.instagram.com\/p\/DLIIhYKoKDH\/?utm_source=ig_embed&amp;utm_campaign=loading\" data-instgrm-version=\"14\" style=\" background:#FFF; border:0; border-radius:3px; box-shadow:0 0 1px 0 rgba(0,0,0,0.5),0 1px 10px 0 rgba(0,0,0,0.15); margin: 1px; max-width:540px; min-width:326px; padding:0; width:99.375%; width:-webkit-calc(100% - 2px); width:calc(100% - 2px);\"\/><p>&#13;<br \/>\nCarte Blanche \u00e0 l\u2019Imprimerie Nocturne au Grand Huit : 10 ans de cr\u00e9ativit\u00e9<\/p>\n<p>Samedi 29 novembre, <b>L\u2019imprimerie Nocturne<\/b> f\u00eate ses dix ans <b>au Grand Huit<\/b> avec une journ\u00e9e riche en d\u00e9couvertes et animations. D\u00e8s 14h30, les visiteurs pourront participer \u00e0 un jeu de piste, un safari Polaro\u00efd, explorer le kiosque \u00e0 papier ou s\u2019essayer \u00e0 des activit\u00e9s cr\u00e9atives et d\u2019impression. La soir\u00e9e proposera e spectacle <b>\u00ab La Loge \u00bb par Shirley Van Mac Beal<\/b>, des performances de Fond Perdu et des interm\u00e8des musicaux avec DJ Goofa. Une sortie id\u00e9ale pour tous ceux qui souhaitent d\u00e9couvrir art, performance et cr\u00e9ativit\u00e9 \u00e0 Rennes dans une ambiance conviviale.&#13;<br \/>\n&#13;\n<\/p>\n<ul>&#13;<\/p>\n<li><b>Lieu : <\/b>Le Grand Huit, 20 Rue Pierre Martin \u00e0 Rennes<\/li>\n<p>&#13;<\/p>\n<li><b>Date : <\/b>Samedi 29 novembre 2025 \u00e0 partir de 14h30<\/li>\n<p>&#13;<\/p>\n<li><b>Acc\u00e8s : <\/b>M\u00e9tro Gares sur les lignes A et B<\/li>\n<p>&#13;\n<\/ul>\n<blockquote class=\"instagram-media\" data-instgrm-captioned=\"\" data-instgrm-permalink=\"https:\/\/www.instagram.com\/p\/DRc67gdFYsc\/?utm_source=ig_embed&amp;utm_campaign=loading\" data-instgrm-version=\"14\" style=\" background:#FFF; border:0; border-radius:3px; box-shadow:0 0 1px 0 rgba(0,0,0,0.5),0 1px 10px 0 rgba(0,0,0,0.15); margin: 1px; max-width:540px; min-width:326px; padding:0; width:99.375%; width:-webkit-calc(100% - 2px); width:calc(100% - 2px);\"\/><p>&#13;<br \/>\nFest&rsquo;hiver \u00e0 l&rsquo;Antipode : un dimanche convivial et cr\u00e9atif<\/p>\n<p>Dimanche 30 novembre, l&rsquo;Antipode invite \u00e0 un mini-festival familial et convivial avec Fest&rsquo;hiver. De 14h \u00e0 19h, petits et grands pourront profiter <b>d&rsquo;ateliers de danse K-pop<\/b>, d&rsquo;un atelier participatif autour d&rsquo;un V\u00e9lo Smoothie, d&rsquo;ateliers cr\u00e9atifs, d&rsquo;un spectacle et de lectures. La journ\u00e9e inclut \u00e9galement un go\u00fbter, un coin Chill pour se d\u00e9tendre, un concours et un quiz musical pour cl\u00f4turer cette belle journ\u00e9e. <b>L&rsquo;\u00e9v\u00e9nement est gratuit<\/b> et ouvert \u00e0 tous, avec ateliers sur inscription. La biblioth\u00e8que Antipode sera accessible de 14h \u00e0 18h pour prolonger l&rsquo;exp\u00e9rience. Un programme id\u00e9al pour ceux qui cherchent une sortie culturelle et familiale \u00e0 Rennes ce week-end.&#13;<br \/>\n&#13;\n<\/p>\n<ul>&#13;<\/p>\n<li><b>Lieu : <\/b>L&rsquo;Antipode, 75 avenue Jules Maniez \u00e0 Rennes<\/li>\n<p>&#13;<\/p>\n<li><b>Date : <\/b>Dimanche 30 novembre 2025 \u00e0 partir de 14h<\/li>\n<p>&#13;<\/p>\n<li><b>Acc\u00e8s : <\/b>M\u00e9tro La Courrouze sur la lignes B<\/li>\n<p>&#13;\n<\/ul>\n<p>La F\u00eate du Miel : gourmandise, conf\u00e9rences et activit\u00e9s pour tous<\/p>\n<p>Toujours dimanche, la <b>F\u00eate du Miel 2025<\/b> se tient \u00e0 la Halle Martenot, organis\u00e9e par l&rsquo;Association Les Miels de Bretagne. Adapt\u00e9e aux enfants et aux passionn\u00e9s d&rsquo;apiculture, cette troisi\u00e8me \u00e9dition propose un programme complet de 10h \u00e0 18h, avec une <b>grande vente de miels bretons<\/b>, conf\u00e9rences, ateliers culinaires et activit\u00e9s pour enfants. Les visiteurs pourront d\u00e9couvrir la diversit\u00e9 des miels locaux et participer \u00e0 des animations p\u00e9dagogiques et ludiques. L&rsquo;\u00e9v\u00e9nement gratuit et familial offre une exp\u00e9rience originale m\u00ealant gourmandise, tradition et savoir-faire local.&#13;<br \/>\n&#13;\n<\/p>\n<ul>&#13;<\/p>\n<li><b>Lieu : <\/b>Halle Martenot, place des Lices \u00e0 Rennes<\/li>\n<p>&#13;<\/p>\n<li><b>Date : <\/b>Dimanche 30 novembre 2025 de 10h \u00e0 18h<\/li>\n<p>&#13;<\/p>\n<li><b>Acc\u00e8s : <\/b>M\u00e9tro Sainte-Anne sur les lignes A et B<\/li>\n<p>&#13;\n<\/ul>\n<p>Exposition Elles. Leurs droits, notre histoire<\/p>\n<p>Pour enrichir le week-end par une exp\u00e9rience culturelle et \u00e9ducative, l&rsquo;exposition \u00ab <b>Elles. Leurs droits, notre histoire<\/b> \u00bb sera exceptionnellement ouverte ce dimanche 30 novembre aux <b>Archives d\u00e9partementales d&rsquo;Ille-et-Vilaine<\/b>. Cette exposition retrace l&rsquo;\u00e9mancipation des femmes au 19\u00e8me et 20\u00e8me si\u00e8cle et propose des visites comment\u00e9es \u00e0 15h et 16h30. Une sortie qui combine patrimoine, histoire et r\u00e9flexion.&#13;<br \/>\n&#13;\n<\/p>\n<ul>&#13;<\/p>\n<li><b>Lieu : <\/b>Archives d\u00e9partementales d&rsquo;Ille-et-Vilaine, 1 rue Jacques L\u00e9onard \u00e0 Rennes<\/li>\n<p>&#13;<\/p>\n<li><b>Date : <\/b>Dimanche 30 novembre 2025<\/li>\n<p>&#13;<\/p>\n<li><b>Acc\u00e8s : <\/b>Bus ligne C4 arr\u00eat D\u00e9partement 35<\/li>\n<p>&#13;\n<\/ul>\n<blockquote class=\"instagram-media\" data-instgrm-captioned=\"\" data-instgrm-permalink=\"https:\/\/www.instagram.com\/p\/DRhX5XPkQeF\/?utm_source=ig_embed&amp;utm_campaign=loading\" data-instgrm-version=\"14\" style=\" background:#FFF; border:0; border-radius:3px; box-shadow:0 0 1px 0 rgba(0,0,0,0.5),0 1px 10px 0 rgba(0,0,0,0.15); margin: 1px; max-width:540px; min-width:326px; padding:0; width:99.375%; width:-webkit-calc(100% - 2px); width:calc(100% - 2px);\"\/><p>&#13;<br \/>\nProfitez pleinement de Rennes ce week-end<\/p>\n<p>Entre cin\u00e9ma, humour, musique, expositions et \u00e9v\u00e9nements gourmands, Rennes offre <b>un large choix de sorties pour ce week-end<\/b>. Que vous soyez en famille, entre amis ou en solo, la ville propose de nombreuses <b>activit\u00e9s culturelles et festives<\/b> pour tous les go\u00fbts et tous les \u00e2ges.<\/p>\n<p>                A lire aussi<\/p>\n<p>        <a href=\"https:\/\/www.rennes-scope.com\/articles-tag.php?nom=sortie\" target=\"_blank\" rel=\"noopener\"><\/p>\n<p>sortie<\/p>\n<p><\/a><a href=\"https:\/\/www.rennes-scope.com\/articles-tag.php?nom=week-end\" target=\"_blank\" rel=\"noopener\"><\/p>\n<p>week-end<\/p>\n<p><\/a><a href=\"https:\/\/www.rennes-scope.com\/articles-tag.php?nom=culture\" target=\"_blank\" rel=\"noopener\"><\/p>\n<p>culture<\/p>\n<p><\/a><br \/>\n    <script async src=\"\/\/www.instagram.com\/embed.js\"><\/script><\/p>\n","protected":false},"excerpt":{"rendered":"Publi\u00e9 le 28-11-2025 \u00e0 14:24 Cr\u00e9dit : Pexels Le cin\u00e9ma Path\u00e9 de Rennes propose le film L&rsquo;Affaire Bojarski&hellip;\n","protected":false},"author":2,"featured_media":565215,"comment_status":"","ping_status":"","sticky":false,"template":"","format":"standard","meta":{"footnotes":""},"categories":[2821],"tags":[1111,11,829,1777,674,1011,27,12,584,25],"class_list":{"0":"post-565214","1":"post","2":"type-post","3":"status-publish","4":"format-standard","5":"has-post-thumbnail","7":"category-rennes","8":"tag-actu","9":"tag-actualites","10":"tag-bretagne","11":"tag-eu","12":"tag-europe","13":"tag-fr","14":"tag-france","15":"tag-news","16":"tag-rennes","17":"tag-republique-francaise"},"share_on_mastodon":{"url":"https:\/\/pubeurope.com\/@fr\/115629220679205658","error":""},"_links":{"self":[{"href":"https:\/\/www.europesays.com\/fr\/wp-json\/wp\/v2\/posts\/565214","targetHints":{"allow":["GET"]}}],"collection":[{"href":"https:\/\/www.europesays.com\/fr\/wp-json\/wp\/v2\/posts"}],"about":[{"href":"https:\/\/www.europesays.com\/fr\/wp-json\/wp\/v2\/types\/post"}],"author":[{"embeddable":true,"href":"https:\/\/www.europesays.com\/fr\/wp-json\/wp\/v2\/users\/2"}],"replies":[{"embeddable":true,"href":"https:\/\/www.europesays.com\/fr\/wp-json\/wp\/v2\/comments?post=565214"}],"version-history":[{"count":0,"href":"https:\/\/www.europesays.com\/fr\/wp-json\/wp\/v2\/posts\/565214\/revisions"}],"wp:featuredmedia":[{"embeddable":true,"href":"https:\/\/www.europesays.com\/fr\/wp-json\/wp\/v2\/media\/565215"}],"wp:attachment":[{"href":"https:\/\/www.europesays.com\/fr\/wp-json\/wp\/v2\/media?parent=565214"}],"wp:term":[{"taxonomy":"category","embeddable":true,"href":"https:\/\/www.europesays.com\/fr\/wp-json\/wp\/v2\/categories?post=565214"},{"taxonomy":"post_tag","embeddable":true,"href":"https:\/\/www.europesays.com\/fr\/wp-json\/wp\/v2\/tags?post=565214"}],"curies":[{"name":"wp","href":"https:\/\/api.w.org\/{rel}","templated":true}]}}