{"id":565216,"date":"2025-11-28T20:30:20","date_gmt":"2025-11-28T20:30:20","guid":{"rendered":"https:\/\/www.europesays.com\/fr\/565216\/"},"modified":"2025-11-28T20:30:20","modified_gmt":"2025-11-28T20:30:20","slug":"strasbourg-chocolat-biere-the-dix-calendriers-de-lavent-strasbourgeois-pour-enchanter-vos-papilles","status":"publish","type":"post","link":"https:\/\/www.europesays.com\/fr\/565216\/","title":{"rendered":"Strasbourg. Chocolat, bi\u00e8re, th\u00e9&#8230; dix calendriers de l\u2019avent strasbourgeois pour enchanter vos papilles"},"content":{"rendered":"<p>                            Les calendriers aux chocolats\u00a0: Stoffel, Racing, Erithaj, Christian\u2026<\/p>\n<p>Le grand classique du calendrier, c\u2019est celui au chocolat. Mais parmi la foule d\u2019offres, encore faut-il en trouver un qui s\u00e9duit autant nos yeux que nos papilles. Parce que oui, il va tr\u00f4ner dans votre salon pendant plus de trois semaines.<\/p>\n<p>Si vous cherchez donc un calendrier particuli\u00e8rement esth\u00e9tique, on vous conseille celui du chocolatier Daniel Stoffel (nouvellement install\u00e9 rue de la M\u00e9sange) r\u00e9alis\u00e9 en collaboration avec Jeannala &amp; Seppala. Vous y trouverez un couple d\u2019Alsaciens heureux de poser devant une cath\u00e9drale stylis\u00e9e (16,90\u00a0\u20ac).<\/p>\n<p>Autre style, mais tout aussi&#8230;<\/p>\n","protected":false},"excerpt":{"rendered":"Les calendriers aux chocolats\u00a0: Stoffel, Racing, Erithaj, Christian\u2026 Le grand classique du calendrier, c\u2019est celui au chocolat. Mais&hellip;\n","protected":false},"author":2,"featured_media":565217,"comment_status":"","ping_status":"","sticky":false,"template":"","format":"standard","meta":{"footnotes":""},"categories":[2820],"tags":[1111,11,4406,130,33,2880,1777,674,107,1011,27,775,12,15830,25,640,2879],"class_list":{"0":"post-565216","1":"post","2":"type-post","3":"status-publish","4":"format-standard","5":"has-post-thumbnail","7":"category-strasbourg","8":"tag-actu","9":"tag-actualites","10":"tag-commerce-et-services","11":"tag-consommation","12":"tag-economie","13":"tag-edition-strasbourg","14":"tag-eu","15":"tag-europe","16":"tag-fil-info","17":"tag-fr","18":"tag-france","19":"tag-grand-est","20":"tag-news","21":"tag-noel","22":"tag-republique-francaise","23":"tag-strasbourg","24":"tag-strasbourg-ville"},"share_on_mastodon":{"url":"https:\/\/pubeurope.com\/@fr\/115629223001535075","error":""},"_links":{"self":[{"href":"https:\/\/www.europesays.com\/fr\/wp-json\/wp\/v2\/posts\/565216","targetHints":{"allow":["GET"]}}],"collection":[{"href":"https:\/\/www.europesays.com\/fr\/wp-json\/wp\/v2\/posts"}],"about":[{"href":"https:\/\/www.europesays.com\/fr\/wp-json\/wp\/v2\/types\/post"}],"author":[{"embeddable":true,"href":"https:\/\/www.europesays.com\/fr\/wp-json\/wp\/v2\/users\/2"}],"replies":[{"embeddable":true,"href":"https:\/\/www.europesays.com\/fr\/wp-json\/wp\/v2\/comments?post=565216"}],"version-history":[{"count":0,"href":"https:\/\/www.europesays.com\/fr\/wp-json\/wp\/v2\/posts\/565216\/revisions"}],"wp:featuredmedia":[{"embeddable":true,"href":"https:\/\/www.europesays.com\/fr\/wp-json\/wp\/v2\/media\/565217"}],"wp:attachment":[{"href":"https:\/\/www.europesays.com\/fr\/wp-json\/wp\/v2\/media?parent=565216"}],"wp:term":[{"taxonomy":"category","embeddable":true,"href":"https:\/\/www.europesays.com\/fr\/wp-json\/wp\/v2\/categories?post=565216"},{"taxonomy":"post_tag","embeddable":true,"href":"https:\/\/www.europesays.com\/fr\/wp-json\/wp\/v2\/tags?post=565216"}],"curies":[{"name":"wp","href":"https:\/\/api.w.org\/{rel}","templated":true}]}}