{"id":565226,"date":"2025-11-28T20:36:14","date_gmt":"2025-11-28T20:36:14","guid":{"rendered":"https:\/\/www.europesays.com\/fr\/565226\/"},"modified":"2025-11-28T20:36:14","modified_gmt":"2025-11-28T20:36:14","slug":"salaire-combien-gagne-luis-castro-avec-le-fc-nantes","status":"publish","type":"post","link":"https:\/\/www.europesays.com\/fr\/565226\/","title":{"rendered":"Salaire. Combien gagne Luis Castro avec le FC Nantes ?"},"content":{"rendered":"<p><img fetchpriority=\"high\" decoding=\"async\" width=\"620\" height=\"413\" src=\"https:\/\/www.europesays.com\/fr\/wp-content\/uploads\/2025\/11\/Luis-Castro-620x413.jpg\" alt=\"\" class=\"wp-image-386642\"  \/>Luis Castro connait des d\u00e9buts un peu compliqu\u00e9s avec le FC Nantes.<\/p>\n<p>Jusqu\u2019ici la marche est haute pour Luis Castro avec le <a href=\"https:\/\/sportune.20minutes.fr\/fc-nantes\" target=\"_blank\" rel=\"noopener\">FC Nantes<\/a>. Le technicien portugais de 45 ans est pass\u00e9, avec l\u2019<a href=\"https:\/\/sportune.20minutes.fr\/usl-dunkerque\" target=\"_blank\" rel=\"noopener\">USL Dunkerque<\/a>, de la gestion d\u2019un effectif qui jouait les premiers r\u00f4les en <a href=\"https:\/\/sportune.20minutes.fr\/ligue-2-l2\" target=\"_blank\" rel=\"noopener\">Ligue 2<\/a>, \u00e0 l\u2019\u00e9lite du football fran\u00e7ais et l\u2019un de ses clubs phares, qui \u00e9prouve depuis quelques saisons des difficult\u00e9s \u00e0 garder sa place en <a href=\"https:\/\/sportune.20minutes.fr\/ligue-1-l1\" target=\"_blank\" rel=\"noopener\">Ligue 1<\/a>.<\/p>\n<p>Au cr\u00e9dit de Luis Castro, il n\u2019a pas \u00e9t\u00e9 beaucoup aid\u00e9 par la p\u00e9riode estivale et son jeu du march\u00e9 des transferts. Forc\u00e9 de s\u2019adapter aux circonstances \u00e9conomiques incertaines avec la baisse des droits de la TV, le club nantais a c\u00e9d\u00e9 beaucoup de ses cadres et ses renforts ne donnent pas en retour, les performances escompt\u00e9es. En cons\u00e9quence, le <a href=\"https:\/\/sportune.20minutes.fr\/fc-nantes\" target=\"_blank\" rel=\"noopener\">FC Nantes<\/a> joue \u00e0 presque mi-saison, dans le championnat des clubs qui tremblent pour leur maintien.<\/p>\n<p>Sous contrat jusqu\u2019en 2027 avec le FC Nantes<\/p>\n<p>Castro s\u2019est engag\u00e9 sur deux ans, avec un salaire mensuel estim\u00e9 \u00e0 90 000 euros bruts, dans la proche lign\u00e9e de ses pr\u00e9d\u00e9cesseurs au r\u00f4le. Mais il n\u2019est pas sans ignorer qu\u2019au <a href=\"https:\/\/sportune.20minutes.fr\/fc-nantes\" target=\"_blank\" rel=\"noopener\">FC Nantes<\/a>, les entra\u00eeneurs ont, peut-\u00eatre plus que dans la majorit\u00e9 des autres clubs, une esp\u00e9rance de vie en poste relativement courte. S\u2019il ne faut jurer de rien sur la patience de l\u2019actionnaire, il semble toutefois probable \u00e0 ce stade de la saison, qu\u2019il passera, sinon l\u2019hiver, au moins la prochaine phase du mercato. Et qu\u2019il obtiendra tout aussi probablement des renforts pour soutenir son travail. <\/p>\n<p>Le salaire de Luis Castro avec le FC Nantes<\/p>\n<p><strong>Annuel :<\/strong> 1 080 000 \u20ac<br \/><strong>Mensuel :<\/strong> 90 000 \u20ac<br \/><strong>Hebdomadaire :<\/strong> 20 769 \u20ac<br \/><strong>Quotidien :<\/strong> 2 959 \u20ac<br \/><strong>Fin de contrat :<\/strong> 2027<\/p>\n","protected":false},"excerpt":{"rendered":"Luis Castro connait des d\u00e9buts un peu compliqu\u00e9s avec le FC Nantes. Jusqu\u2019ici la marche est haute pour&hellip;\n","protected":false},"author":2,"featured_media":565227,"comment_status":"","ping_status":"","sticky":false,"template":"","format":"standard","meta":{"footnotes":""},"categories":[2818],"tags":[1111,11,1777,674,462,1011,27,766,12,2636,25,11254,969],"class_list":{"0":"post-565226","1":"post","2":"type-post","3":"status-publish","4":"format-standard","5":"has-post-thumbnail","7":"category-nantes","8":"tag-actu","9":"tag-actualites","10":"tag-eu","11":"tag-europe","12":"tag-fc-nantes","13":"tag-fr","14":"tag-france","15":"tag-nantes","16":"tag-news","17":"tag-pays-de-la-loire","18":"tag-republique-francaise","19":"tag-salaires","20":"tag-transfert"},"share_on_mastodon":{"url":"https:\/\/pubeurope.com\/@fr\/115629247724990069","error":""},"_links":{"self":[{"href":"https:\/\/www.europesays.com\/fr\/wp-json\/wp\/v2\/posts\/565226","targetHints":{"allow":["GET"]}}],"collection":[{"href":"https:\/\/www.europesays.com\/fr\/wp-json\/wp\/v2\/posts"}],"about":[{"href":"https:\/\/www.europesays.com\/fr\/wp-json\/wp\/v2\/types\/post"}],"author":[{"embeddable":true,"href":"https:\/\/www.europesays.com\/fr\/wp-json\/wp\/v2\/users\/2"}],"replies":[{"embeddable":true,"href":"https:\/\/www.europesays.com\/fr\/wp-json\/wp\/v2\/comments?post=565226"}],"version-history":[{"count":0,"href":"https:\/\/www.europesays.com\/fr\/wp-json\/wp\/v2\/posts\/565226\/revisions"}],"wp:featuredmedia":[{"embeddable":true,"href":"https:\/\/www.europesays.com\/fr\/wp-json\/wp\/v2\/media\/565227"}],"wp:attachment":[{"href":"https:\/\/www.europesays.com\/fr\/wp-json\/wp\/v2\/media?parent=565226"}],"wp:term":[{"taxonomy":"category","embeddable":true,"href":"https:\/\/www.europesays.com\/fr\/wp-json\/wp\/v2\/categories?post=565226"},{"taxonomy":"post_tag","embeddable":true,"href":"https:\/\/www.europesays.com\/fr\/wp-json\/wp\/v2\/tags?post=565226"}],"curies":[{"name":"wp","href":"https:\/\/api.w.org\/{rel}","templated":true}]}}