{"id":565270,"date":"2025-11-28T21:00:17","date_gmt":"2025-11-28T21:00:17","guid":{"rendered":"https:\/\/www.europesays.com\/fr\/565270\/"},"modified":"2025-11-28T21:00:17","modified_gmt":"2025-11-28T21:00:17","slug":"williams-f1-na-pas-eu-les-difficultes-attendues-au-qatar","status":"publish","type":"post","link":"https:\/\/www.europesays.com\/fr\/565270\/","title":{"rendered":"Williams F1 n&rsquo;a pas eu les &lsquo;difficult\u00e9s&rsquo; attendues au Qatar"},"content":{"rendered":"<p class=\"mt-5\">Williams F1 a sign\u00e9 un bon r\u00e9sultat d\u2019ensemble ce vendredi en Qualification Sprint au Grand Prix du Qatar. Carlos Sainz est huiti\u00e8me et ne s\u2019attendait pas \u00e0 atteindre la SQ3, mais admet que la FW47 est plus performante que pr\u00e9vu \u00e0 Losail.<\/p>\n<p class=\"mt-5\">Le pilote espagnol r\u00e9v\u00e8le que l\u2019\u00e9quipe avait tent\u00e9 des r\u00e9glages qui n\u2019avaient jamais \u00e9t\u00e9 test\u00e9s auparavant, et qui se sont av\u00e9r\u00e9s efficaces pour faire fonctionner la monoplace.<\/p>\n<p class=\"mt-5\">\u00ab\u00a0Ce fut une journ\u00e9e tr\u00e8s positive pour nous sur un circuit o\u00f9, sur le papier, nous aurions pu avoir des difficult\u00e9s. Nous avons opt\u00e9 pour des r\u00e9glages exp\u00e9rimentaux que nous n\u2019avions pas encore test\u00e9s cette ann\u00e9e, et cela semble avoir port\u00e9 ses fruits, donc j\u2019en suis ravi\u00a0\u00bb se f\u00e9licite Sainz.<\/p>\n<p class=\"mt-5\">\u00ab\u00a0C\u2019est encourageant de voir les deux voitures en SQ3 et, comme d\u2019habitude, notre voiture \u00e9tait plus performante avec les gommes dures. Il y avait moins d\u2019un dixi\u00e8me de seconde entre la quatri\u00e8me et la huiti\u00e8me place, alors nous verrons ce que nous pouvons faire demain en Sprint et plus tard en qualifications\u00a0!\u00a0\u00bb<\/p>\n<p class=\"mt-5\">Alex Albon a lui aussi atteint la SQ3, avec le dixi\u00e8me temps final lors de cette s\u00e9ance, et il est satisfait d\u2019avoir rapidement trouv\u00e9 du rythme, alors que l\u2019ex\u00e9cution de son tour rapide n\u2019a m\u00eame pas \u00e9t\u00e9 optimis\u00e9e.<\/p>\n<p class=\"mt-5\">\u00ab\u00a0Le d\u00e9but du week-end a \u00e9t\u00e9 meilleur que pr\u00e9vu. Nous n\u2019avons pas la voiture la plus rapide, mais nous sommes dans une position correcte apr\u00e8s une seule s\u00e9ance d\u2019essais libres aujourd\u2019hui avant les qualifications Sprint\u00a0\u00bb a d\u00e9clar\u00e9 le Tha\u00eflandais.<\/p>\n<p class=\"mt-5\">\u00ab\u00a0Nous sommes sortis du garage trop tard en SQ3, nous avons donc d\u00fb nous presser un peu pour boucler un tour rapide. Nous avons une voiture performante avant le Sprint et les qualifications, donc nous allons tout faire pour exploiter au maximum nos opportunit\u00e9s demain.\u00a0\u00bb<\/p>\n","protected":false},"excerpt":{"rendered":"Williams F1 a sign\u00e9 un bon r\u00e9sultat d\u2019ensemble ce vendredi en Qualification Sprint au Grand Prix du Qatar.&hellip;\n","protected":false},"author":2,"featured_media":565271,"comment_status":"","ping_status":"","sticky":false,"template":"","format":"standard","meta":{"footnotes":""},"categories":[1586],"tags":[11,1777,674,1779,1011,27,12,25,1778,364],"class_list":{"0":"post-565270","1":"post","2":"type-post","3":"status-publish","4":"format-standard","5":"has-post-thumbnail","7":"category-europe","8":"tag-actualites","9":"tag-eu","10":"tag-europe","11":"tag-european-union","12":"tag-fr","13":"tag-france","14":"tag-news","15":"tag-republique-francaise","16":"tag-ue","17":"tag-union-europeenne"},"share_on_mastodon":{"url":"https:\/\/pubeurope.com\/@fr\/115629340950627762","error":""},"_links":{"self":[{"href":"https:\/\/www.europesays.com\/fr\/wp-json\/wp\/v2\/posts\/565270","targetHints":{"allow":["GET"]}}],"collection":[{"href":"https:\/\/www.europesays.com\/fr\/wp-json\/wp\/v2\/posts"}],"about":[{"href":"https:\/\/www.europesays.com\/fr\/wp-json\/wp\/v2\/types\/post"}],"author":[{"embeddable":true,"href":"https:\/\/www.europesays.com\/fr\/wp-json\/wp\/v2\/users\/2"}],"replies":[{"embeddable":true,"href":"https:\/\/www.europesays.com\/fr\/wp-json\/wp\/v2\/comments?post=565270"}],"version-history":[{"count":0,"href":"https:\/\/www.europesays.com\/fr\/wp-json\/wp\/v2\/posts\/565270\/revisions"}],"wp:featuredmedia":[{"embeddable":true,"href":"https:\/\/www.europesays.com\/fr\/wp-json\/wp\/v2\/media\/565271"}],"wp:attachment":[{"href":"https:\/\/www.europesays.com\/fr\/wp-json\/wp\/v2\/media?parent=565270"}],"wp:term":[{"taxonomy":"category","embeddable":true,"href":"https:\/\/www.europesays.com\/fr\/wp-json\/wp\/v2\/categories?post=565270"},{"taxonomy":"post_tag","embeddable":true,"href":"https:\/\/www.europesays.com\/fr\/wp-json\/wp\/v2\/tags?post=565270"}],"curies":[{"name":"wp","href":"https:\/\/api.w.org\/{rel}","templated":true}]}}