{"id":565284,"date":"2025-11-28T21:08:20","date_gmt":"2025-11-28T21:08:20","guid":{"rendered":"https:\/\/www.europesays.com\/fr\/565284\/"},"modified":"2025-11-28T21:08:20","modified_gmt":"2025-11-28T21:08:20","slug":"wta-france-mathilde-johansson-cette-8eme-edition-des-trophees-du-tennis-feminin-a-livre-un-palmares-de-toute-beaute","status":"publish","type":"post","link":"https:\/\/www.europesays.com\/fr\/565284\/","title":{"rendered":"WTA, France > Mathilde Johansson : \u00ab\u00a0Cette 8\u00e8me \u00e9dition des Troph\u00e9es du Tennis F\u00e9minin a livr\u00e9 un palmar\u00e8s de toute beaut\u00e9\u00a0\u00bb"},"content":{"rendered":"<p>Hier soir, au salon d\u2019hon\u00adneur de Roland\u2010Garros, toute la famille du tennis f\u00e9minin s\u2019\u00e9tait r\u00e9unie pour la 8\u00e8me des Troph\u00e9es du Tennis F\u00e9minin.\u00a0<\/p>\n<p>Forc\u00e9ment \u201ala pr\u00e9sident de Pro Elle, le syndicat des joueuses profes\u00adsion\u00adnelles a ouvert les festivit\u00e9s.<\/p>\n<p><strong>\u00ab\u202fPlus les ann\u00e9es passent et plus cette soir\u00e9e devient un rendez\u2010vous incon\u00adtour\u00adnable. Cette ann\u00e9e marque un tour\u00adnant avec l\u2019ar\u00adriv\u00e9e d\u2019Engie comme parte\u00adnaire. C\u2019est une vraie fiert\u00e9 d\u2019ac\u00adcueillir Engie qui soutient le tennis f\u00e9minin depuis tr\u00e8s long\u00adtemps. Depuis quelques \u00e9ditions, on sent que notre d\u00e9marche est tota\u00adle\u00adment comprise et que cette remise des prix motive les joueurs, les direc\u00adteurs de tournoi et bien s\u00fbr les clubs\u202f\u00bb<\/strong> a d\u00e9clar\u00e9 Mathilde Johansson.<\/p>\n<p><strong>Le palmar\u00e8s 2025<\/strong><br \/>&gt;Prix Meilleure Performance WTA 2025\u00a0: Lois Boisson<br \/>&gt;Prix Meilleure Progression WTA 2025\u00a0: Sarah Rakotomanga<br \/>&gt;PRIX 186|Avocats du Meilleur Espoir F\u00e9minin U18 2025\u00a0: Ksenia Efremova<br \/>&gt;Classement CNGT 2025\u00a0:<br \/>1 \u00e8re place\u00a0: Mallaurie N\u00f6el \u2013 num\u00e9ro 37 fran\u00ad\u00e7aise<br \/>2 \u00e8me place\u00a0: Audrey Albie \u2013 num\u00e9ro 31 fran\u00ad\u00e7aise<br \/>3 \u00e8me place\u00a0: Pauline Payet \u2013 num\u00e9ro 36 fran\u00ad\u00e7aise<br \/>&gt;Prix Tournoi National F\u00e9minin 2025\u00a0: Iris Tennis Club Lambersart (HDF)<br \/>&gt;Prix FFT 2025 du Club au Service des Femmes\u00a0: Villiers le Bel (FFT)<br \/>&gt;Prix 2025 tournoi ITF W15&amp;35\u00a0: ITF W15 Cap d\u2019Agde<br \/>&gt;Prix 2025 tournoi ITF W50 &amp; +\u00a0: Ladies Open Calvi Eaux de Zilia, ITF W75 Calvi<br \/>&gt;Prix 2025 tournoi WTA\u00a0: Open Capfinances Rouen M\u00e9tropole, WTA250 Rouen<br \/>&gt;Prix Engie 2025 de la Bienveillance Sportive\u00a0: soci\u00e9t\u00e9 Babolat<br \/>&gt;Troph\u00e9e d\u2019honneur 2025\u00a0: Caroline Garcia<\/p>\n<p class=\"post-published-date\" style=\"color: silver; font-size: 75%; text-align: left;\">Publi\u00e9 le vendredi 28 novembre 2025 \u00e0 17:09<\/p>\n","protected":false},"excerpt":{"rendered":"Hier soir, au salon d\u2019hon\u00adneur de Roland\u2010Garros, toute la famille du tennis f\u00e9minin s\u2019\u00e9tait r\u00e9unie pour la 8\u00e8me&hellip;\n","protected":false},"author":2,"featured_media":565285,"comment_status":"","ping_status":"","sticky":false,"template":"","format":"standard","meta":{"footnotes":""},"categories":[1415],"tags":[1011,27,8002,60,1467],"class_list":{"0":"post-565284","1":"post","2":"type-post","3":"status-publish","4":"format-standard","5":"has-post-thumbnail","7":"category-tennis","8":"tag-fr","9":"tag-france","10":"tag-garcia","11":"tag-sports","12":"tag-tennis"},"share_on_mastodon":{"url":"https:\/\/pubeurope.com\/@fr\/115629372431834063","error":""},"_links":{"self":[{"href":"https:\/\/www.europesays.com\/fr\/wp-json\/wp\/v2\/posts\/565284","targetHints":{"allow":["GET"]}}],"collection":[{"href":"https:\/\/www.europesays.com\/fr\/wp-json\/wp\/v2\/posts"}],"about":[{"href":"https:\/\/www.europesays.com\/fr\/wp-json\/wp\/v2\/types\/post"}],"author":[{"embeddable":true,"href":"https:\/\/www.europesays.com\/fr\/wp-json\/wp\/v2\/users\/2"}],"replies":[{"embeddable":true,"href":"https:\/\/www.europesays.com\/fr\/wp-json\/wp\/v2\/comments?post=565284"}],"version-history":[{"count":0,"href":"https:\/\/www.europesays.com\/fr\/wp-json\/wp\/v2\/posts\/565284\/revisions"}],"wp:featuredmedia":[{"embeddable":true,"href":"https:\/\/www.europesays.com\/fr\/wp-json\/wp\/v2\/media\/565285"}],"wp:attachment":[{"href":"https:\/\/www.europesays.com\/fr\/wp-json\/wp\/v2\/media?parent=565284"}],"wp:term":[{"taxonomy":"category","embeddable":true,"href":"https:\/\/www.europesays.com\/fr\/wp-json\/wp\/v2\/categories?post=565284"},{"taxonomy":"post_tag","embeddable":true,"href":"https:\/\/www.europesays.com\/fr\/wp-json\/wp\/v2\/tags?post=565284"}],"curies":[{"name":"wp","href":"https:\/\/api.w.org\/{rel}","templated":true}]}}