{"id":565300,"date":"2025-11-28T21:21:26","date_gmt":"2025-11-28T21:21:26","guid":{"rendered":"https:\/\/www.europesays.com\/fr\/565300\/"},"modified":"2025-11-28T21:21:26","modified_gmt":"2025-11-28T21:21:26","slug":"largentine-confrontee-a-une-chute-historique-de-sa-couverture-vaccinale","status":"publish","type":"post","link":"https:\/\/www.europesays.com\/fr\/565300\/","title":{"rendered":"L\u2019Argentine confront\u00e9e \u00e0\u00a0une chute historique de\u00a0sa\u00a0couverture vaccinale"},"content":{"rendered":"<p>                     <img loading=\"lazy\" decoding=\"async\" src=\"https:\/\/www.europesays.com\/fr\/wp-content\/uploads\/2025\/11\/1ed6ca2_upload-1-0gikcnc0umki-000-68gw96d-1.jpg\" alt=\"Des citoyens et des professionnels de la sant\u00e9 lors d\u2019un rassemblement de soutien \u00e0 l\u2019h\u00f4pital public et contre la politique de sant\u00e9 du gouvernement du pr\u00e9sident Javier Milei, Buenos Aires, le 31\u00a0juillet 2025.\"   width=\"664\" height=\"443\"\/>    Des citoyens et des professionnels de la sant\u00e9 lors d\u2019un rassemblement de soutien \u00e0 l\u2019h\u00f4pital public et contre la politique de sant\u00e9 du gouvernement du pr\u00e9sident Javier Milei, Buenos Aires, le 31\u00a0juillet 2025.  JUAN MABROMATA \/ AFP                 <\/p>\n<p class=\"article__paragraph  \">Mont\u00e9e de la d\u00e9fiance, manque de p\u00e9dagogie de la part des pouvoirs publics\u2026 L\u2019Argentine conna\u00eet une chute historique de sa couverture vaccinale par rapport \u00e0 la p\u00e9riode pr\u00e9-Covid. Dans un pays dot\u00e9 de l\u2019un des calendriers de vaccination les plus complets d\u2019Am\u00e9rique du Sud, seulement 46,7\u00a0% de la population avait, par exemple, re\u00e7u en\u00a02024\u00a0la deuxi\u00e8me dose du vaccin contre la rougeole, soit pr\u00e8s de 37\u00a0points de moins qu\u2019en\u00a02019, <a href=\"https:\/\/www.argentina.gob.ar\/sites\/default\/files\/10-30-nacion-cnv_2024-10_09_2025_v2.pdf\" target=\"_blank\" rel=\"noopener\" title=\"Nouvelle fen\u00eatre\">selon les donn\u00e9es du minist\u00e8re de la sant\u00e9 diffus\u00e9es en septembre<\/a>.<\/p>\n<p class=\"article__paragraph  \">Moins d\u2019enfants ont re\u00e7u ces derni\u00e8res ann\u00e9es la \u00ab\u00a0triple dose bact\u00e9rienne acellulaire\u00a0\u00bb (dipht\u00e9rie, t\u00e9tanos, toux convulsive ou coqueluche) et dont l\u2019injection est pr\u00e9vue une seule fois, \u00e0 l\u2019\u00e2ge de 11\u00a0ans. De 80\u00a0% d\u2019une classe d\u2019\u00e2ge il y a cinq ans, sa couverture est pass\u00e9e \u00e0 54,1\u00a0% au niveau national. La dose de rappel de la poliomy\u00e9lite, requise \u00e0 l\u2019\u00e2ge de 5\u00a0ans, a plong\u00e9 de 84\u00a0% en\u00a02019 \u00e0 47,6\u00a0% cinq ans plus tard. Pour ce vaccin, la capitale, Buenos Aires, pr\u00e9sente une couverture particuli\u00e8rement basse, de 30\u00a0%.<\/p>\n<p class=\"article__paragraph  \">\u00ab\u00a0Aucun des vaccins analys\u00e9s n\u2019atteint l\u2019objectif de 95\u00a0%, \u00e9tabli pour assurer l\u2019immunit\u00e9 collective\u00a0\u00bb, s\u2019est alarm\u00e9 la Soci\u00e9t\u00e9 argentine de p\u00e9diatrie (SAP) dans un communiqu\u00e9, publi\u00e9 \u00e0 la mi-novembre. \u00ab\u00a0Pire encore, [la couverture de] diff\u00e9rentes doses strat\u00e9giques se situe en dessous de 50\u00a0%\u00a0\u00bb, poursuit le communiqu\u00e9, citant le cas de la rougeole, de la rub\u00e9ole et des oreillons, ainsi que de la poliomy\u00e9lite.<\/p>\n<p class=\"reading-mode-only \"><strong>Il vous reste 69.63% de cet article \u00e0 lire. La suite est r\u00e9serv\u00e9e aux abonn\u00e9s.<\/strong><\/p>\n","protected":false},"excerpt":{"rendered":"Des citoyens et des professionnels de la sant\u00e9 lors d\u2019un rassemblement de soutien \u00e0 l\u2019h\u00f4pital public et contre&hellip;\n","protected":false},"author":2,"featured_media":565301,"comment_status":"","ping_status":"","sticky":false,"template":"","format":"standard","meta":{"footnotes":""},"categories":[10],"tags":[1011,27,72,71],"class_list":{"0":"post-565300","1":"post","2":"type-post","3":"status-publish","4":"format-standard","5":"has-post-thumbnail","7":"category-sante","8":"tag-fr","9":"tag-france","10":"tag-health","11":"tag-sante"},"share_on_mastodon":{"url":"https:\/\/pubeurope.com\/@fr\/115629424286830416","error":""},"_links":{"self":[{"href":"https:\/\/www.europesays.com\/fr\/wp-json\/wp\/v2\/posts\/565300","targetHints":{"allow":["GET"]}}],"collection":[{"href":"https:\/\/www.europesays.com\/fr\/wp-json\/wp\/v2\/posts"}],"about":[{"href":"https:\/\/www.europesays.com\/fr\/wp-json\/wp\/v2\/types\/post"}],"author":[{"embeddable":true,"href":"https:\/\/www.europesays.com\/fr\/wp-json\/wp\/v2\/users\/2"}],"replies":[{"embeddable":true,"href":"https:\/\/www.europesays.com\/fr\/wp-json\/wp\/v2\/comments?post=565300"}],"version-history":[{"count":0,"href":"https:\/\/www.europesays.com\/fr\/wp-json\/wp\/v2\/posts\/565300\/revisions"}],"wp:featuredmedia":[{"embeddable":true,"href":"https:\/\/www.europesays.com\/fr\/wp-json\/wp\/v2\/media\/565301"}],"wp:attachment":[{"href":"https:\/\/www.europesays.com\/fr\/wp-json\/wp\/v2\/media?parent=565300"}],"wp:term":[{"taxonomy":"category","embeddable":true,"href":"https:\/\/www.europesays.com\/fr\/wp-json\/wp\/v2\/categories?post=565300"},{"taxonomy":"post_tag","embeddable":true,"href":"https:\/\/www.europesays.com\/fr\/wp-json\/wp\/v2\/tags?post=565300"}],"curies":[{"name":"wp","href":"https:\/\/api.w.org\/{rel}","templated":true}]}}