{"id":565309,"date":"2025-11-28T21:27:18","date_gmt":"2025-11-28T21:27:18","guid":{"rendered":"https:\/\/www.europesays.com\/fr\/565309\/"},"modified":"2025-11-28T21:27:18","modified_gmt":"2025-11-28T21:27:18","slug":"leon-xiv-en-turquie-sur-les-rives-diznik-recit-de-la-priere-des-eglises-pour-les-1-700-ans-du-concile-de-nicee-la-croix","status":"publish","type":"post","link":"https:\/\/www.europesays.com\/fr\/565309\/","title":{"rendered":"L\u00e9on XIV en Turquie : sur les rives d\u2019Iznik, r\u00e9cit de la pri\u00e8re des \u00c9glises pour les 1 700 ans du concile de Nic\u00e9e &#8211; La Croix"},"content":{"rendered":"<ol>\n<li><a href=\"https:\/\/news.google.com\/rss\/articles\/CBMi6gFBVV95cUxQblJBVWxyTlhSdFlMMl9LcFhRSWt5ekFfM2RXa0U4ZTQ2YjNJWDRTbVhIaTlzY1dqc0drR1hRVEJSNWpNNGx6d0FtR2RvZW1GZG5idnQ0UUU4RmlSR19aUHEtZmxkZC1kdW05SE8xZWNUdEE2S3g4OGx3TE56Z3NxX0NNcW9ZUFRUVTZxeEg4cWNWWGhjb2ZjSzRQNVN5RGVJLW9QcHRPdGh1SnNObl9VOEVyTEFxNHVZbGl6TmFBaVRWdWFiVFE5NXB0bml0ZHpZc3h0VWo1TlpGdjdQS20yaDc4cFhjMHhkemc?oc=5\" target=\"_blank\" rel=\"noopener\">L\u00e9on XIV en Turquie : sur les rives d\u2019Iznik, r\u00e9cit de la pri\u00e8re des \u00c9glises pour les 1 700 ans du concile de Nic\u00e9e<\/a>&nbsp;&nbsp;La Croix<\/li>\n<li><a href=\"https:\/\/news.google.com\/rss\/articles\/CBMiggJBVV95cUxOaHBzMDRnRVRiTm9MYXBHbzZfSmNqRmJnaS1wdGowUkJEQm9aOExWNkN4UXhoVVpCbGNrb0lMbTJzcF9PLXFWMXZ1d0pVYk5nbFJveU1zcHBhS3BpUGZySTB6TE5CZDVuNVhtTElTYWVaOVFtcFZoUnoydWsxY1FWZS1xZExQbjZoRWtQUURmcXQ4V0Q3SHhGdzdfbm9hYlh1Z2FBM0pfTjAzYzFoSWFJdktzM3BNOE02SzE4OUF2NlMySkVHc1AzVGN6WlVDaEowSUlvMkp4Y3VkeWdzRGlPeF9EalhzclJnVnpLVGIweTNJblFlTU1lTUxtZTRKZTBRaVE?oc=5\" target=\"_blank\" rel=\"noopener\">Visite du pape en Turquie : l\u2019auteur de l\u2019attentat contre Jean Paul II \u00e9loign\u00e9 de L\u00e9on XIV<\/a>&nbsp;&nbsp;Le Monde.fr<\/li>\n<li><a href=\"https:\/\/news.google.com\/rss\/articles\/CBMilwFBVV95cUxNa0s3cHZTMTk0MGxKaTdFempJQnhfNkRCSjJ1dkl3ajVLc0FqMVRhQV94bVp5NDZZZnE4RXBhQlZGR0VSajhxb3RVMzJBUU9tOW52YjhScDVlTXBpcklndWZyWjFfTFlkWTRhTVFoUHYyYV9JbjZYcXhFcUs4b2doN00tN2UydDhQZHFRSWZGWHJRWm9oZkg4?oc=5\" target=\"_blank\" rel=\"noopener\">Le pape L\u00e9on est \u00e0 Nic\u00e9e : Appel \u00e0 l&rsquo;unit\u00e9 du monde chr\u00e9tien<\/a>&nbsp;&nbsp;Euronews.com<\/li>\n<li><a href=\"https:\/\/news.google.com\/rss\/articles\/CBMi-AFBVV95cUxPRnA4RHpPc0kzeDdqRDZCXzFWcE5pTE1NS3Z2cTBCLWNlWUU3UWNGWFFLVElEc2FLQ0ctYkFPeUY2d1JOcV80TGlvcGpDX2hyUU15NGFRT2pSMDdZUjJLbmpXZVRKZThaYTBSV2tuOXpKMjhIM3VZVUUzejN4emh2RHlnUVFGcG9kVUNWQ3JmX014TWdudUZDSXdkb1o0bGlGSWhZc1IySzAweEUyUkZYcnIwMVNsVUdUbVlwcUoyWW9DaXcxcjdoWHdoNkpnd0lxUTJrNURIZXRFdjlvRDhwU0hkMm1iYlE2YWpjQlRNdGlNaHdJemI4NQ?oc=5\" target=\"_blank\" rel=\"noopener\">Le m\u00e9tropolite Emmanuel au Figaro : \u00ab Entre Rome et Constantinople, une relation cruciale pour l\u2019avenir du christianisme \u00bb<\/a>&nbsp;&nbsp;Le Figaro<\/li>\n<li><a href=\"https:\/\/news.google.com\/rss\/articles\/CBMinwFBVV95cUxQSTBOck9PVF9fQjhVVU1GZGR5V3BzVUFteUJtTzJZTW9xaEtCWHhsbTVlbE4xczZMc29vLWw1bHZPV011bnowczYtR2tqX2k0Rm5SRlpZOUJvUnJRandFeW0wNThpOGlXbnM4eXljbXROMW1JeWFUSHdHU0wzMG92bVl6RVhUMGRicW1tY1VkZHVFaGdMY0V6R3Z1UGI0SEE?oc=5\" target=\"_blank\" rel=\"noopener\">\u00c0 Istanbul, le Pape salue des personnes \u00e2g\u00e9es, \u00abune richesse pour tous\u00bb<\/a>&nbsp;&nbsp;Vatican News<\/li>\n<\/ol>\n","protected":false},"excerpt":{"rendered":"L\u00e9on XIV en Turquie : sur les rives d\u2019Iznik, r\u00e9cit de la pri\u00e8re des \u00c9glises pour les 1&hellip;\n","protected":false},"author":2,"featured_media":565310,"comment_status":"","ping_status":"","sticky":false,"template":"","format":"standard","meta":{"footnotes":""},"categories":[5],"tags":[11,1011,27,14,12,28],"class_list":{"0":"post-565309","1":"post","2":"type-post","3":"status-publish","4":"format-standard","5":"has-post-thumbnail","7":"category-international","8":"tag-actualites","9":"tag-fr","10":"tag-france","11":"tag-international","12":"tag-news","13":"tag-world"},"share_on_mastodon":{"url":"https:\/\/pubeurope.com\/@fr\/115629447230854845","error":""},"_links":{"self":[{"href":"https:\/\/www.europesays.com\/fr\/wp-json\/wp\/v2\/posts\/565309","targetHints":{"allow":["GET"]}}],"collection":[{"href":"https:\/\/www.europesays.com\/fr\/wp-json\/wp\/v2\/posts"}],"about":[{"href":"https:\/\/www.europesays.com\/fr\/wp-json\/wp\/v2\/types\/post"}],"author":[{"embeddable":true,"href":"https:\/\/www.europesays.com\/fr\/wp-json\/wp\/v2\/users\/2"}],"replies":[{"embeddable":true,"href":"https:\/\/www.europesays.com\/fr\/wp-json\/wp\/v2\/comments?post=565309"}],"version-history":[{"count":0,"href":"https:\/\/www.europesays.com\/fr\/wp-json\/wp\/v2\/posts\/565309\/revisions"}],"wp:featuredmedia":[{"embeddable":true,"href":"https:\/\/www.europesays.com\/fr\/wp-json\/wp\/v2\/media\/565310"}],"wp:attachment":[{"href":"https:\/\/www.europesays.com\/fr\/wp-json\/wp\/v2\/media?parent=565309"}],"wp:term":[{"taxonomy":"category","embeddable":true,"href":"https:\/\/www.europesays.com\/fr\/wp-json\/wp\/v2\/categories?post=565309"},{"taxonomy":"post_tag","embeddable":true,"href":"https:\/\/www.europesays.com\/fr\/wp-json\/wp\/v2\/tags?post=565309"}],"curies":[{"name":"wp","href":"https:\/\/api.w.org\/{rel}","templated":true}]}}