{"id":565315,"date":"2025-11-28T21:30:37","date_gmt":"2025-11-28T21:30:37","guid":{"rendered":"https:\/\/www.europesays.com\/fr\/565315\/"},"modified":"2025-11-28T21:30:37","modified_gmt":"2025-11-28T21:30:37","slug":"saint-heand-il-part-a-la-recherche-de-ses-conscrits-pour-organiser-une-reunion","status":"publish","type":"post","link":"https:\/\/www.europesays.com\/fr\/565315\/","title":{"rendered":"Saint-H\u00e9and. Il part \u00e0 la recherche de ses conscrits pour organiser une r\u00e9union"},"content":{"rendered":"<p>Francis Morel habite \u00e0 La Fouillouse depuis 14 ans mais c\u2019est \u00e0 Saint-H\u00e9and qu\u2019il est n\u00e9 en 1956. C\u2019est au lieu-dit Le Pin Rond qu\u2019il a grandi. Il a fr\u00e9quent\u00e9 les murs de l\u2019\u00e9cole publique du village.<\/p>\n<p>Aussi, ce Feuillantin s\u2019est donn\u00e9 pour mission de r\u00e9unir l\u2019ann\u00e9e prochaine tous ses conscrits h\u00e9andais. \u00ab\u00a0Je souhaite vivement organiser au cours du second semestre 2026 une journ\u00e9e festive avec un repas le midi et pourquoi pas un apr\u00e8s-midi r\u00e9cr\u00e9atif\u00a0\u00bb.<\/p>\n<p class=\"note\">Contact\u00a0: 06.59.06.17.09. francismorel42@gmail.com<\/p>\n","protected":false},"excerpt":{"rendered":"Francis Morel habite \u00e0 La Fouillouse depuis 14 ans mais c\u2019est \u00e0 Saint-H\u00e9and qu\u2019il est n\u00e9 en 1956.&hellip;\n","protected":false},"author":2,"featured_media":30227,"comment_status":"","ping_status":"","sticky":false,"template":"","format":"standard","meta":{"footnotes":""},"categories":[9653],"tags":[1111,11,2430,1687,7539,1777,674,3326,1011,27,12,25,4001,9664,22839],"class_list":{"0":"post-565315","1":"post","2":"type-post","3":"status-publish","4":"format-standard","5":"has-post-thumbnail","7":"category-saint-etienne","8":"tag-actu","9":"tag-actualites","10":"tag-auvergne-rhone-alpes","11":"tag-culture-loisirs","12":"tag-edition-loire-sud","13":"tag-eu","14":"tag-europe","15":"tag-fete-locale","16":"tag-fr","17":"tag-france","18":"tag-news","19":"tag-republique-francaise","20":"tag-saint-etienne","21":"tag-saint-etienne-bassin","22":"tag-saint-heand"},"share_on_mastodon":{"url":"https:\/\/pubeurope.com\/@fr\/115629458953619874","error":""},"_links":{"self":[{"href":"https:\/\/www.europesays.com\/fr\/wp-json\/wp\/v2\/posts\/565315","targetHints":{"allow":["GET"]}}],"collection":[{"href":"https:\/\/www.europesays.com\/fr\/wp-json\/wp\/v2\/posts"}],"about":[{"href":"https:\/\/www.europesays.com\/fr\/wp-json\/wp\/v2\/types\/post"}],"author":[{"embeddable":true,"href":"https:\/\/www.europesays.com\/fr\/wp-json\/wp\/v2\/users\/2"}],"replies":[{"embeddable":true,"href":"https:\/\/www.europesays.com\/fr\/wp-json\/wp\/v2\/comments?post=565315"}],"version-history":[{"count":0,"href":"https:\/\/www.europesays.com\/fr\/wp-json\/wp\/v2\/posts\/565315\/revisions"}],"wp:featuredmedia":[{"embeddable":true,"href":"https:\/\/www.europesays.com\/fr\/wp-json\/wp\/v2\/media\/30227"}],"wp:attachment":[{"href":"https:\/\/www.europesays.com\/fr\/wp-json\/wp\/v2\/media?parent=565315"}],"wp:term":[{"taxonomy":"category","embeddable":true,"href":"https:\/\/www.europesays.com\/fr\/wp-json\/wp\/v2\/categories?post=565315"},{"taxonomy":"post_tag","embeddable":true,"href":"https:\/\/www.europesays.com\/fr\/wp-json\/wp\/v2\/tags?post=565315"}],"curies":[{"name":"wp","href":"https:\/\/api.w.org\/{rel}","templated":true}]}}