{"id":565316,"date":"2025-11-28T21:32:22","date_gmt":"2025-11-28T21:32:22","guid":{"rendered":"https:\/\/www.europesays.com\/fr\/565316\/"},"modified":"2025-11-28T21:32:22","modified_gmt":"2025-11-28T21:32:22","slug":"le-club-de-foot-de-saint-victor-choque-apres-lagression-mortelle-a-saint-etienne","status":"publish","type":"post","link":"https:\/\/www.europesays.com\/fr\/565316\/","title":{"rendered":"le club de foot de Saint-Victor choqu\u00e9 apr\u00e8s l\u2019agression mortelle \u00e0 Saint-\u00c9tienne"},"content":{"rendered":"<p>Qui pourrait croire que l\u2019on puisse partir faire la f\u00eate avec ses proches et ne jamais rentrer chez soi aupr\u00e8s de sa famille\u00a0?<\/p>\n<p>C\u2019est pourtant ce qui est arriv\u00e9 \u00e0 ce jeune p\u00e8re de famille, mortellement agress\u00e9 dans des circonstances qui n\u2019ont pas \u00e9t\u00e9 r\u00e9v\u00e9l\u00e9es, samedi 22\u00a0novembre au petit matin en quittant un \u00e9tablissement du centre-ville de Saint-\u00c9tienne. Il laisse derri\u00e8re lui sa femme et leurs trois filles.<\/p>\n<p>La victime,aux attaches rouchonnes, a longtemps jou\u00e9 au football \u00e0 la Jeunesse sportive de Saint-Victor, dont l\u2019actuel pr\u00e9sident est l\u2019un de ses amis et o\u00f9 il prenait toujours plaisir \u00e0 venir encourager les \u00e9quipes avec son p\u00e8re. Le club lui a rendu un hommage appuy\u00e9 sur les r\u00e9seaux sociaux.<\/p>\n<p>Ce contenu est bloqu\u00e9 car vous n&rsquo;avez pas accept\u00e9 les cookies et autres traceurs.<\/p>\n<p>En cliquant sur \u00ab J\u2019accepte \u00bb, les cookies et autres traceurs seront d\u00e9pos\u00e9s et vous pourrez visualiser les contenus  (<a href=\"\" class=\"consentModule_policy\" target=\"_blank\" title=\"Consulter la politique de protection des donn\u00e9es du fournisseur\">plus d&rsquo;informations<\/a>).<\/p>\n<p>En cliquant sur \u00ab J\u2019accepte tous les cookies \u00bb, vous autorisez des d\u00e9p\u00f4ts de cookies et autres traceurs pour le stockage de vos donn\u00e9es sur nos sites et applications \u00e0 des fins de personnalisation et de ciblage publicitaire.<\/p>\n<p class=\"consentModule_secondaryText\">Vous gardez la possibilit\u00e9 de retirer votre consentement \u00e0 tout moment en consultant notre <a href=\"https:\/\/www.leprogres.fr\/protection-des-donnees\" target=\"_blank\" title=\"Consulter notre politique de protection des donn\u00e9es\" rel=\"noopener\">politique de protection des donn\u00e9es<\/a>. <br \/>&#13;<br \/>\n            <a href=\"https:\/\/www.leprogres.fr\/faits-divers-justice\/2025\/11\/28\/javascript:Didomi.notice.show()\" class=\"consentModule_cmp\" target=\"_blank\" rel=\"noopener\">G\u00e9rer mes choix<\/a>&#13;\n        <\/p>\n<p>&#13;<br \/>\n                        J&rsquo;accepte&#13;<br \/>\n            J&rsquo;accepte tous les cookies&#13;\n        <\/p>\n<p>  \u00ab\u00a0Un ami pr\u00e9cieux<\/p>\n<p>La JSSV fait part de sa \u00ab\u00a0profonde tristesse\u00a0\u00bb et d\u2019une \u00ab\u00a0douleur immense\u00a0\u00bb.<\/p>\n<p>\u00ab\u00a0\u00c0 seulement 34 ans, Tom nous quitte, laissant derri\u00e8re lui un vide immense, peut-on lire sur la page Facebook de l\u2019association. Il n&rsquo;\u00e9tait pas seulement un ancien joueur du club, il \u00e9tait aussi un fid\u00e8le supporter, toujours proche du club et un ami pr\u00e9cieux pour beaucoup d\u2019entre nous. Son sourire et sa gentillesse resteront grav\u00e9s dans nos m\u00e9moires.\u00a0\u00bb<\/p>\n<p>Par pudeur et pour respecter la volont\u00e9 de la famille, ses proches amis footballeurs n\u2019ont pour l\u2019heure pas souhait\u00e9 \u00e9voquer davantage de souvenirs de leur ami.<\/p>\n<p>  Deux cagnottes cr\u00e9\u00e9es pour soutenir sa famille<\/p>\n<p>Deux cagnottes en ligne ont \u00e9t\u00e9 cr\u00e9\u00e9es afin de soutenir la famille du d\u00e9funt (*). \u00a0Elles doivent permettre \u00ab\u00a0d\u2019aider \u00e0 financer les frais d\u2019obs\u00e8ques, d\u2019all\u00e9ger la charge pour sa famille et de rendre \u00e0 Thomas l\u2019hommage qu\u2019il m\u00e9rite\u00a0\u00bb.<\/p>\n<p>Ses amis de longue date au sein du club d\u00e9crivent \u00ab\u00a0un p\u00e8re aimant et pr\u00e9sent, parti bien trop t\u00f4t\u00a0\u00bb, d\u2019autres anciens co\u00e9quipiers \u00e9voquent \u00ab\u00a0quelqu\u2019un de toujours souriant\u00a0\u00bb. Pr\u00e8s d\u2019une centaine de dons avaient d\u00e9j\u00e0 \u00e9t\u00e9 effectu\u00e9s vendredi. Le drame, d\u2019une brutalit\u00e9 infinie quelles qu\u2019en aient \u00e9t\u00e9 les circonstances, a \u00e9mu lecteurs et internautes.<\/p>\n<p>  L\u2019agresseur pr\u00e9sum\u00e9 incarc\u00e9r\u00e9<\/p>\n<p><a href=\"https:\/\/www.leprogres.fr\/faits-divers-justice\/2025\/11\/23\/bagarre-en-centre-ville-la-victime-est-decedee\" target=\"_blank\" rel=\"noopener\">Les faits se sont d\u00e9roul\u00e9s samedi 22 novembre, \u00e0 6 h 15,<\/a> heure \u00e0 laquelle Thomas, son beau-fr\u00e8re et un ami, quittent l\u2019after Square7, situ\u00e9 rue Saint-Pierre, une art\u00e8re \u00e9troite du centre-ville st\u00e9phanois.<\/p>\n<p>Les trois hommes \u00e9changent quelques mots avec un quatri\u00e8me devant la porte de l\u2019\u00e9tablissement. Le ton monte, puis un coup de poing part. Il atteint la victime au menton, le trentenaire s\u2019effondre violemment au sol. Son ami et son beau-fr\u00e8re sont \u00e9galement agress\u00e9s. Ils sont l\u00e9g\u00e8rement touch\u00e9s. Thomas, lui, ne s\u2019en rel\u00e8vera pas malgr\u00e9 le massage cardiaque prodigu\u00e9 par une cliente puis les secours. Il d\u00e9c\u00e8de dans la soir\u00e9e \u00e0 l\u2019h\u00f4pital Nord.<\/p>\n<p>Une enqu\u00eate a rapidement \u00e9t\u00e9 ouverte d\u00e8s samedi. Le suspect, \u00e2g\u00e9 de 40 ans, s\u2019est pr\u00e9sent\u00e9 lundi 24\u00a0novembre \u00e0 l\u2019h\u00f4tel de police et a \u00e9t\u00e9 plac\u00e9 en garde \u00e0 vue. Deux jours plus tard, il a \u00e9t\u00e9 mis en examen pour violences ayant entra\u00een\u00e9 la mort sans intention de la donner et a \u00e9t\u00e9 plac\u00e9 en d\u00e9tention provisoire.<\/p>\n<p>Les fun\u00e9railles se tiendront au cr\u00e9matorium de Montmartre, \u00e0 Saint-\u00c9tienne, lundi 1er d\u00e9cembre.<\/p>\n<p class=\"note\">(*) Sur www.leetchi.com\u00a0: <a href=\"https:\/\/www.leetchi.com\/fr\/c\/soutien-pour-la-famille-de-thomas-1367755?utm_source=native&amp;utm_medium=social_sharing&amp;utm_campaign=pot&amp;fbclid=IwY2xjawOUAwlleHRuA2FlbQIxMQBzcnRjBmFwcF9pZBAyMjIwMzkxNzg4MjAwODkyAAEe-pEaLoqJTqFdatC5CXodMYh1E2l3YLmQ5P03CpTphJkBpFuVYQ-TGU1l24M_aem_Xg2sIU5K1GN89_fgMLp9fw\" target=\"_blank\" rel=\"noopener\">Soutien pour les obs\u00e8ques de Thomas<\/a> ; <a href=\"https:\/\/www.leetchi.com\/fr\/c\/soutien-pour-les-obseques-de-thomas-7648321?utm_source=copylink&amp;utm_medium=social_sharing&amp;fbclid=IwY2xjawOUAwlleHRuA2FlbQIxMQBzcnRjBmFwcF9pZBAyMjIwMzkxNzg4MjAwODkyAAEe_5gFS5jOKNNWE5lvOka8bUAwaNTLhlbk3w3DFfhr7yJXOE7GEHojArDVlOE_aem_vZgExnMUvlGLcHS1VZvPmA\" target=\"_blank\" rel=\"noopener\">Soutien pour la famille de Thomas<\/a><\/p>\n","protected":false},"excerpt":{"rendered":"Qui pourrait croire que l\u2019on puisse partir faire la f\u00eate avec ses proches et ne jamais rentrer chez&hellip;\n","protected":false},"author":2,"featured_media":565317,"comment_status":"","ping_status":"","sticky":false,"template":"","format":"standard","meta":{"footnotes":""},"categories":[9653],"tags":[1111,11,2430,271,272,7539,1777,674,274,107,1011,27,3367,12,25,4001,29878,517],"class_list":{"0":"post-565316","1":"post","2":"type-post","3":"status-publish","4":"format-standard","5":"has-post-thumbnail","7":"category-saint-etienne","8":"tag-actu","9":"tag-actualites","10":"tag-auvergne-rhone-alpes","11":"tag-crime","12":"tag-delit-et-contravention","13":"tag-edition-loire-sud","14":"tag-eu","15":"tag-europe","16":"tag-faits-divers-justice","17":"tag-fil-info","18":"tag-fr","19":"tag-france","20":"tag-loire","21":"tag-news","22":"tag-republique-francaise","23":"tag-saint-etienne","24":"tag-saint-victor-sur-loire","25":"tag-sport"},"share_on_mastodon":{"url":"https:\/\/pubeurope.com\/@fr\/115629466909845921","error":""},"_links":{"self":[{"href":"https:\/\/www.europesays.com\/fr\/wp-json\/wp\/v2\/posts\/565316","targetHints":{"allow":["GET"]}}],"collection":[{"href":"https:\/\/www.europesays.com\/fr\/wp-json\/wp\/v2\/posts"}],"about":[{"href":"https:\/\/www.europesays.com\/fr\/wp-json\/wp\/v2\/types\/post"}],"author":[{"embeddable":true,"href":"https:\/\/www.europesays.com\/fr\/wp-json\/wp\/v2\/users\/2"}],"replies":[{"embeddable":true,"href":"https:\/\/www.europesays.com\/fr\/wp-json\/wp\/v2\/comments?post=565316"}],"version-history":[{"count":0,"href":"https:\/\/www.europesays.com\/fr\/wp-json\/wp\/v2\/posts\/565316\/revisions"}],"wp:featuredmedia":[{"embeddable":true,"href":"https:\/\/www.europesays.com\/fr\/wp-json\/wp\/v2\/media\/565317"}],"wp:attachment":[{"href":"https:\/\/www.europesays.com\/fr\/wp-json\/wp\/v2\/media?parent=565316"}],"wp:term":[{"taxonomy":"category","embeddable":true,"href":"https:\/\/www.europesays.com\/fr\/wp-json\/wp\/v2\/categories?post=565316"},{"taxonomy":"post_tag","embeddable":true,"href":"https:\/\/www.europesays.com\/fr\/wp-json\/wp\/v2\/tags?post=565316"}],"curies":[{"name":"wp","href":"https:\/\/api.w.org\/{rel}","templated":true}]}}