{"id":565344,"date":"2025-11-28T21:48:16","date_gmt":"2025-11-28T21:48:16","guid":{"rendered":"https:\/\/www.europesays.com\/fr\/565344\/"},"modified":"2025-11-28T21:48:16","modified_gmt":"2025-11-28T21:48:16","slug":"les-communistes-appellent-a-changer-le-nom-juge-polemique-de-plusieurs-rues-et-espaces-a-nice","status":"publish","type":"post","link":"https:\/\/www.europesays.com\/fr\/565344\/","title":{"rendered":"Les communistes appellent \u00e0 changer le nom, jug\u00e9 pol\u00e9mique, de plusieurs rues et espaces \u00e0 Nice"},"content":{"rendered":"<p><strong>\u00ab\u00a0Pour une toponymie digne des valeurs r\u00e9publicaines !\u00bb C\u2019est par ces mots que le Parti communiste 06 r\u00e9clame le changement de noms de certains axes, pour l\u2019heure attribu\u00e9s \u00e0\u00a0des personnalit\u00e9s jug\u00e9es probl\u00e9matiques.<\/strong><\/p>\n<p>Ils en appellent \u00e0\u00a0Christian Estrosi au nom de \u00ab\u00a0la m\u00e9moire du peuple\u00a0\u00bb. D\u00e9but novembre, les communistes, sous la plume de Julien Picot, secr\u00e9taire d\u00e9partemental du PCF 06, ont \u00e9crit au premier magistrat de Nice pour lui faire part de leurs pr\u00e9occupations \u00e0\u00a0propos de la toponymie de certains axes de la commune.\u00a0<\/p>\n<p>Ils souhaitent organiser un d\u00e9bat public \u00ab\u00a0afin que chaque nom de rue soit un acte de m\u00e9moire populaire et non un hommage \u00e0\u00a0des figures controvers\u00e9es ou condamn\u00e9es.\u00a0\u00bb<\/p>\n<p>\u00ab\u00a0Nice m\u00e9rite mieux que des plaques \u00e0\u00a0la gloire de puissants d\u00e9chus\u00a0\u00bb<\/p>\n<p>Selon le Parti communiste, la Baie des Anges \u00ab\u00a0m\u00e9rite mieux que des plaques \u00e0\u00a0la gloire de puissants d\u00e9chus\u00a0\u00bb Ils donnent ainsi plusieurs exemples de voies dont les appellations \u00ab\u00a0rappellent la r\u00e9pression, la collaboration ou la corruption\u00a0\u00bb.<\/p>\n<p>Julien Picot propose notamment de renommer la (toute petite) rue \u00ab\u00a0Jacques M\u00e9decin\u00a0\u00bb, qui depuis 2019 salue l\u2019ancien maire de la capitale maralpine, qui avait d\u00e9j\u00e0 un morceau de coul\u00e9e verte d\u00e9di\u00e9. L\u2019\u00e9lu ne fait pas l\u2019unanimit\u00e9, son parcours ayant \u00e9t\u00e9 jalonn\u00e9 d\u2019affaires retentissantes. \u00c0\u00a0la place, celui qui est aussi engag\u00e9 aupr\u00e8s de la CGT souhaite saluer \u00ab\u00a0Danielle Casanova, r\u00e9sistante morte pour la France.\u00a0\u00bb<\/p>\n<p>D\u2019autres suggestions, comme celle d\u2019une avenue \u00ab\u00a0Louise Michel\u00a0\u00bb, activiste du XIXe si\u00e8cle, plut\u00f4t que \u00ab\u00a0Thiers\u00a0\u00bb (qui a\u00a0r\u00e9prim\u00e9 la Commune de Paris), ou encore transformer l\u2019avenue \u00ab\u00a0Jean M\u00e9decin\u00a0\u00bb en avenue de la \u00ab\u00a0Victoire contre le nazisme\u00a0\u00bb. Enfin, il voudrait rebaptiser l\u2019all\u00e9e \u00ab\u00a0Charles Pasqua\u00a0\u00bb en all\u00e9e \u00ab\u00a0Malik Oussekine\u00a0\u00bb, un jeune homme d\u00e9c\u00e9d\u00e9 1986 des suites de violences polici\u00e8res.<\/p>\n<p>D\u2019autres propositions ont fait d\u00e9bat par le\u00a0pass\u00e9<\/p>\n<p>Ce courrier du membre de\u00a0la liste port\u00e9e par l\u2019\u00e9cologiste <a href=\"https:\/\/nicepresse.com\/securite-repensee-trafic-aerien-strictement-limite-transports-gratuits-les-priorites-de-la-gauche-juliette-chesnel-a-nice-presse\/\" data-wpel-link=\"internal\" target=\"_blank\" rel=\"noopener\">Juliette Chesnel-Le Roux<\/a> aux futures municipales 2026, \u00ab\u00a0Unis pour Nice\u00a0\u00bb (PS-PCF-Verts) est envoy\u00e9 dans un contexte particulier. On se souvient \u00e9videmment de la r\u00e9cente pol\u00e9mique du parvis \u00ab\u00a0Nicolas Sarkozy\u00a0\u00bb voulu par Christian Estrosi pour le site du futur \u00ab\u00a0super commissariat\u00a0\u00bb. Une id\u00e9e qui <a href=\"https:\/\/nicepresse.com\/hommage-rendu-a-nicolas-sarkozy-par-la-mairie-de-nice-eric-ciotti-condamne-une-idee-qui-divise-la-gauche-radicale-lance-une-petition\/\" data-wpel-link=\"internal\" target=\"_blank\" rel=\"noopener\">a\u00a0divis\u00e9 aussi bien<\/a> \u00e0\u00a0gauche qu\u2019\u00e0 droite cet automne, au point que le pr\u00e9fet des Alpes-Maritimes, Laurent Hottiaux, <a href=\"https:\/\/nicepresse.com\/parvis-nicolas-sarkozy-devant-un-commissariat-a-nice-le-prefet-saisi-pour-que-letat-tranche-la-polemique\/\" data-wpel-link=\"internal\" target=\"_blank\" rel=\"noopener\">a\u00a0\u00e9t\u00e9 saisi<\/a>.<\/p>\n<p>Sans oublier la rue \u00ab\u00a0Gis\u00e8le Halimi\u00a0\u00bb qui n\u2019a finalement pas pu aboutir, en 2022. L\u2019id\u00e9e de <a href=\"https:\/\/nicepresse.com\/feminisme-je-regrette-a-200-que-gisele-halimi-nait-pas-sa-rue-a-nice-dit-la-directrice-du-theatre-national\/\" data-wpel-link=\"internal\" target=\"_blank\" rel=\"noopener\">Juliette Chesnel-Le Roux<\/a> voil\u00e0 plus de trois ans n\u2019avait pas pu obtenir l\u2019aval de la majorit\u00e9 municipale ni de Philippe Vardon (extr\u00eame droite). Ce qui avait engendr\u00e9 une <a href=\"https:\/\/nicepresse.com\/la-ville-de-nice-refuse-daccorder-un-nom-de-rue-a-la-feministe-gisele-halimi\/\" data-wpel-link=\"internal\" target=\"_blank\" rel=\"noopener\">s\u00e9ance du conseil assez agit\u00e9e<\/a> \u00e0\u00a0l\u2019\u00e9poque\u00a0!<\/p>\n<p><a href=\"https:\/\/www.nice.fr\/noel-a-nice\/\" data-wpel-link=\"external\" target=\"_blank\" rel=\"external noopener noreferrer\"><img loading=\"lazy\" decoding=\"async\" width=\"300\" height=\"300\" src=\"https:\/\/www.europesays.com\/fr\/wp-content\/uploads\/2025\/11\/NoelNice_Coeur-Article-NicePresse-300x300-2.png\" alt=\"\" class=\"wp-image-260426\"\/><\/a><\/p>\n","protected":false},"excerpt":{"rendered":"\u00ab\u00a0Pour une toponymie digne des valeurs r\u00e9publicaines !\u00bb C\u2019est par ces mots que le Parti communiste 06 r\u00e9clame&hellip;\n","protected":false},"author":2,"featured_media":565345,"comment_status":"","ping_status":"","sticky":false,"template":"","format":"standard","meta":{"footnotes":""},"categories":[2819],"tags":[1111,11,1777,674,1011,27,12,2401,882,25],"class_list":{"0":"post-565344","1":"post","2":"type-post","3":"status-publish","4":"format-standard","5":"has-post-thumbnail","7":"category-nice","8":"tag-actu","9":"tag-actualites","10":"tag-eu","11":"tag-europe","12":"tag-fr","13":"tag-france","14":"tag-news","15":"tag-nice","16":"tag-provence-alpes-cote-dazur","17":"tag-republique-francaise"},"share_on_mastodon":{"url":"https:\/\/pubeurope.com\/@fr\/115629530850346552","error":""},"_links":{"self":[{"href":"https:\/\/www.europesays.com\/fr\/wp-json\/wp\/v2\/posts\/565344","targetHints":{"allow":["GET"]}}],"collection":[{"href":"https:\/\/www.europesays.com\/fr\/wp-json\/wp\/v2\/posts"}],"about":[{"href":"https:\/\/www.europesays.com\/fr\/wp-json\/wp\/v2\/types\/post"}],"author":[{"embeddable":true,"href":"https:\/\/www.europesays.com\/fr\/wp-json\/wp\/v2\/users\/2"}],"replies":[{"embeddable":true,"href":"https:\/\/www.europesays.com\/fr\/wp-json\/wp\/v2\/comments?post=565344"}],"version-history":[{"count":0,"href":"https:\/\/www.europesays.com\/fr\/wp-json\/wp\/v2\/posts\/565344\/revisions"}],"wp:featuredmedia":[{"embeddable":true,"href":"https:\/\/www.europesays.com\/fr\/wp-json\/wp\/v2\/media\/565345"}],"wp:attachment":[{"href":"https:\/\/www.europesays.com\/fr\/wp-json\/wp\/v2\/media?parent=565344"}],"wp:term":[{"taxonomy":"category","embeddable":true,"href":"https:\/\/www.europesays.com\/fr\/wp-json\/wp\/v2\/categories?post=565344"},{"taxonomy":"post_tag","embeddable":true,"href":"https:\/\/www.europesays.com\/fr\/wp-json\/wp\/v2\/tags?post=565344"}],"curies":[{"name":"wp","href":"https:\/\/api.w.org\/{rel}","templated":true}]}}