{"id":565350,"date":"2025-11-28T21:51:17","date_gmt":"2025-11-28T21:51:17","guid":{"rendered":"https:\/\/www.europesays.com\/fr\/565350\/"},"modified":"2025-11-28T21:51:17","modified_gmt":"2025-11-28T21:51:17","slug":"quatre-hommes-devant-le-tribunal-a-nantes-pour-des-vols-de-velos-et-de-motoculture-le-prejudice-estime-a-500-000-euros","status":"publish","type":"post","link":"https:\/\/www.europesays.com\/fr\/565350\/","title":{"rendered":"Quatre hommes devant le tribunal \u00e0 Nantes pour des vols de v\u00e9los et de motoculture, le pr\u00e9judice estim\u00e9 \u00e0 500.000 euros"},"content":{"rendered":"<p>Quatre hommes comparaissaient ce vendredi devant le tribunal correctionnel de Nantes pour de multiples vols, dans des magasins de cycles et de motoculture du Grand Ouest. Le pr\u00e9judice est estim\u00e9 \u00e0 566.000 euros. L&rsquo;affaire a \u00e9t\u00e9 renvoy\u00e9e au 29 janvier 2026. Eux sont plac\u00e9s en d\u00e9tention provisoire.<\/p>\n<p>Depuis septembre, ils \u00e9cumaient le Grand Ouest, <strong>de la Normandie jusqu&rsquo;aux Charentes<\/strong> en passant par la Bretagne et les Pays de la Loire. Quatre hommes, \u00e2g\u00e9s de 23 \u00e0 36 ans, comparaissaient ce vendredi, \u00e0 l&rsquo;issue de leur garde \u00e0 vue, devant le tribunal correctionnel de Nantes pour de multiples vols dans des magasins de cycles et de motoculture.\u00a0Ils \u0153uvraient la nuit, \u00e0 bord de deux voitures, et\u00a0d\u00e9robaient des tron\u00e7onneuses, des d\u00e9broussailleuses ainsi que des v\u00e9los haut de gamme.<\/p>\n<p>L&rsquo;un de ces hommes, le plus jeune, est soup\u00e7onn\u00e9 de 38 vols. Il les reconna\u00eet tous, \u00e0 l&rsquo;exception d&rsquo;un seul. Lors de l&rsquo;audience, la pr\u00e9sidente du tribunal a dress\u00e9 la liste des victimes et elle est impressionnante\u00a0: <strong>pr\u00e8s de 40 commerces<\/strong> se sont constitu\u00e9s parties civiles. Le pr\u00e9judice est estim\u00e9 \u00e0 566.000 euros.<\/p>\n<p>Les quatre hommes sont d&rsquo;origine roumaine et deux d&rsquo;entre eux vivent dans un camp de gens du voyage, \u00e0 Rez\u00e9. L&rsquo;enqu\u00eate a d\u00e9marr\u00e9 le 26 septembre, suite \u00e0 des vols r\u00e9currents dans des magasins de motoculture. Les gendarmes les suivent la nuit dans certains de leurs p\u00e9riples avant leur retour au camp <strong>des gens du voyage<\/strong>.\u00a0Dix-sept v\u00e9los ont d&rsquo;ailleurs \u00e9t\u00e9 retrouv\u00e9s l\u00e0-bas.<\/p>\n<p>\u00ab\u00a0On ne se consid\u00e8re pas comme des vendeurs de produits de luxe\u00a0\u00bb<\/p>\n<p>Les pr\u00e9venus ont tous demand\u00e9 un d\u00e9lai pour pr\u00e9parer leur d\u00e9fense. Une nouvelle audience est programm\u00e9e <strong>le 29 janvier<\/strong> prochain. C&rsquo;est donc \u00e0 cette date que l&rsquo;affaire sera jug\u00e9e sur le fond car, comme l&rsquo;a soulign\u00e9 la pr\u00e9sidente \u00e0 l&rsquo;audience, \u00ab\u00a0la grande question dans ce dossier, c&rsquo;est la fili\u00e8re d&rsquo;\u00e9coulement.\u00a0\u00bb<\/p>\n<p>D&rsquo;ici l\u00e0, les quatre hommes dormiront en prison. \u00c0 la grande satisfaction de <strong>J\u00e9r\u00f4me Pineau, ancien coureur professionnel<\/strong> et propri\u00e9taire du magasin Three for bike, \u00e0 Pornic. En neuf mois, il s&rsquo;est fait cambrioler trois fois. Il y a 15 jours, c&rsquo;\u00e9tait par ceux qui sont aujourd&rsquo;hui dans le box. \u00ab\u00a0On a \u00e9t\u00e9 d\u00e9rob\u00e9 de dix v\u00e9los, on en a r\u00e9cup\u00e9r\u00e9 quatre mais les six autres ont disparu. On vend des beaux v\u00e9los mais on ne se consid\u00e8re pas comme des vendeurs de produits de luxe. On est juste des vendeurs de cycles.\u00a0\u00bb<\/p>\n","protected":false},"excerpt":{"rendered":"Quatre hommes comparaissaient ce vendredi devant le tribunal correctionnel de Nantes pour de multiples vols, dans des magasins&hellip;\n","protected":false},"author":2,"featured_media":565351,"comment_status":"","ping_status":"","sticky":false,"template":"","format":"standard","meta":{"footnotes":""},"categories":[2818],"tags":[1111,11,1777,674,1011,27,766,12,2636,25],"class_list":{"0":"post-565350","1":"post","2":"type-post","3":"status-publish","4":"format-standard","5":"has-post-thumbnail","7":"category-nantes","8":"tag-actu","9":"tag-actualites","10":"tag-eu","11":"tag-europe","12":"tag-fr","13":"tag-france","14":"tag-nantes","15":"tag-news","16":"tag-pays-de-la-loire","17":"tag-republique-francaise"},"share_on_mastodon":{"url":"https:\/\/pubeurope.com\/@fr\/115629541612663084","error":""},"_links":{"self":[{"href":"https:\/\/www.europesays.com\/fr\/wp-json\/wp\/v2\/posts\/565350","targetHints":{"allow":["GET"]}}],"collection":[{"href":"https:\/\/www.europesays.com\/fr\/wp-json\/wp\/v2\/posts"}],"about":[{"href":"https:\/\/www.europesays.com\/fr\/wp-json\/wp\/v2\/types\/post"}],"author":[{"embeddable":true,"href":"https:\/\/www.europesays.com\/fr\/wp-json\/wp\/v2\/users\/2"}],"replies":[{"embeddable":true,"href":"https:\/\/www.europesays.com\/fr\/wp-json\/wp\/v2\/comments?post=565350"}],"version-history":[{"count":0,"href":"https:\/\/www.europesays.com\/fr\/wp-json\/wp\/v2\/posts\/565350\/revisions"}],"wp:featuredmedia":[{"embeddable":true,"href":"https:\/\/www.europesays.com\/fr\/wp-json\/wp\/v2\/media\/565351"}],"wp:attachment":[{"href":"https:\/\/www.europesays.com\/fr\/wp-json\/wp\/v2\/media?parent=565350"}],"wp:term":[{"taxonomy":"category","embeddable":true,"href":"https:\/\/www.europesays.com\/fr\/wp-json\/wp\/v2\/categories?post=565350"},{"taxonomy":"post_tag","embeddable":true,"href":"https:\/\/www.europesays.com\/fr\/wp-json\/wp\/v2\/tags?post=565350"}],"curies":[{"name":"wp","href":"https:\/\/api.w.org\/{rel}","templated":true}]}}