{"id":565363,"date":"2025-11-28T22:00:17","date_gmt":"2025-11-28T22:00:17","guid":{"rendered":"https:\/\/www.europesays.com\/fr\/565363\/"},"modified":"2025-11-28T22:00:17","modified_gmt":"2025-11-28T22:00:17","slug":"hanifa-taguelmint-de-lfi-a-benoit-payan-et-lunion-de-la-gauche","status":"publish","type":"post","link":"https:\/\/www.europesays.com\/fr\/565363\/","title":{"rendered":"Hanifa Taguelmint, de LFI \u00e0 Beno\u00eet Payan et l\u2019union de la gauche"},"content":{"rendered":"<p>Membre historique de La France insoumise \u00e0 Marseille &#8211; elle a si\u00e9g\u00e9 au comit\u00e9 \u00e9lectoral national &#8211; Hanifa Taguelmint annonce \u00e0 La Provence qu\u2019elle \u00ab\u00a0rejoint l\u2019union de la gauche\u00a0\u00bb (PS, EELV et PCF) qui se forme derri\u00e8re Beno\u00eet Payan, d\u00e8s le premier tour des municipales de mars 2026. Cette militante antiraciste de 63 ans, qui a grandi \u00e0 la Busserine (14e), a notamment particip\u00e9 \u00e0 la Marche pour l\u2019\u00e9galit\u00e9 et contre le racisme, partie de Marseille en\u00a01983, et \u00e0 la cr\u00e9ation de Radio Gazelle. En\u00a02020, elle \u00e9tait <a href=\"https:\/\/www.laprovence.com\/article\/politique\/5877343\/de-lfi-au-ps-pro-macron-le-grand-ecart-de-barles.html\" target=\"_blank\" rel=\"noopener\">4e de la seule liste investie par LFI<\/a> aux municipales dans les 13e-14e \u00e0 Marseille. Pour Hanifa Taguelmint, il est \u00ab\u00a0inentendable que le RN, qui est aux portes du pouvoir, l\u2019emporte\u00a0\u00bb. Un ralliement en forme de prise de guerre, aussi, pour Beno\u00eet Payan, face aux coups de boutoirs du candidat LFI S\u00e9bastien Delogu qui ne m\u00e2che pas ses mots contre la municipalit\u00e9 sortante.<\/p>\n<p><strong>Pourquoi soutenez-vous l\u2019union de la gauche qui se forme derri\u00e8re Beno\u00eet Payan\u00a0?<\/strong>&#13;\n<\/p>\n<p>En 2020, je n\u2019avais pas senti la volont\u00e9 du Printemps marseillais d\u2019aller vers les quartiers populaires et de rendre justice \u00e0 des porteurs de luttes comme Kamel Gu\u00e9mari \u00e0 l\u2019Apr\u00e8s-M ou Djamila Haouache (qui a port\u00e9 le combat contre la l\u00e9&#8230;<\/p>\n","protected":false},"excerpt":{"rendered":"Membre historique de La France insoumise \u00e0 Marseille &#8211; elle a si\u00e9g\u00e9 au comit\u00e9 \u00e9lectoral national &#8211; Hanifa&hellip;\n","protected":false},"author":2,"featured_media":565364,"comment_status":"","ping_status":"","sticky":false,"template":"","format":"standard","meta":{"footnotes":""},"categories":[2814],"tags":[17,1111,11,5949,1777,674,1011,27,2383,68097,4537,780,884,3434,12,882,25,68098],"class_list":{"0":"post-565363","1":"post","2":"type-post","3":"status-publish","4":"format-standard","5":"has-post-thumbnail","7":"category-marseille","8":"tag-17","9":"tag-actu","10":"tag-actualites","11":"tag-elections","12":"tag-eu","13":"tag-europe","14":"tag-fr","15":"tag-france","16":"tag-gauche","17":"tag-hanifa","18":"tag-lunion","19":"tag-lfi","20":"tag-marseille","21":"tag-municipales-2026","22":"tag-news","23":"tag-provence-alpes-cote-dazur","24":"tag-republique-francaise","25":"tag-taguelmint"},"share_on_mastodon":{"url":"","error":""},"_links":{"self":[{"href":"https:\/\/www.europesays.com\/fr\/wp-json\/wp\/v2\/posts\/565363","targetHints":{"allow":["GET"]}}],"collection":[{"href":"https:\/\/www.europesays.com\/fr\/wp-json\/wp\/v2\/posts"}],"about":[{"href":"https:\/\/www.europesays.com\/fr\/wp-json\/wp\/v2\/types\/post"}],"author":[{"embeddable":true,"href":"https:\/\/www.europesays.com\/fr\/wp-json\/wp\/v2\/users\/2"}],"replies":[{"embeddable":true,"href":"https:\/\/www.europesays.com\/fr\/wp-json\/wp\/v2\/comments?post=565363"}],"version-history":[{"count":0,"href":"https:\/\/www.europesays.com\/fr\/wp-json\/wp\/v2\/posts\/565363\/revisions"}],"wp:featuredmedia":[{"embeddable":true,"href":"https:\/\/www.europesays.com\/fr\/wp-json\/wp\/v2\/media\/565364"}],"wp:attachment":[{"href":"https:\/\/www.europesays.com\/fr\/wp-json\/wp\/v2\/media?parent=565363"}],"wp:term":[{"taxonomy":"category","embeddable":true,"href":"https:\/\/www.europesays.com\/fr\/wp-json\/wp\/v2\/categories?post=565363"},{"taxonomy":"post_tag","embeddable":true,"href":"https:\/\/www.europesays.com\/fr\/wp-json\/wp\/v2\/tags?post=565363"}],"curies":[{"name":"wp","href":"https:\/\/api.w.org\/{rel}","templated":true}]}}