{"id":565365,"date":"2025-11-28T22:02:22","date_gmt":"2025-11-28T22:02:22","guid":{"rendered":"https:\/\/www.europesays.com\/fr\/565365\/"},"modified":"2025-11-28T22:02:22","modified_gmt":"2025-11-28T22:02:22","slug":"trente-ans-de-reclusion-pour-un-double-assassinat-sur-fond-de-guerre-des-gangs","status":"publish","type":"post","link":"https:\/\/www.europesays.com\/fr\/565365\/","title":{"rendered":"Trente ans de r\u00e9clusion pour un double assassinat sur fond de guerre des gangs"},"content":{"rendered":"<p>La cour d\u2019assises des Bouches-du-Rh\u00f4ne a rendu vendredi un verdict lourd dans une affaire embl\u00e9matique de la guerre des gangs marseillaise. Deux hommes, Mohamed Seghier et Christopher Aouni, ont \u00e9t\u00e9 reconnus coupables du double <a href=\"https:\/\/www.20minutes.fr\/dossier\/assassinat\" target=\"_blank\" class=\"c-link c-link--is-underlined\" rel=\"noopener\">assassinat<\/a> de Nouri Lakas et Nasser Khellaf, tu\u00e9s le 4\u00a0f\u00e9vrier 2016 sur le parking d\u2019un centre commercial. Malgr\u00e9 leurs d\u00e9n\u00e9gations, les jur\u00e9s ont suivi les r\u00e9quisitions de l\u2019avocate g\u00e9n\u00e9rale.<\/p>\n<p>Cadre de la bande criminelle de <a href=\"https:\/\/www.20minutes.fr\/dossier\/marignane\" target=\"_blank\" class=\"c-link c-link--is-underlined\" rel=\"noopener\">Marignane<\/a>, Mohamed Seghier \u00e9cope de la r\u00e9clusion criminelle \u00e0 perp\u00e9tuit\u00e9, assortie d\u2019une p\u00e9riode de s\u00fbret\u00e9 de 22 ans. Il est \u00e9galement condamn\u00e9 pour la d\u00e9tention d\u2019<a href=\"https:\/\/www.20minutes.fr\/dossier\/armes\" target=\"_blank\" class=\"c-link c-link--is-underlined\" rel=\"noopener\">armes<\/a> d\u00e9couvertes dans un box \u00e0 <a href=\"https:\/\/www.20minutes.fr\/dossier\/aix-provence\" target=\"_blank\" class=\"c-link c-link--is-underlined\" rel=\"noopener\">Aix-en-Provence<\/a>. D\u00e9j\u00e0 sanctionn\u00e9 de trente ans de r\u00e9clusion pour l\u2019assassinat en\u00a02014 de Karim Tir, ancien manager du rappeur Jul, il a reconnu son appartenance au groupe de Marignane tout en affirmant\u00a0: \u00ab\u00a0Ce sont mes amis, mes coll\u00e8gues mais je ne faisais pas les m\u00eames choses qu\u2019eux.\u00a0\u00bb Face aux jur\u00e9s, il a encore plaid\u00e9 son innocence\u00a0: \u00ab\u00a0Je n\u2019ai pas tu\u00e9 Nouri Lakas et son coll\u00e8gue\u2026 Je n\u2019ai pas de sang sur les mains.\u00a0\u00bb Avant le d\u00e9lib\u00e9r\u00e9, il a lanc\u00e9\u00a0: \u00ab\u00a0S\u2019il vous pla\u00eet, je ne suis pas un monstre.\u00a0\u00bb<\/p>\n<\/p>\n<p>D\u2019autres affaires en attente de proc\u00e8s<\/p>\n<p>Christopher Aouni, quant \u00e0 lui, est condamn\u00e9 \u00e0 trente ans de r\u00e9clusion criminelle, avec une p\u00e9riode de s\u00fbret\u00e9 \u00e9quivalant aux deux tiers de la peine. Ses avocats ont d\u00e9nonc\u00e9 une construction accusatoire reposant selon eux sur \u00ab\u00a0des \u00e9l\u00e9ments de t\u00e9l\u00e9phonie erron\u00e9s\u00a0\u00bb et des \u00ab\u00a0analyses fauss\u00e9es\u00a0\u00bb. Ils ont rappel\u00e9 que leur client avait \u00e9t\u00e9 acquitt\u00e9 en f\u00e9vrier\u00a02024 dans une autre affaire d\u2019assassinat. L\u2019accusation d\u00e9crivait pourtant un \u00ab\u00a0tueur \u00e0 gages froid qui ne tremble pas quand il tue\u00a0\u00bb, une image que la d\u00e9fense a contest\u00e9e avec vigueur.<\/p>\n<p><a href=\"https:\/\/www.20minutes.fr\/dossier\/narcotrafiquants\" target=\"_blank\" class=\"c-link c-btn c-btn--primary\" rel=\"noopener\">Notre dossier sur le narcotrafic<\/a><\/p>\n<p>Ce double <a href=\"https:\/\/www.20minutes.fr\/dossier\/homicide\" target=\"_blank\" class=\"c-link c-link--is-underlined\" rel=\"noopener\">homicide<\/a> s\u2019inscrit dans une vendetta meurtri\u00e8re entre plusieurs clans marseillais, opposant depuis\u00a02010 les familles Tir et Berrebouh \u00e0 la famille Remadnia, alli\u00e9e \u00e0 la bande de Marignane. Les avocats de Mohamed Seghier et de Christopher Aouni ont tous deux invoqu\u00e9 le doute quant \u00e0 la participation de leurs clients au commando ayant ouvert le feu sur les deux victimes. L\u2019affaire ne marque pas la fin des proc\u00e9dures pour Christopher Aouni\u00a0: il doit encore compara\u00eetre en\u00a02026 devant trois cours d\u2019assises pour deux autres assassinats et une tentative d\u2019assassinat.<\/p>\n","protected":false},"excerpt":{"rendered":"La cour d\u2019assises des Bouches-du-Rh\u00f4ne a rendu vendredi un verdict lourd dans une affaire embl\u00e9matique de la guerre&hellip;\n","protected":false},"author":2,"featured_media":565366,"comment_status":"","ping_status":"","sticky":false,"template":"","format":"standard","meta":{"footnotes":""},"categories":[2814],"tags":[1111,47,11,7404,6376,6744,885,1777,674,1011,27,3832,303,7067,884,813,12,883,2694,882,25,5158],"class_list":{"0":"post-565365","1":"post","2":"type-post","3":"status-publish","4":"format-standard","5":"has-post-thumbnail","7":"category-marseille","8":"tag-actu","9":"tag-actualite","10":"tag-actualites","11":"tag-aix-en-provence","12":"tag-armes","13":"tag-assassinat","14":"tag-bouches-du-rhone","15":"tag-eu","16":"tag-europe","17":"tag-fr","18":"tag-france","19":"tag-fusillade","20":"tag-justice","21":"tag-marignane","22":"tag-marseille","23":"tag-narcotrafiquants","24":"tag-news","25":"tag-paca","26":"tag-proces","27":"tag-provence-alpes-cote-dazur","28":"tag-republique-francaise","29":"tag-tentative-dassassinat"},"share_on_mastodon":{"url":"https:\/\/pubeurope.com\/@fr\/115629584791324665","error":""},"_links":{"self":[{"href":"https:\/\/www.europesays.com\/fr\/wp-json\/wp\/v2\/posts\/565365","targetHints":{"allow":["GET"]}}],"collection":[{"href":"https:\/\/www.europesays.com\/fr\/wp-json\/wp\/v2\/posts"}],"about":[{"href":"https:\/\/www.europesays.com\/fr\/wp-json\/wp\/v2\/types\/post"}],"author":[{"embeddable":true,"href":"https:\/\/www.europesays.com\/fr\/wp-json\/wp\/v2\/users\/2"}],"replies":[{"embeddable":true,"href":"https:\/\/www.europesays.com\/fr\/wp-json\/wp\/v2\/comments?post=565365"}],"version-history":[{"count":0,"href":"https:\/\/www.europesays.com\/fr\/wp-json\/wp\/v2\/posts\/565365\/revisions"}],"wp:featuredmedia":[{"embeddable":true,"href":"https:\/\/www.europesays.com\/fr\/wp-json\/wp\/v2\/media\/565366"}],"wp:attachment":[{"href":"https:\/\/www.europesays.com\/fr\/wp-json\/wp\/v2\/media?parent=565365"}],"wp:term":[{"taxonomy":"category","embeddable":true,"href":"https:\/\/www.europesays.com\/fr\/wp-json\/wp\/v2\/categories?post=565365"},{"taxonomy":"post_tag","embeddable":true,"href":"https:\/\/www.europesays.com\/fr\/wp-json\/wp\/v2\/tags?post=565365"}],"curies":[{"name":"wp","href":"https:\/\/api.w.org\/{rel}","templated":true}]}}