{"id":565373,"date":"2025-11-28T22:08:17","date_gmt":"2025-11-28T22:08:17","guid":{"rendered":"https:\/\/www.europesays.com\/fr\/565373\/"},"modified":"2025-11-28T22:08:17","modified_gmt":"2025-11-28T22:08:17","slug":"une-nouvelle-incursion-israelienne-dans-le-sud-de-la-syrie-tourne-au-bain-de-sang","status":"publish","type":"post","link":"https:\/\/www.europesays.com\/fr\/565373\/","title":{"rendered":"Une nouvelle incursion isra\u00e9lienne dans le sud de la Syrie tourne au bain de sang"},"content":{"rendered":"<p>                     <img loading=\"lazy\" decoding=\"async\" src=\"https:\/\/www.europesays.com\/fr\/wp-content\/uploads\/2025\/11\/5ba8354_upload-1-nltdt5cfhqh2-lgeai-blesses-israel-23.jpg\" alt=\"Ali Lyad Al-Saadi, 21\u00a0ans, originaire du village de Beit Jinn, attaqu\u00e9 dans la nuit par l'arm\u00e9e isra\u00e9lienne. Il se trouve \u00e0 l\u2019h\u00f4pital Al-Mowasat, \u00e0 Damas, en Syrie, le 28 novembre 2025. \"   width=\"664\" height=\"443\"\/>    Ali Lyad Al-Saadi, 21\u00a0ans, originaire du village de Beit Jinn, attaqu\u00e9 dans la nuit par l&rsquo;arm\u00e9e isra\u00e9lienne. Il se trouve \u00e0 l\u2019h\u00f4pital Al-Mowasat, \u00e0 Damas, en Syrie, le 28 novembre 2025.  LAURENCE GEAI\/MYOP POUR \u00ab\u00a0LE MONDE\u00a0\u00bb                 <\/p>\n<p class=\"article__paragraph  \">Allong\u00e9 dans une chambre de l\u2019h\u00f4pital universitaire Al-Mowasat, \u00e0 Damas, un bras dans le pl\u00e2tre, Ali Iyad Al-Saadi relate sa confrontation avec les forces isra\u00e9liennes dans son village de Beit Jinn, \u00e0 quarante kilom\u00e8tres au sud-ouest de la capitale syrienne, dans la nuit du jeudi\u00a027\u00a0au vendredi 28\u00a0novembre. \u00ab\u00a0A deux heures du matin, les forces isra\u00e9liennes sont arriv\u00e9es, quatre voitures civiles, et un tank en appui. Elles ont arr\u00eat\u00e9 trois jeunes, des civils, raconte le Syrien de 21\u00a0ans, longue barbe noire et bonnet sur la t\u00eate. Avec d\u2019autres jeunes, on a essay\u00e9 de les en emp\u00eacher, mais nous n\u2019avions que des armes l\u00e9g\u00e8res. Les Isra\u00e9liens ont commenc\u00e9 \u00e0 bombarder le village avec des drones, des tanks et de l\u2019artillerie, notamment la mosqu\u00e9e, o\u00f9 des gens \u00e9taient r\u00e9fugi\u00e9s.\u00a0\u00bb<\/p>\n<p>                                   Lire aussi |  <a href=\"https:\/\/www.lemonde.fr\/international\/article\/2025\/11\/28\/les-forces-israeliennes-tuent-dix-personnes-dans-le-sud-de-la-syrie-selon-la-television-d-etat_6655218_3210.html\" class=\"js-article-read-also catcher--favoris__link\" data-premium=\"\" id=\"article-title-3448688\" target=\"_blank\" rel=\"noopener\">Dans le sud de la Syrie, l\u2019arm\u00e9e isra\u00e9lienne tue dix personnes, selon la t\u00e9l\u00e9vision d\u2019Etat<\/a>    <\/p>\n<p>   Lire plus tard  <\/p>\n<p class=\"article__paragraph  \">Treize Syriens, dont des femmes et des enfants, ont \u00e9t\u00e9 tu\u00e9s, et vingt-quatre autres bless\u00e9s durant l\u2019incursion isra\u00e9lienne dans cette localit\u00e9 situ\u00e9e au pied du mont Hermon, selon les m\u00e9dias officiels syriens. L\u2019arm\u00e9e isra\u00e9lienne a fait \u00e9tat d\u2019une incursion de \u00ab\u00a0routine\u00a0\u00bb suivie d\u2019un \u00e9change de tirs, et indiqu\u00e9 que six de ses soldats avaient \u00e9t\u00e9 bless\u00e9s, dont trois gri\u00e8vement. \u00ab\u00a0On a \u00e9t\u00e9 r\u00e9veill\u00e9s par les tirs \u00e0 trois heures du matin. Il y avait 20\u00a0v\u00e9hicules isra\u00e9liens, les tanks n\u2019\u00e9taient pas loin, et des drones. Ils tiraient sur tout ce qui bougeait. Ils ont tu\u00e9 une famille enti\u00e8re en bombardant sa maison\u00a0: un p\u00e8re, une m\u00e8re et leurs deux enfants. Tous les habitants ont fui\u00a0\u00bb, raconte Firas Zaher, 41\u00a0ans, dont le beau-fr\u00e8re, Iyad, a \u00e9t\u00e9 bless\u00e9 par un \u00e9clat d\u2019obus en sortant de chez lui.<\/p>\n<p class=\"reading-mode-only \"><strong>Il vous reste 69.38% de cet article \u00e0 lire. La suite est r\u00e9serv\u00e9e aux abonn\u00e9s.<\/strong><\/p>\n","protected":false},"excerpt":{"rendered":"Ali Lyad Al-Saadi, 21\u00a0ans, originaire du village de Beit Jinn, attaqu\u00e9 dans la nuit par l&rsquo;arm\u00e9e isra\u00e9lienne. Il&hellip;\n","protected":false},"author":2,"featured_media":565374,"comment_status":"","ping_status":"","sticky":false,"template":"","format":"standard","meta":{"footnotes":""},"categories":[1888],"tags":[1111,1928,11,1927,1777,674,1011,27,12,1926,626,1925,25],"class_list":{"0":"post-565373","1":"post","2":"type-post","3":"status-publish","4":"format-standard","5":"has-post-thumbnail","7":"category-paris","8":"tag-actu","9":"tag-actu-paris","10":"tag-actualites","11":"tag-actualites-paris","12":"tag-eu","13":"tag-europe","14":"tag-fr","15":"tag-france","16":"tag-news","17":"tag-news-paris","18":"tag-paris","19":"tag-paris-news","20":"tag-republique-francaise"},"share_on_mastodon":{"url":"https:\/\/pubeurope.com\/@fr\/115629609925993915","error":""},"_links":{"self":[{"href":"https:\/\/www.europesays.com\/fr\/wp-json\/wp\/v2\/posts\/565373","targetHints":{"allow":["GET"]}}],"collection":[{"href":"https:\/\/www.europesays.com\/fr\/wp-json\/wp\/v2\/posts"}],"about":[{"href":"https:\/\/www.europesays.com\/fr\/wp-json\/wp\/v2\/types\/post"}],"author":[{"embeddable":true,"href":"https:\/\/www.europesays.com\/fr\/wp-json\/wp\/v2\/users\/2"}],"replies":[{"embeddable":true,"href":"https:\/\/www.europesays.com\/fr\/wp-json\/wp\/v2\/comments?post=565373"}],"version-history":[{"count":0,"href":"https:\/\/www.europesays.com\/fr\/wp-json\/wp\/v2\/posts\/565373\/revisions"}],"wp:featuredmedia":[{"embeddable":true,"href":"https:\/\/www.europesays.com\/fr\/wp-json\/wp\/v2\/media\/565374"}],"wp:attachment":[{"href":"https:\/\/www.europesays.com\/fr\/wp-json\/wp\/v2\/media?parent=565373"}],"wp:term":[{"taxonomy":"category","embeddable":true,"href":"https:\/\/www.europesays.com\/fr\/wp-json\/wp\/v2\/categories?post=565373"},{"taxonomy":"post_tag","embeddable":true,"href":"https:\/\/www.europesays.com\/fr\/wp-json\/wp\/v2\/tags?post=565373"}],"curies":[{"name":"wp","href":"https:\/\/api.w.org\/{rel}","templated":true}]}}