{"id":565379,"date":"2025-11-28T22:15:30","date_gmt":"2025-11-28T22:15:30","guid":{"rendered":"https:\/\/www.europesays.com\/fr\/565379\/"},"modified":"2025-11-28T22:15:30","modified_gmt":"2025-11-28T22:15:30","slug":"nous-ne-pouvons-pas-nous-permettre-davoir-peur-dune-escalade-nous-devons-etre-fermes-et-si-les-pays-europeens-ripostaient-face-a-la-russie","status":"publish","type":"post","link":"https:\/\/www.europesays.com\/fr\/565379\/","title":{"rendered":"\u00ab\u00a0Nous ne pouvons pas nous permettre d&rsquo;avoir peur d&rsquo;une escalade, nous devons \u00eatre fermes\u00a0\u00bb\u00a0: et si les pays europ\u00e9ens ripostaient face \u00e0 la Russie\u00a0?"},"content":{"rendered":"<p class=\"ap-StoryElement ap-StoryElement--mb ap-StoryText\">Plusieurs pays alli\u00e9s envisageraient ainsi des \u00ab\u00a0op\u00e9rations cyber offensives conjointes et des exercices militaires surprises\u00a0\u00bb, <a href=\"https:\/\/www.politico.eu\/article\/europe-thinks-the-unthinkable-retaliating-against-russia-nato-cyber-hybrid\/\" target=\"_self\" rel=\"noopener\">affirme Politico<\/a>.<\/p>\n<p class=\"ap-StoryElement ap-StoryElement--mb ap-StoryText\">\u00ab\u00a0Les Russes testent constamment les limites \u2014 quelle est la r\u00e9ponse, jusqu&rsquo;o\u00f9 pouvons-nous aller ?\u00a0\u00bb s&rsquo;interroge la ministre lettone des Affaires \u00e9trang\u00e8res, Baiba Bra\u017ee.<\/p>\n<p class=\"ap-StoryElement ap-StoryElement--mb ap-StoryText\">Selon elle, une r\u00e9ponse plus \u00ab\u00a0proactive est n\u00e9cessaire\u00a0\u00bb. \u00ab\u00a0Et ce n&rsquo;est pas en parlant que l&rsquo;on envoie un signal \u2014 c&rsquo;est en agissant\u00a0\u00bb, poursuit Mme Bra\u017ee.<\/p>\n<p class=\"ap-StoryElement ap-StoryElement--mb ap-StoryText\">Avant d&rsquo;ajouter : \u00ab\u00a0Globalement, l&rsquo;Europe et l&rsquo;alliance doivent se demander combien de temps nous sommes pr\u00eats \u00e0 tol\u00e9rer ce type de guerre hybride\u2026 et s&rsquo;il ne faut pas envisager de devenir nous-m\u00eames plus actifs dans ce domaine\u00a0\u00bb.<\/p>\n<p class=\"ap-StoryElement ap-StoryElement--mb ap-StoryText\">Ces derni\u00e8res ann\u00e9es, la Russie est coutumi\u00e8re des attaques hybrides contre des \u00e9tats membres de l&rsquo;Alliance atlantique. Elle a notamment men\u00e9 des <a href=\"https:\/\/www.lalibre.be\/international\/europe\/2021\/09\/21\/la-russie-responsable-de-lassassinat-de-litvinenko-au-royaume-uni-en-2006-selon-la-cedh-P4H25FCOYZCA7KZEXLFV767CHQ\/\" target=\"_self\" rel=\"noopener\">assassinats contre des opposants politiques au Royaume-Uni<\/a>, ou financ\u00e9 la mont\u00e9e des partis d&rsquo;extr\u00eame droite en Europe.<\/p>\n<p><a href=\"https:\/\/www.lalibre.be\/international\/europe\/guerre-ukraine-russie\/2025\/11\/28\/donald-trump-sappreterait-a-livrer-les-territoires-ukrainiens-occupes-a-vladimir-poutine-aucune-personne-saine-desprit-ne-signerait-ce-document-HNHQ7X6CGFGKPPKWRGKIBSLEDQ\/\" target=\"_self\" class=\"ap-StoryInterstitialLink ap-StoryElement ap-StoryElement--mb\" rel=\"noopener\">Donald Trump s&rsquo;appr\u00eaterait \u00e0 livrer les territoires ukrainiens occup\u00e9s \u00e0 Vladimir Poutine : \u00ab\u00a0Aucune personne saine d&rsquo;esprit ne signerait ce document\u00a0\u00bb<\/a>\u00ab\u00a0Nous devons \u00eatre fermes\u00a0\u00bb<\/p>\n<p class=\"ap-StoryElement ap-StoryElement--mb ap-StoryText\">Pour le chef d&rsquo;\u00e9tat-major su\u00e9dois, le g\u00e9n\u00e9ral Michael Claesson, l&rsquo;Europe ne doit pas se laisser faire. \u00ab\u00a0Nous ne pouvons pas nous permettre d&rsquo;avoir peur ni d&rsquo;\u00eatre angoiss\u00e9s par l&rsquo;escalade. Nous devons \u00eatre fermes\u00a0\u00bb.<\/p>\n<p class=\"ap-StoryElement ap-StoryElement--mb ap-StoryText\">Une t\u00e2che qui n&rsquo;est pas simple, puisque la Russie consid\u00e8re l&rsquo;UE et l&rsquo;OTAN comme des rivaux, et que d\u00e9passer certaines lignes rouges du Kremlin appara\u00eet comme dangereux, Moscou \u00e9tant une puissance nucl\u00e9aire.<\/p>\n<p class=\"ap-StoryElement ap-StoryElement--mb ap-StoryText\">Si les pays de l&rsquo;OTAN se sont d\u00e9j\u00e0 engag\u00e9s \u00e0 renforcer leur D\u00e9fense, la rh\u00e9torique semble se muscler en Europe face aux multiples op\u00e9rations de d\u00e9stabilisation russes.<\/p>\n<p class=\"ap-StoryElement ap-StoryElement--mb ap-StoryText\">Il serait maintenant question de viser directement la Russie, par des exercices militaires surprises men\u00e9s par l&rsquo;OTAN, mais aussi via des op\u00e9rations cyber offensives conjointes et des attaques hybrides contre Moscou.<\/p>\n<p class=\"ap-StoryElement ap-StoryElement--mb ap-StoryText\">Le ministre italien de la D\u00e9fense, Guido Crosetto a notamment d\u00e9voil\u00e9 un plan de 125 pages, dans lequel il invite l&rsquo;UE \u00e0 se doter d&rsquo;un \u00ab\u00a0Centre europ\u00e9en de lutte contre la guerre hybride\u00a0\u00bb, une force cyber de 1 500 personnes. Le ministre aimerait \u00e9galement que soient recrut\u00e9s des militaires sp\u00e9cialis\u00e9s dans l&rsquo;intelligence artificielle.<\/p>\n<p><a href=\"https:\/\/www.lalibre.be\/international\/2025\/11\/28\/roustem-oumerov-un-diplomate-au-parcours-fulgurant-qui-incarne-la-transformation-de-lukraine-B775GJCLABB6RO2LZ52UJZLFSM\/\" target=\"_self\" class=\"ap-StoryInterstitialLink ap-StoryElement ap-StoryElement--mb\" rel=\"noopener\">Roustem Oumerov, un diplomate au parcours fulgurant qui incarne la transformation de l&rsquo;Ukraine<\/a>Une question d&rsquo;\u00e9thique ?<\/p>\n<p class=\"ap-StoryElement ap-StoryElement--mb ap-StoryText\">La rh\u00e9torique semble donc changer en Europe, mais peu d&rsquo;actions concr\u00e8tes ont cependant encore \u00e9t\u00e9 mises en place, note Politico.<\/p>\n<p class=\"ap-StoryElement ap-StoryElement--mb ap-StoryText\">Si certains pays de l&rsquo;Alliance, comme la Tch\u00e9quie, le Danemark, ou le Royaume-Uni, utilisent d\u00e9j\u00e0 les attaques cyber offensives, notamment dans la lutte contre l&rsquo;Etat Islamique, c&rsquo;est encore loin d&rsquo;\u00eatre une pratique g\u00e9n\u00e9ralis\u00e9e.<\/p>\n<p class=\"ap-StoryElement ap-StoryElement--mb ap-StoryText\">Pour Kevin Limonier, directeur adjoint du think tank GEODE, cit\u00e9 par nos confr\u00e8res, il est difficile pour les pays europ\u00e9ens de recourir aux m\u00eames m\u00e9thodes que la Russie, car l&rsquo;Europe est attach\u00e9e au respect des normes.<\/p>\n<p class=\"ap-StoryElement ap-StoryElement--mb ap-StoryText\">\u00ab\u00a0Cela soul\u00e8ve une question \u00e9thique et philosophique : des \u00c9tats gouvern\u00e9s par l&rsquo;\u00c9tat de droit peuvent-ils se permettre d&rsquo;utiliser les m\u00eames outils\u2026 et les m\u00eames strat\u00e9gies que les Russes ? \u00ab\u00a0, interroge-t-il.<\/p>\n<p class=\"ap-StoryElement ap-StoryElement--mb ap-StoryText\">\u00ab\u00a0Les r\u00e9ponses asym\u00e9triques font partie de la discussion, mais nous n&rsquo;allons pas nous abaisser aux m\u00eames tactiques que la Russie\u00a0\u00bb, explique par exemple un diplomate de l&rsquo;OTAN \u00e0 Politico.<\/p>\n<p class=\"ap-StoryElement ap-StoryElement--mb ap-StoryText\">Le passage des paroles aux actes est donc encore loin d&rsquo;\u00eatre act\u00e9, m\u00eame si un changement des mentalit\u00e9s semble s&rsquo;op\u00e9rer en Europe.<\/p>\n<p><a href=\"https:\/\/www.lalibre.be\/international\/2025\/11\/27\/le-plan-trump-pour-lukaine-un-processus-serieux-qui-risque-daboutir-a-la-meme-impasse-WZVQ6VQF2VET7ACHT5EBXRUHNU\/\" target=\"_self\" class=\"ap-StoryInterstitialLink ap-StoryElement ap-StoryElement--mb\" rel=\"noopener\">Le \u00ab\u00a0plan Trump\u00a0\u00bb pour l&rsquo;Ukaine : un \u00ab\u00a0processus s\u00e9rieux\u00a0\u00bb qui risque d&rsquo;aboutir \u00e0 la m\u00eame impasse<\/a><\/p>\n","protected":false},"excerpt":{"rendered":"Plusieurs pays alli\u00e9s envisageraient ainsi des \u00ab\u00a0op\u00e9rations cyber offensives conjointes et des exercices militaires surprises\u00a0\u00bb, affirme Politico. \u00ab\u00a0Les&hellip;\n","protected":false},"author":2,"featured_media":565380,"comment_status":"","ping_status":"","sticky":false,"template":"","format":"standard","meta":{"footnotes":""},"categories":[1591],"tags":[11,1887,1227,12,1885,1886,132],"class_list":{"0":"post-565379","1":"post","2":"type-post","3":"status-publish","4":"format-standard","5":"has-post-thumbnail","7":"category-russie","8":"tag-actualites","9":"tag-federation-de-russie","10":"tag-horizontal","11":"tag-news","12":"tag-russia","13":"tag-russian-federation","14":"tag-russie"},"share_on_mastodon":{"url":"https:\/\/pubeurope.com\/@fr\/115629635896662509","error":""},"_links":{"self":[{"href":"https:\/\/www.europesays.com\/fr\/wp-json\/wp\/v2\/posts\/565379","targetHints":{"allow":["GET"]}}],"collection":[{"href":"https:\/\/www.europesays.com\/fr\/wp-json\/wp\/v2\/posts"}],"about":[{"href":"https:\/\/www.europesays.com\/fr\/wp-json\/wp\/v2\/types\/post"}],"author":[{"embeddable":true,"href":"https:\/\/www.europesays.com\/fr\/wp-json\/wp\/v2\/users\/2"}],"replies":[{"embeddable":true,"href":"https:\/\/www.europesays.com\/fr\/wp-json\/wp\/v2\/comments?post=565379"}],"version-history":[{"count":0,"href":"https:\/\/www.europesays.com\/fr\/wp-json\/wp\/v2\/posts\/565379\/revisions"}],"wp:featuredmedia":[{"embeddable":true,"href":"https:\/\/www.europesays.com\/fr\/wp-json\/wp\/v2\/media\/565380"}],"wp:attachment":[{"href":"https:\/\/www.europesays.com\/fr\/wp-json\/wp\/v2\/media?parent=565379"}],"wp:term":[{"taxonomy":"category","embeddable":true,"href":"https:\/\/www.europesays.com\/fr\/wp-json\/wp\/v2\/categories?post=565379"},{"taxonomy":"post_tag","embeddable":true,"href":"https:\/\/www.europesays.com\/fr\/wp-json\/wp\/v2\/tags?post=565379"}],"curies":[{"name":"wp","href":"https:\/\/api.w.org\/{rel}","templated":true}]}}