{"id":565412,"date":"2025-11-28T22:36:15","date_gmt":"2025-11-28T22:36:15","guid":{"rendered":"https:\/\/www.europesays.com\/fr\/565412\/"},"modified":"2025-11-28T22:36:15","modified_gmt":"2025-11-28T22:36:15","slug":"jen-ai-eu-des-frissons-disparu-durant-quatre-siecles-un-tableau-de-rubens-devoile-aux-encheres-a-versailles","status":"publish","type":"post","link":"https:\/\/www.europesays.com\/fr\/565412\/","title":{"rendered":"\u00ab J\u2019en ai eu des frissons \u00bb : disparu durant quatre si\u00e8cles, un tableau de Rubens d\u00e9voil\u00e9 aux ench\u00e8res \u00e0 Versailles"},"content":{"rendered":"<p class=\"paragraph text_align_left lp-f-body-02\">\u00c0 quel montant, le coup de marteau va-t-il s\u2019abattre ? Un million d\u2019euros, deux, beaucoup plus\u2026 En tout cas, les ench\u00e8res qui vont se tenir ce dimanche 30 novembre \u00e0 <a href=\"https:\/\/www.leparisien.fr\/yvelines-78\/versailles-le-pistolet-dhenri-iv-adjuge-65-000-euros-aux-encheres-17-11-2024-IPCWEV6VQVBOPKKKV2HRPFEFWM.php\" target=\"_blank\" rel=\"noreferrer noopener\">l\u2019h\u00f4tel des ventes Osenat \u00e0 Versailles<\/a> (Yvelines), promettent d\u2019\u00eatre exceptionnelles. Ne serait-ce que par l\u2019\u0153uvre pr\u00e9sent\u00e9e et son histoire. Il s\u2019agit d\u2019un tableau de Pierre-Paul Rubens, intitul\u00e9 \u00ab le Christ en croix \u00bb, peint en 1613 et disparu depuis\u2026 quatre si\u00e8cles.<\/p>\n<p class=\"paragraph text_align_left lp-f-body-02\">Il a \u00e9t\u00e9 <a href=\"https:\/\/www.leparisien.fr\/paris-75\/paris-incroyable-decouverte-dun-tableau-de-rubens-que-lon-croyait-disparu-depuis-plusieurs-siecles-10-09-2025-HYN75XSCGNATJOXF7PD64L4MKY.php\" target=\"_self\" rel=\"noopener\">d\u00e9couvert par hasard<\/a> lors d\u2019un inventaire dans un h\u00f4tel parisien en septembre 2024. \u00ab J\u2019ai trouv\u00e9 ce tableau dans une chambre o\u00f9 il \u00e9tait visible de tous, confie ma\u00eetre Jean-Pierre Osenat. Tout de suite, j\u2019ai tilt\u00e9 (sic), mais je ne suis pas expert. \u00bb<\/p>\n","protected":false},"excerpt":{"rendered":"\u00c0 quel montant, le coup de marteau va-t-il s\u2019abattre ? Un million d\u2019euros, deux, beaucoup plus\u2026 En tout&hellip;\n","protected":false},"author":2,"featured_media":565413,"comment_status":"","ping_status":"","sticky":false,"template":"","format":"standard","meta":{"footnotes":""},"categories":[1358],"tags":[1348,1384,1385,872,1386,58,59,1011,27],"class_list":{"0":"post-565412","1":"post","2":"type-post","3":"status-publish","4":"format-standard","5":"has-post-thumbnail","7":"category-arts-et-design","8":"tag-arts","9":"tag-arts-and-design","10":"tag-arts-et-design","11":"tag-culture-et-loisirs","12":"tag-design","13":"tag-divertissement","14":"tag-entertainment","15":"tag-fr","16":"tag-france"},"share_on_mastodon":{"url":"https:\/\/pubeurope.com\/@fr\/115629718469013606","error":""},"_links":{"self":[{"href":"https:\/\/www.europesays.com\/fr\/wp-json\/wp\/v2\/posts\/565412","targetHints":{"allow":["GET"]}}],"collection":[{"href":"https:\/\/www.europesays.com\/fr\/wp-json\/wp\/v2\/posts"}],"about":[{"href":"https:\/\/www.europesays.com\/fr\/wp-json\/wp\/v2\/types\/post"}],"author":[{"embeddable":true,"href":"https:\/\/www.europesays.com\/fr\/wp-json\/wp\/v2\/users\/2"}],"replies":[{"embeddable":true,"href":"https:\/\/www.europesays.com\/fr\/wp-json\/wp\/v2\/comments?post=565412"}],"version-history":[{"count":0,"href":"https:\/\/www.europesays.com\/fr\/wp-json\/wp\/v2\/posts\/565412\/revisions"}],"wp:featuredmedia":[{"embeddable":true,"href":"https:\/\/www.europesays.com\/fr\/wp-json\/wp\/v2\/media\/565413"}],"wp:attachment":[{"href":"https:\/\/www.europesays.com\/fr\/wp-json\/wp\/v2\/media?parent=565412"}],"wp:term":[{"taxonomy":"category","embeddable":true,"href":"https:\/\/www.europesays.com\/fr\/wp-json\/wp\/v2\/categories?post=565412"},{"taxonomy":"post_tag","embeddable":true,"href":"https:\/\/www.europesays.com\/fr\/wp-json\/wp\/v2\/tags?post=565412"}],"curies":[{"name":"wp","href":"https:\/\/api.w.org\/{rel}","templated":true}]}}