{"id":565430,"date":"2025-11-28T22:47:14","date_gmt":"2025-11-28T22:47:14","guid":{"rendered":"https:\/\/www.europesays.com\/fr\/565430\/"},"modified":"2025-11-28T22:47:14","modified_gmt":"2025-11-28T22:47:14","slug":"linterdiction-des-portables-au-lycee-voulue-par-macron-une-mission-impossible-liberation","status":"publish","type":"post","link":"https:\/\/www.europesays.com\/fr\/565430\/","title":{"rendered":"L\u2019interdiction des portables au lyc\u00e9e voulue par Macron, une mission impossible\u00a0? \u2013 Lib\u00e9ration"},"content":{"rendered":"<p class=\"sc-cPiKLX AiZTS text-element\">Bient\u00f4t plus de portables au lyc\u00e9e ? Emmanuel Macron a <a href=\"https:\/\/www.liberation.fr\/societe\/education\/les-telephones-portables-seront-interdits-au-lycee-a-partir-de-la-rentree-prochaine-annonce-emmanuel-macron-20251128_CTEJZGVNVFAWXFZ34BI5DK6RME\/\" target=\"_blank\" rel=\"noreferrer noopener\" title=\"https:\/\/www.liberation.fr\/societe\/education\/les-telephones-portables-seront-interdits-au-lycee-a-partir-de-la-rentree-prochaine-annonce-emmanuel-macron-20251128_CTEJZGVNVFAWXFZ34BI5DK6RME\/\">\u00e9voqu\u00e9 leur interdiction<\/a>, \u00absans doute\u00bb pour la rentr\u00e9e 2026-2027, lors d\u2019un \u00e9change avec les lecteurs des journaux r\u00e9gionaux de l\u2019Est de la France du groupe Ebra \u00e0 Mirecourt, dans les Vosges. <\/p>\n<p class=\"sc-cPiKLX AiZTS text-element\">Le chef de l\u2019Etat a mandat\u00e9 son ministre de l\u2019Education nationale, Edouard Geffray, qui \u00abest en train de regarder \u00e7a\u00bb, a affirm\u00e9 Emmanuel Macron ce vendredi. En se penchant sur la question, le ministre verra bient\u00f4t qu\u2019une interdiction totale semble compliqu\u00e9e, pour ne pas dire illusoire.<\/p>\n<p class=\"sc-cPiKLX AiZTS text-element\">Si les r\u00e8glements int\u00e9rieurs, propres \u00e0 chaque \u00e9tablissement, fixent les modalit\u00e9s d\u2019usage des smartphones, les lyc\u00e9ens ont en g\u00e9n\u00e9ral le droit d\u2019utiliser leur t\u00e9l\u00e9phone portable dans l\u2019enceinte des \u00e9tablissements, hors p\u00e9riode de cours. C\u2019est-\u00e0-dire lors des p\u00e9riodes de r\u00e9cr\u00e9ation ou sur leur temps de pause le midi.<\/p>\n<p class=\"sc-cPiKLX AiZTS text-element\">Dans son \u00e9change de vendredi, le Pr\u00e9sident fait clairement r\u00e9f\u00e9rence \u00e0 la loi de 2018, qui interdit l\u2019usage du t\u00e9l\u00e9phone de la maternelle au coll\u00e8ge. Il souhaite transposer cette r\u00e8gle dans les lyc\u00e9<\/p>\n","protected":false},"excerpt":{"rendered":"Bient\u00f4t plus de portables au lyc\u00e9e ? Emmanuel Macron a \u00e9voqu\u00e9 leur interdiction, \u00absans doute\u00bb pour la rentr\u00e9e&hellip;\n","protected":false},"author":2,"featured_media":565431,"comment_status":"","ping_status":"","sticky":false,"template":"","format":"standard","meta":{"footnotes":""},"categories":[4],"tags":[11,1122,1073,1011,27,28275,12,10918,25],"class_list":{"0":"post-565430","1":"post","2":"type-post","3":"status-publish","4":"format-standard","5":"has-post-thumbnail","7":"category-france","8":"tag-actualites","9":"tag-ecole","10":"tag-emmanuel-macron","11":"tag-fr","12":"tag-france","13":"tag-ministere-de-l-education-nationale","14":"tag-news","15":"tag-rentree-scolaire","16":"tag-republique-francaise"},"share_on_mastodon":{"url":"","error":""},"_links":{"self":[{"href":"https:\/\/www.europesays.com\/fr\/wp-json\/wp\/v2\/posts\/565430","targetHints":{"allow":["GET"]}}],"collection":[{"href":"https:\/\/www.europesays.com\/fr\/wp-json\/wp\/v2\/posts"}],"about":[{"href":"https:\/\/www.europesays.com\/fr\/wp-json\/wp\/v2\/types\/post"}],"author":[{"embeddable":true,"href":"https:\/\/www.europesays.com\/fr\/wp-json\/wp\/v2\/users\/2"}],"replies":[{"embeddable":true,"href":"https:\/\/www.europesays.com\/fr\/wp-json\/wp\/v2\/comments?post=565430"}],"version-history":[{"count":0,"href":"https:\/\/www.europesays.com\/fr\/wp-json\/wp\/v2\/posts\/565430\/revisions"}],"wp:featuredmedia":[{"embeddable":true,"href":"https:\/\/www.europesays.com\/fr\/wp-json\/wp\/v2\/media\/565431"}],"wp:attachment":[{"href":"https:\/\/www.europesays.com\/fr\/wp-json\/wp\/v2\/media?parent=565430"}],"wp:term":[{"taxonomy":"category","embeddable":true,"href":"https:\/\/www.europesays.com\/fr\/wp-json\/wp\/v2\/categories?post=565430"},{"taxonomy":"post_tag","embeddable":true,"href":"https:\/\/www.europesays.com\/fr\/wp-json\/wp\/v2\/tags?post=565430"}],"curies":[{"name":"wp","href":"https:\/\/api.w.org\/{rel}","templated":true}]}}