{"id":565432,"date":"2025-11-28T22:48:18","date_gmt":"2025-11-28T22:48:18","guid":{"rendered":"https:\/\/www.europesays.com\/fr\/565432\/"},"modified":"2025-11-28T22:48:18","modified_gmt":"2025-11-28T22:48:18","slug":"apres-lannonce-dairbus-sur-les-a320-air-france-annule-35-vols-et-easyjet-se-prepare-a-des-perturbations","status":"publish","type":"post","link":"https:\/\/www.europesays.com\/fr\/565432\/","title":{"rendered":"Apr\u00e8s l\u2019annonce d\u2019Airbus sur les A320, Air France annule 35 vols et EasyJet se pr\u00e9pare \u00e0 \u00ab\u00a0des perturbations\u00a0\u00bb"},"content":{"rendered":"<p class=\"paragraph text_align_left lp-f-body-02\">La compagnie a\u00e9rienne Air France a annul\u00e9 35 vols ce vendredi soir \u00e0 la suite de <a href=\"https:\/\/www.leparisien.fr\/economie\/airbus-6000-a320-doivent-arreter-immediatement-les-vols-pour-changer-durgence-un-logiciel-de-commandes-vulnerable-aux-radiations-solaires-28-11-2025-SQZTWUCVO5GELK6BM7TGP7YBYI.php\" target=\"_blank\" rel=\"noreferrer noopener\">la communication d\u2019Airbus<\/a>, qui a annonc\u00e9 le rappel de quelque 6 000 avions A320, l\u2019avion le plus vendu au monde, a appris le Parisien.<\/p>\n<p class=\"paragraph text_align_left lp-f-body-02\">Le programme de vols de la compagnie fran\u00e7aise, \u00e0 jour pour ce vendredi 28 novembre, ne l\u2019est en revanche pas encore pour samedi. <a href=\"https:\/\/www.leparisien.fr\/faits-divers\/proces-en-appel-du-crash-du-rio-paris-en-2009-le-parquet-requiert-une-condamnation-pour-airbus-et-air-france-26-11-2025-V7V26DYX25BEJH57KM5Y32FPMI.php\" target=\"_blank\" rel=\"noreferrer noopener\">Air France<\/a> nous indique que les clients concern\u00e9s par les annulations seront inform\u00e9s individuellement par SMS et e-mail.<\/p>\n<p class=\"paragraph text_align_left lp-f-body-02\">De son c\u00f4t\u00e9, easyJet, qui affirme avoir \u00e9tudi\u00e9 la communication d\u2019Airbus, nous annonce se pr\u00e9parer \u00e0 \u00ab des perturbations \u00bb sans donner plus de pr\u00e9cisions. \u00ab Nous travaillons actuellement en \u00e9troite collaboration avec les autorit\u00e9s de s\u00e9curit\u00e9 et Airbus pour mettre en \u0153uvre les actions n\u00e9cessaires \u00bb, a indiqu\u00e9 la compagnie a\u00e9rienne \u00e0 bas prix.<\/p>\n<p class=\"paragraph text_align_left lp-f-body-02\">\u00ab Nous informerons directement nos clients de tout changement dans notre programme de vol demain et ferons tout notre possible pour limiter l\u2019impact \u00bb, a encore d\u00e9clar\u00e9 easyJet.<\/p>\n<p class=\"paragraph text_align_left lp-f-body-02\">Contact\u00e9e par l\u2019AFP, la compagnie <a href=\"https:\/\/www.leparisien.fr\/faits-divers\/un-grand-boom-un-avion-boeing-737-max-8-prend-feu-avant-de-decoller-a-denver-les-173-passagers-evacues-par-les-toboggans-27-07-2025-BV3W3XE4IRGYBJABJVIX5HGRPY.php\" target=\"_blank\" rel=\"noreferrer noopener\">American Airlines<\/a> s\u2019attend elle \u00e0 \u00ab quelques retards \u00bb li\u00e9s \u00e0 ces ajustements. Sa rivale am\u00e9ricaine United Airlines a assur\u00e9 ne pas \u00eatre \u00ab affect\u00e9e \u00bb par ce d\u00e9faut, sans plus de pr\u00e9cision, bien qu\u2019elle poss\u00e8de plusieurs A320.<\/p>\n<p>\u00ab Arr\u00eater imm\u00e9diatement \u00bb<\/p>\n<p class=\"paragraph text_align_left lp-f-body-02\">Plus t\u00f4t dans la soir\u00e9e, Airbus a annonc\u00e9 le rappel <a href=\"https:\/\/www.leparisien.fr\/economie\/la320-dairbus-detrone-le-boeing-737-comme-avion-le-plus-vendu-au-monde-14-10-2025-5P5VJ4L77FBQHHRAEHXQAWOQFA.php\" target=\"_blank\" rel=\"noreferrer noopener\">de quelque 6 000 avions A320<\/a>, pour remplacer en toute urgence un logiciel de commande vuln\u00e9rable aux radiations solaires apr\u00e8s un incident fin octobre aux \u00c9tats-Unis.<\/p>\n<p class=\"paragraph text_align_left lp-f-body-02\">Le groupe a annonc\u00e9 dans un communiqu\u00e9 avoir demand\u00e9 \u00e0 l\u2019ensemble des clients utilisant ce logiciel \u00ab d\u2019arr\u00eater imm\u00e9diatement les vols \u00bb apr\u00e8s l\u2019analyse de l\u2019incident technique. L\u2019analyse de l\u2019incident a \u00ab r\u00e9v\u00e9l\u00e9 que des radiations solaires intenses pourraient corrompre des donn\u00e9es essentielles au fonctionnement des commandes de vol \u00bb, a rapport\u00e9 le groupe europ\u00e9en.<\/p>\n<p class=\"paragraph text_align_left lp-f-body-02\">Pour la plupart des avions, le changement de logiciel avec sa version pr\u00e9c\u00e9dente prendra \u00ab quelques heures \u00bb. Mais pour quelque 1 000 avions cela impliquera le changement du mat\u00e9riel informatique, \u00ab ce qui prendra des semaines \u00bb, a expliqu\u00e9 \u00e0 l\u2019AFP une source proche du dossier.<\/p>\n<p class=\"paragraph text_align_left lp-f-body-02\">Airbus a reconnu \u00ab que ces recommandations entra\u00eeneront des perturbations op\u00e9rationnelles pour les passagers et les clients \u00bb.<\/p>\n","protected":false},"excerpt":{"rendered":"La compagnie a\u00e9rienne Air France a annul\u00e9 35 vols ce vendredi soir \u00e0 la suite de la communication&hellip;\n","protected":false},"author":2,"featured_media":565433,"comment_status":"","ping_status":"","sticky":false,"template":"","format":"standard","meta":{"footnotes":""},"categories":[2],"tags":[11,898,8936,33,1011,27,12],"class_list":{"0":"post-565432","1":"post","2":"type-post","3":"status-publish","4":"format-standard","5":"has-post-thumbnail","7":"category-actualites","8":"tag-actualites","9":"tag-alerte","10":"tag-breaking-news","11":"tag-economie","12":"tag-fr","13":"tag-france","14":"tag-news"},"share_on_mastodon":{"url":"https:\/\/pubeurope.com\/@fr\/115629765656911268","error":""},"_links":{"self":[{"href":"https:\/\/www.europesays.com\/fr\/wp-json\/wp\/v2\/posts\/565432","targetHints":{"allow":["GET"]}}],"collection":[{"href":"https:\/\/www.europesays.com\/fr\/wp-json\/wp\/v2\/posts"}],"about":[{"href":"https:\/\/www.europesays.com\/fr\/wp-json\/wp\/v2\/types\/post"}],"author":[{"embeddable":true,"href":"https:\/\/www.europesays.com\/fr\/wp-json\/wp\/v2\/users\/2"}],"replies":[{"embeddable":true,"href":"https:\/\/www.europesays.com\/fr\/wp-json\/wp\/v2\/comments?post=565432"}],"version-history":[{"count":0,"href":"https:\/\/www.europesays.com\/fr\/wp-json\/wp\/v2\/posts\/565432\/revisions"}],"wp:featuredmedia":[{"embeddable":true,"href":"https:\/\/www.europesays.com\/fr\/wp-json\/wp\/v2\/media\/565433"}],"wp:attachment":[{"href":"https:\/\/www.europesays.com\/fr\/wp-json\/wp\/v2\/media?parent=565432"}],"wp:term":[{"taxonomy":"category","embeddable":true,"href":"https:\/\/www.europesays.com\/fr\/wp-json\/wp\/v2\/categories?post=565432"},{"taxonomy":"post_tag","embeddable":true,"href":"https:\/\/www.europesays.com\/fr\/wp-json\/wp\/v2\/tags?post=565432"}],"curies":[{"name":"wp","href":"https:\/\/api.w.org\/{rel}","templated":true}]}}