{"id":565444,"date":"2025-11-28T22:56:29","date_gmt":"2025-11-28T22:56:29","guid":{"rendered":"https:\/\/www.europesays.com\/fr\/565444\/"},"modified":"2025-11-28T22:56:29","modified_gmt":"2025-11-28T22:56:29","slug":"top-14-les-compositions-de-toulon-montauban-premiere-titularisation-pour-leo-ametlla-tomas-lezana-sur-le-pont","status":"publish","type":"post","link":"https:\/\/www.europesays.com\/fr\/565444\/","title":{"rendered":"Top 14 &#8211; Les compositions de Toulon &#8211; Montauban : premi\u00e8re titularisation pour L\u00e9o Ametlla, Tom\u00e1s Lezana sur le pont"},"content":{"rendered":"<p>\n                Toulon re\u00e7oit Montauban ce samedi lors d&rsquo;un match de la onzi\u00e8me journ\u00e9e de Top 14. Le pilier varois\u00a0L\u00e9o Ametlla conna\u00eetra sa premi\u00e8re titularisation chez les pros, tandis que\u00a0Tom\u00e1s Lezana sera flanker pour l&rsquo;USM.\n            <\/p>\n<p><strong>Le XV de d\u00e9part de Toulon :<\/strong> 15. Fert\u00e9\u2005; 14. Dr\u00e9an, 13. Sma\u00efli, 12. Sinzelle, 11. Tuicuvu\u2005; 10. Garcia, 9. Serin\u2005; 7. Abadie, 8. Mercer, 6. Ludlam\u2005; 5. Javakhia, 4. Ribbans (cap.)\u2005; 3. Priso, 2. Baubigny, 1. Ametlla.<\/p>\n<p>Rempla\u00e7ants\u2005: 16. Damond, 17. D. Brennan, 18. Alainu\u2019uese, 19. Mezou, 20. Quere Karaba, 21. Coulon, 22. Cowie, 23.Sinckler.<\/p>\n<p><strong>Le XV de d\u00e9part de Montauban : <\/strong>15. Mouchous\u2005; 14. Vici, 13. Espeut (cap.), 12. Mathy, 11.Vall\u00e9e\u2005; 10. Fortunel, 9. Powell\u2005; 7. Fifita, 8. Wilkins, 6. Lezana\u2005; 5. Ma\u2019afu, 4. Bitz\u2005; 3. Pomponio, 2. Greyling, 1. Aouf.<\/p>\n<p>Rempla\u00e7ants\u2005: 16. Maurouard, 17. Seyrolle, 18. Uanivi, 19. Ringuet, 20. Quercy, 21. Zabalza, 22. Ahmed, 23. Simutoga.<\/p>\n","protected":false},"excerpt":{"rendered":"Toulon re\u00e7oit Montauban ce samedi lors d&rsquo;un match de la onzi\u00e8me journ\u00e9e de Top 14. Le pilier varois\u00a0L\u00e9o&hellip;\n","protected":false},"author":2,"featured_media":565445,"comment_status":"","ping_status":"","sticky":false,"template":"","format":"standard","meta":{"footnotes":""},"categories":[9619],"tags":[1111,11,1777,674,1011,27,12,882,25,2310],"class_list":{"0":"post-565444","1":"post","2":"type-post","3":"status-publish","4":"format-standard","5":"has-post-thumbnail","7":"category-toulon","8":"tag-actu","9":"tag-actualites","10":"tag-eu","11":"tag-europe","12":"tag-fr","13":"tag-france","14":"tag-news","15":"tag-provence-alpes-cote-dazur","16":"tag-republique-francaise","17":"tag-toulon"},"share_on_mastodon":{"url":"https:\/\/pubeurope.com\/@fr\/115629797295089795","error":""},"_links":{"self":[{"href":"https:\/\/www.europesays.com\/fr\/wp-json\/wp\/v2\/posts\/565444","targetHints":{"allow":["GET"]}}],"collection":[{"href":"https:\/\/www.europesays.com\/fr\/wp-json\/wp\/v2\/posts"}],"about":[{"href":"https:\/\/www.europesays.com\/fr\/wp-json\/wp\/v2\/types\/post"}],"author":[{"embeddable":true,"href":"https:\/\/www.europesays.com\/fr\/wp-json\/wp\/v2\/users\/2"}],"replies":[{"embeddable":true,"href":"https:\/\/www.europesays.com\/fr\/wp-json\/wp\/v2\/comments?post=565444"}],"version-history":[{"count":0,"href":"https:\/\/www.europesays.com\/fr\/wp-json\/wp\/v2\/posts\/565444\/revisions"}],"wp:featuredmedia":[{"embeddable":true,"href":"https:\/\/www.europesays.com\/fr\/wp-json\/wp\/v2\/media\/565445"}],"wp:attachment":[{"href":"https:\/\/www.europesays.com\/fr\/wp-json\/wp\/v2\/media?parent=565444"}],"wp:term":[{"taxonomy":"category","embeddable":true,"href":"https:\/\/www.europesays.com\/fr\/wp-json\/wp\/v2\/categories?post=565444"},{"taxonomy":"post_tag","embeddable":true,"href":"https:\/\/www.europesays.com\/fr\/wp-json\/wp\/v2\/tags?post=565444"}],"curies":[{"name":"wp","href":"https:\/\/api.w.org\/{rel}","templated":true}]}}