{"id":565462,"date":"2025-11-28T23:13:37","date_gmt":"2025-11-28T23:13:37","guid":{"rendered":"https:\/\/www.europesays.com\/fr\/565462\/"},"modified":"2025-11-28T23:13:37","modified_gmt":"2025-11-28T23:13:37","slug":"un-nouveau-cafe-boutique-canin-ouvre-aujourdhui-a-strasbourg","status":"publish","type":"post","link":"https:\/\/www.europesays.com\/fr\/565462\/","title":{"rendered":"un nouveau caf\u00e9-boutique canin ouvre aujourd\u2019hui \u00e0 Strasbourg !"},"content":{"rendered":"<p>    <img loading=\"lazy\" width=\"1800\" height=\"900\" src=\"https:\/\/www.europesays.com\/fr\/wp-content\/uploads\/2025\/11\/jeanne-callthepolice.jpg\" class=\"attachment-full size-full\" alt=\"\" id=\"imageLove\" decoding=\"async\"  \/><\/p>\n<p id=\"breadcrumbs\"><a href=\"https:\/\/pokaa.fr\/\" target=\"_blank\" rel=\"noopener\">Accueil<\/a> \/ <a href=\"https:\/\/pokaa.fr\/categories\/strasbourg\/\" target=\"_blank\" rel=\"noopener\">Strasbourg<\/a> \/ Paradis pour chiens : un nouveau caf\u00e9-boutique canin ouvre aujourd\u2019hui \u00e0 Strasbourg !<\/p>\n<p>                    Strasbourg<\/p>\n<p><strong>Aujourd\u2019hui, samedi 29 novembre \u00e0 14h, une boutique d\u00e9di\u00e9e \u00e0 nos amis les toutous ouvre au 39 quai des Bateliers. Accessoires, lifestyle, alimentation, v\u00eatements, et m\u00eame caf\u00e9 dog-friendly, c\u2019est un concept store d\u00e9cid\u00e9ment pas comme les autres, appel\u00e9 Dog Society, qui d\u00e9barque \u00e0 Strasbourg.<\/strong><\/p>\n<p>Alors que le march\u00e9 de No\u00ebl a d\u00e9but\u00e9 en fanfare, <strong>les nouveaut\u00e9s continuent d\u2019affluer \u00e0 Strasbourg<\/strong>, m\u00eame au centre-ville.<\/p>\n<p><strong>On vous montre les premi\u00e8res images, <\/strong>prises deux jours avant son ouverture, de <strong>cette petite boutique d\u00e9di\u00e9e \u00e0 nos amies les b\u00eates appel\u00e9e Dog Society<\/strong>, qui remplace le magasin de v\u00eatements Au Pays de Jade.<\/p>\n<p>                <img width=\"375\" height=\"500\" src=\"https:\/\/www.europesays.com\/fr\/wp-content\/uploads\/2025\/11\/dog-society-boutique-chien-strasbourgimg-9239-375x500.jpeg\" class=\"attachment-gallery size-gallery\" alt=\"Dog Society boutique chien strasbourgIMG_9239\" data-full-url=\"https:\/\/pokaa.fr\/wp-content\/uploads\/2025\/11\/27\/dog-society-boutique-chien-strasbourgimg-9239.jpeg\" decoding=\"async\" loading=\"lazy\"  \/>            <\/p>\n<p>                <img width=\"375\" height=\"500\" src=\"https:\/\/www.europesays.com\/fr\/wp-content\/uploads\/2025\/11\/dog-society-boutique-chien-strasbourgimg-9216-2-375x500.jpeg\" class=\"attachment-gallery size-gallery\" alt=\"Dog Society boutique chien strasbourgIMG_9216 2\" data-full-url=\"https:\/\/pokaa.fr\/wp-content\/uploads\/2025\/11\/27\/dog-society-boutique-chien-strasbourgimg-9216-2.jpeg\" decoding=\"async\" loading=\"lazy\"  \/>            <\/p>\n<p>                <img width=\"375\" height=\"500\" src=\"https:\/\/www.europesays.com\/fr\/wp-content\/uploads\/2025\/11\/dog-society-boutique-chien-strasbourgimg-9268-375x500.jpeg\" class=\"attachment-gallery size-gallery\" alt=\"Dog Society boutique chien strasbourgIMG_9268\" data-full-url=\"https:\/\/pokaa.fr\/wp-content\/uploads\/2025\/11\/27\/dog-society-boutique-chien-strasbourgimg-9268.jpeg\" decoding=\"async\" loading=\"lazy\"  \/>            <\/p>\n<p>                <img width=\"375\" height=\"500\" src=\"https:\/\/www.europesays.com\/fr\/wp-content\/uploads\/2025\/11\/dog-society-boutique-chien-strasbourgimg-9198-2-375x500.jpeg\" class=\"attachment-gallery size-gallery\" alt=\"Dog Society boutique chien strasbourgIMG_9198 2\" data-full-url=\"https:\/\/pokaa.fr\/wp-content\/uploads\/2025\/11\/27\/dog-society-boutique-chien-strasbourgimg-9198-2.jpeg\" decoding=\"async\" loading=\"lazy\"  \/>            <\/p>\n<p>                <img width=\"375\" height=\"500\" src=\"https:\/\/www.europesays.com\/fr\/wp-content\/uploads\/2025\/11\/dog-society-boutique-chien-strasbourgimg-9214-375x500.jpeg\" class=\"attachment-gallery size-gallery\" alt=\"Dog Society boutique chien strasbourgIMG_9214\" data-full-url=\"https:\/\/pokaa.fr\/wp-content\/uploads\/2025\/11\/27\/dog-society-boutique-chien-strasbourgimg-9214.jpeg\" decoding=\"async\" loading=\"lazy\"  \/>            <\/p>\n<p>                    \u00a9 Bastien Pietronave \/ Pokaa<\/p>\n<p>Une boutique haut de gamme pour les toutous, un caf\u00e9 pour les humains<\/p>\n<p><strong>N\u00e9e d\u2019un amour pour leurs deux chiens<\/strong>, l\u2019id\u00e9e d\u2019ouvrir<strong> une boutique d\u00e9di\u00e9e \u00e0 l\u2019univers canin<\/strong> trottait dans la t\u00eate d\u2019Alix et Avicenne depuis des ann\u00e9es d\u00e9j\u00e0.<\/p>\n<p><strong>Apr\u00e8s avoir imagin\u00e9 un univers qui leur est d\u00e9di\u00e9<\/strong> pendant de longs mois, tous les deux ont enfin ouvert <strong>leur concept store<\/strong>, et on ne parle pas d\u2019une simple boutique, car <strong>un coin caf\u00e9 est \u00e9galement propos\u00e9.<\/strong><\/p>\n<p>                <img width=\"375\" height=\"500\" src=\"https:\/\/www.europesays.com\/fr\/wp-content\/uploads\/2025\/11\/dog-society-boutique-chien-strasbourgimg-9207-375x500.jpeg\" class=\"attachment-gallery size-gallery\" alt=\"Dog Society boutique chien strasbourgIMG_9207\" data-full-url=\"https:\/\/pokaa.fr\/wp-content\/uploads\/2025\/11\/27\/dog-society-boutique-chien-strasbourgimg-9207.jpeg\" decoding=\"async\" loading=\"lazy\"  \/>            <\/p>\n<p>                <img width=\"408\" height=\"500\" src=\"https:\/\/www.europesays.com\/fr\/wp-content\/uploads\/2025\/11\/dog-society-boutique-chien-strasbourgimg-9226-408x500.jpeg\" class=\"attachment-gallery size-gallery\" alt=\"Dog Society boutique chien strasbourgIMG_9226\" data-full-url=\"https:\/\/pokaa.fr\/wp-content\/uploads\/2025\/11\/27\/dog-society-boutique-chien-strasbourgimg-9226.jpeg\" decoding=\"async\" loading=\"lazy\"  \/>            <\/p>\n<p>                <img width=\"375\" height=\"500\" src=\"https:\/\/www.europesays.com\/fr\/wp-content\/uploads\/2025\/11\/dog-society-boutique-chien-strasbourgimg-9205-2-375x500.jpeg\" class=\"attachment-gallery size-gallery\" alt=\"Dog Society boutique chien strasbourgIMG_9205 2\" data-full-url=\"https:\/\/pokaa.fr\/wp-content\/uploads\/2025\/11\/27\/dog-society-boutique-chien-strasbourgimg-9205-2.jpeg\" decoding=\"async\" loading=\"lazy\"  \/>            <\/p>\n<p>                <img width=\"375\" height=\"500\" src=\"https:\/\/www.europesays.com\/fr\/wp-content\/uploads\/2025\/11\/dog-society-boutique-chien-strasbourgimg-9209-375x500.jpeg\" class=\"attachment-gallery size-gallery\" alt=\"Dog Society boutique chien strasbourgIMG_9209\" data-full-url=\"https:\/\/pokaa.fr\/wp-content\/uploads\/2025\/11\/27\/dog-society-boutique-chien-strasbourgimg-9209.jpeg\" decoding=\"async\" loading=\"lazy\"  \/>            <\/p>\n<p>                <img width=\"375\" height=\"500\" src=\"https:\/\/www.europesays.com\/fr\/wp-content\/uploads\/2025\/11\/dog-society-boutique-chien-strasbourgimg-9244-375x500.jpeg\" class=\"attachment-gallery size-gallery\" alt=\"Dog Society boutique chien strasbourgIMG_9244\" data-full-url=\"https:\/\/pokaa.fr\/wp-content\/uploads\/2025\/11\/27\/dog-society-boutique-chien-strasbourgimg-9244.jpeg\" decoding=\"async\" loading=\"lazy\"  \/>            <\/p>\n<p>                    \u00a9 Bastien Pietronave \/ Pokaa<\/p>\n<p>Pour les chiens, <strong>on retrouve des accessoires en tout genre<\/strong>. Des colliers \u00e0 personnaliser <strong>avec des broderies faites main sur place<\/strong>, des produits d\u2019hygi\u00e8ne, <strong>des paniers<\/strong>, des brosses, <strong>des accessoires de transport et de portage<\/strong>, et m\u00eame des doudounes, <strong>des sweats et des polaires : il y a de quoi rhabiller son chien pour l\u2019hiver<\/strong>.<\/p>\n<p>Bien s\u00fbr, la gamme devrait continuer de grandir au fil des semaines, avec notamment <strong>l\u2019arriv\u00e9e de sacs et d\u2019accessoires en cuir haut de gamme. <\/strong>Et si Dog Society peut se targuer d\u2019\u00eatre un concept store, c\u2019est <strong>parce que la boutique est aussi un caf\u00e9, pour humain cette fois-ci.<\/strong><\/p>\n<p>                <img width=\"375\" height=\"500\" src=\"https:\/\/www.europesays.com\/fr\/wp-content\/uploads\/2025\/11\/dog-society-boutique-chien-strasbourgimg-9208-375x500.jpeg\" class=\"attachment-gallery size-gallery\" alt=\"Dog Society boutique chien strasbourgIMG_9208\" data-full-url=\"https:\/\/pokaa.fr\/wp-content\/uploads\/2025\/11\/27\/dog-society-boutique-chien-strasbourgimg-9208.jpeg\" decoding=\"async\" loading=\"lazy\"  \/>            <\/p>\n<p>                <img width=\"375\" height=\"500\" src=\"https:\/\/www.europesays.com\/fr\/wp-content\/uploads\/2025\/11\/dog-society-boutique-chien-strasbourgimg-9212-375x500.jpeg\" class=\"attachment-gallery size-gallery\" alt=\"Dog Society boutique chien strasbourgIMG_9212\" data-full-url=\"https:\/\/pokaa.fr\/wp-content\/uploads\/2025\/11\/27\/dog-society-boutique-chien-strasbourgimg-9212.jpeg\" decoding=\"async\" loading=\"lazy\"  \/>            <\/p>\n<p>                <img width=\"375\" height=\"500\" src=\"https:\/\/www.europesays.com\/fr\/wp-content\/uploads\/2025\/11\/dog-society-boutique-chien-strasbourgimg-9222-375x500.jpeg\" class=\"attachment-gallery size-gallery\" alt=\"Dog Society boutique chien strasbourgIMG_9222\" data-full-url=\"https:\/\/pokaa.fr\/wp-content\/uploads\/2025\/11\/27\/dog-society-boutique-chien-strasbourgimg-9222.jpeg\" decoding=\"async\" loading=\"lazy\"  \/>            <\/p>\n<p>                <img width=\"375\" height=\"500\" src=\"https:\/\/www.europesays.com\/fr\/wp-content\/uploads\/2025\/11\/dog-society-boutique-chien-strasbourgimg-9221-375x500.jpeg\" class=\"attachment-gallery size-gallery\" alt=\"Dog Society boutique chien strasbourgIMG_9221\" data-full-url=\"https:\/\/pokaa.fr\/wp-content\/uploads\/2025\/11\/27\/dog-society-boutique-chien-strasbourgimg-9221.jpeg\" decoding=\"async\" loading=\"lazy\"  \/>            <\/p>\n<p>                <img width=\"375\" height=\"500\" src=\"https:\/\/www.europesays.com\/fr\/wp-content\/uploads\/2025\/11\/dog-society-boutique-chien-strasbourgimg-9249-2-375x500.jpeg\" class=\"attachment-gallery size-gallery\" alt=\"Dog Society boutique chien strasbourgIMG_9249 2\" data-full-url=\"https:\/\/pokaa.fr\/wp-content\/uploads\/2025\/11\/27\/dog-society-boutique-chien-strasbourgimg-9249-2.jpeg\" decoding=\"async\" loading=\"lazy\"  \/>            <\/p>\n<p>                <img width=\"375\" height=\"500\" src=\"https:\/\/www.europesays.com\/fr\/wp-content\/uploads\/2025\/11\/dog-society-boutique-chien-strasbourgimg-9251-375x500.jpeg\" class=\"attachment-gallery size-gallery\" alt=\"Dog Society boutique chien strasbourgIMG_9251\" data-full-url=\"https:\/\/pokaa.fr\/wp-content\/uploads\/2025\/11\/27\/dog-society-boutique-chien-strasbourgimg-9251.jpeg\" decoding=\"async\" loading=\"lazy\"  \/>            <\/p>\n<p>                    \u00a9 Bastien Pietronave \/ Pokaa<\/p>\n<p>Caf\u00e9, cappuccino ou latte macchiato, th\u00e9s ou softs, la carte est modeste mais <strong>elle a vocation \u00e0 rassembler les amoureux\/ses des chiens dans un petit univers qui leur est d\u00e9di\u00e9<\/strong>. Au printemps, <strong>une terrasse accueillera \u00e9galement tout ce beau monde<\/strong> au milieu de<strong> cette zone pi\u00e9tonne tr\u00e8s pris\u00e9e par les dogs et leurs ma\u00eetres(ses).<\/strong><\/p>\n<p>D\u00e8s aujourd\u2019hui, vous pouvez venir jeter un \u0153il \u00e0 <strong>ce caf\u00e9-boutique d\u2019un nouveau genre<\/strong>,\u00a0qui accueille aussi bien <strong>nos amies les b\u00eates que les amoureux\/ses de chiens. <\/strong>En plus, <strong>une petite friandise de bienvenue sera propos\u00e9e aux chiens <\/strong>jusqu\u2019\u00e0 la fin du mois de d\u00e9cembre.<\/p>\n<p>                <img width=\"375\" height=\"500\" src=\"https:\/\/www.europesays.com\/fr\/wp-content\/uploads\/2025\/11\/dog-society-boutique-chien-strasbourgimg-9217-375x500.jpeg\" class=\"attachment-gallery size-gallery\" alt=\"Dog Society boutique chien strasbourgIMG_9217\" data-full-url=\"https:\/\/pokaa.fr\/wp-content\/uploads\/2025\/11\/27\/dog-society-boutique-chien-strasbourgimg-9217.jpeg\" decoding=\"async\" loading=\"lazy\"  \/>            <\/p>\n<p>                <img width=\"375\" height=\"500\" src=\"https:\/\/www.europesays.com\/fr\/wp-content\/uploads\/2025\/11\/dog-society-boutique-chien-strasbourgimg-9200-2-375x500.jpeg\" class=\"attachment-gallery size-gallery\" alt=\"Dog Society boutique chien strasbourgIMG_9200 2\" data-full-url=\"https:\/\/pokaa.fr\/wp-content\/uploads\/2025\/11\/27\/dog-society-boutique-chien-strasbourgimg-9200-2.jpeg\" decoding=\"async\" loading=\"lazy\"  \/>            <\/p>\n<p>                <img width=\"375\" height=\"500\" src=\"https:\/\/www.europesays.com\/fr\/wp-content\/uploads\/2025\/11\/dog-society-boutique-chien-strasbourgimg-9247-375x500.jpeg\" class=\"attachment-gallery size-gallery\" alt=\"Dog Society boutique chien strasbourgIMG_9247\" data-full-url=\"https:\/\/pokaa.fr\/wp-content\/uploads\/2025\/11\/27\/dog-society-boutique-chien-strasbourgimg-9247.jpeg\" decoding=\"async\" loading=\"lazy\"  \/>            <\/p>\n<p>                <img width=\"375\" height=\"500\" src=\"https:\/\/www.europesays.com\/fr\/wp-content\/uploads\/2025\/11\/dog-society-boutique-chien-strasbourgimg-9265-2-375x500.jpeg\" class=\"attachment-gallery size-gallery\" alt=\"Dog Society boutique chien strasbourgIMG_9265 2\" data-full-url=\"https:\/\/pokaa.fr\/wp-content\/uploads\/2025\/11\/27\/dog-society-boutique-chien-strasbourgimg-9265-2.jpeg\" decoding=\"async\" loading=\"lazy\"  \/>            <\/p>\n<p>                <img width=\"451\" height=\"500\" src=\"https:\/\/www.europesays.com\/fr\/wp-content\/uploads\/2025\/11\/dog-society-boutique-chien-strasbourgimg-9257-451x500.jpeg\" class=\"attachment-gallery size-gallery\" alt=\"Dog Society boutique chien strasbourgIMG_9257\" data-full-url=\"https:\/\/pokaa.fr\/wp-content\/uploads\/2025\/11\/27\/dog-society-boutique-chien-strasbourgimg-9257.jpeg\" decoding=\"async\" loading=\"lazy\"  \/>            <\/p>\n<p>                <img width=\"375\" height=\"500\" src=\"https:\/\/www.europesays.com\/fr\/wp-content\/uploads\/2025\/11\/dog-society-boutique-chien-strasbourgimg-9253-375x500.jpeg\" class=\"attachment-gallery size-gallery\" alt=\"Dog Society boutique chien strasbourgIMG_9253\" data-full-url=\"https:\/\/pokaa.fr\/wp-content\/uploads\/2025\/11\/27\/dog-society-boutique-chien-strasbourgimg-9253-1500x2000.jpeg\" decoding=\"async\" loading=\"lazy\"  \/>            <\/p>\n<p>                    \u00a9 Bastien Pietronave \/ Pokaa<\/p>\n<p>            Dog Society <\/p>\n<p>            Quoi ?<br \/>\n            Boutique autour de l&rsquo;univers canin \/ caf\u00e9        <\/p>\n<p>            o\u00f9 ?<br \/>\n            39 quai des Bateliers, \u00e0 Strasbourg        <\/p>\n<p>                Plus d&rsquo;infos ?<\/p>\n<p><strong><a href=\"https:\/\/www.google.com\/url?sa=t&amp;source=web&amp;rct=j&amp;opi=89978449&amp;url=https:\/\/www.instagram.com\/dogsociety.fr\/&amp;ved=2ahUKEwipi-bI0ZKRAxWvTKQEHWffNj4QFnoECBkQAQ&amp;usg=AOvVaw0Ow-Zja9neU4c2qPe97JrP\" target=\"_blank\" rel=\"noopener\">La page Instagram<\/a><\/strong><\/p>\n<p><strong>T\u00e9l : 03 69 61 93 51<\/strong><\/p>\n<p><script async src=\"\/\/www.instagram.com\/embed.js\"><\/script><\/p>\n","protected":false},"excerpt":{"rendered":"Accueil \/ Strasbourg \/ Paradis pour chiens : un nouveau caf\u00e9-boutique canin ouvre aujourd\u2019hui \u00e0 Strasbourg ! Strasbourg&hellip;\n","protected":false},"author":2,"featured_media":565463,"comment_status":"","ping_status":"","sticky":false,"template":"","format":"standard","meta":{"footnotes":""},"categories":[2820],"tags":[1111,11,68108,11647,68109,1777,674,1011,27,775,12,68110,25,640],"class_list":{"0":"post-565462","1":"post","2":"type-post","3":"status-publish","4":"format-standard","5":"has-post-thumbnail","7":"category-strasbourg","8":"tag-actu","9":"tag-actualites","10":"tag-animalerie","11":"tag-boutique","12":"tag-dog-society","13":"tag-eu","14":"tag-europe","15":"tag-fr","16":"tag-france","17":"tag-grand-est","18":"tag-news","19":"tag-pour-chien","20":"tag-republique-francaise","21":"tag-strasbourg"},"share_on_mastodon":{"url":"https:\/\/pubeurope.com\/@fr\/115629867631833295","error":""},"_links":{"self":[{"href":"https:\/\/www.europesays.com\/fr\/wp-json\/wp\/v2\/posts\/565462","targetHints":{"allow":["GET"]}}],"collection":[{"href":"https:\/\/www.europesays.com\/fr\/wp-json\/wp\/v2\/posts"}],"about":[{"href":"https:\/\/www.europesays.com\/fr\/wp-json\/wp\/v2\/types\/post"}],"author":[{"embeddable":true,"href":"https:\/\/www.europesays.com\/fr\/wp-json\/wp\/v2\/users\/2"}],"replies":[{"embeddable":true,"href":"https:\/\/www.europesays.com\/fr\/wp-json\/wp\/v2\/comments?post=565462"}],"version-history":[{"count":0,"href":"https:\/\/www.europesays.com\/fr\/wp-json\/wp\/v2\/posts\/565462\/revisions"}],"wp:featuredmedia":[{"embeddable":true,"href":"https:\/\/www.europesays.com\/fr\/wp-json\/wp\/v2\/media\/565463"}],"wp:attachment":[{"href":"https:\/\/www.europesays.com\/fr\/wp-json\/wp\/v2\/media?parent=565462"}],"wp:term":[{"taxonomy":"category","embeddable":true,"href":"https:\/\/www.europesays.com\/fr\/wp-json\/wp\/v2\/categories?post=565462"},{"taxonomy":"post_tag","embeddable":true,"href":"https:\/\/www.europesays.com\/fr\/wp-json\/wp\/v2\/tags?post=565462"}],"curies":[{"name":"wp","href":"https:\/\/api.w.org\/{rel}","templated":true}]}}